{"id":10058,"date":"2020-09-24T19:22:50","date_gmt":"2020-09-24T17:22:50","guid":{"rendered":"http:\/\/www.nievesviesca.com\/blog\/?p=10058"},"modified":"2020-09-26T20:20:18","modified_gmt":"2020-09-26T18:20:18","slug":"la-prensa-cxv","status":"publish","type":"post","link":"https:\/\/www.nievesviesca.com\/blog\/2020\/09\/24\/la-prensa-cxv\/","title":{"rendered":"La Prensa (CXV)"},"content":{"rendered":"<p>&nbsp;<\/p>\n<div class=\"\" dir=\"auto\">\n<div id=\"jsc_c_21\" class=\"ecm0bbzt hv4rvrfc ihqw7lf3 dati1w0a\" data-ad-comet-preview=\"message\" data-ad-preview=\"message\">\n<div class=\"j83agx80 cbu4d94t ew0dbk1b irj2b8pg\">\n<div class=\"qzhwtbm6 knvmm38d\">\n<div class=\"kvgmc6g5 cxmmr5t8 oygrvhab hcukyx3x c1et5uql ii04i59q\">\n<h1 dir=\"auto\"><\/h1>\n<h2 style=\"text-align: center;\"><a href=\"https:\/\/www.facebook.com\/FeriaLibroXixon\/\"><span style=\"color: #0000ff;\">FERIA DEL LIBRO DE GIJ\u00d3N <\/span>(2020)<\/a><\/h2>\n<p>&nbsp;<\/p>\n<h1 dir=\"auto\" style=\"text-align: center;\"><span style=\"color: #000000;\">Amigos Lectores, del alba al crep\u00fasculo sois mi mejor libro.<\/span><\/h1>\n<p>&nbsp;<\/p>\n<h3><\/h3>\n<\/div>\n<p><a href=\"https:\/\/i0.wp.com\/www.nievesviesca.com\/blog\/wp-content\/uploads\/2020\/09\/FERIA-DEL-LIBRO-GIJON-2020-1.jpg?ssl=1\"><img decoding=\"async\" loading=\"lazy\" class=\"aligncenter wp-image-10059\" src=\"https:\/\/i0.wp.com\/www.nievesviesca.com\/blog\/wp-content\/uploads\/2020\/09\/FERIA-DEL-LIBRO-GIJON-2020-1.jpg?resize=544%2C725&#038;ssl=1\" alt=\"\" width=\"544\" height=\"725\" srcset=\"https:\/\/i0.wp.com\/www.nievesviesca.com\/blog\/wp-content\/uploads\/2020\/09\/FERIA-DEL-LIBRO-GIJON-2020-1.jpg?resize=225%2C300&amp;ssl=1 225w, https:\/\/i0.wp.com\/www.nievesviesca.com\/blog\/wp-content\/uploads\/2020\/09\/FERIA-DEL-LIBRO-GIJON-2020-1.jpg?resize=768%2C1024&amp;ssl=1 768w, https:\/\/i0.wp.com\/www.nievesviesca.com\/blog\/wp-content\/uploads\/2020\/09\/FERIA-DEL-LIBRO-GIJON-2020-1.jpg?w=1200&amp;ssl=1 1200w\" sizes=\"(max-width: 544px) 100vw, 544px\" data-recalc-dims=\"1\" \/><\/a><\/p>\n<\/div>\n<p><a href=\"https:\/\/i0.wp.com\/www.nievesviesca.com\/blog\/wp-content\/uploads\/2020\/09\/FERIA-DEL-LIBRO-GIJON-2020-2.jpg?ssl=1\"><img decoding=\"async\" loading=\"lazy\" class=\"aligncenter wp-image-10060\" src=\"https:\/\/i0.wp.com\/www.nievesviesca.com\/blog\/wp-content\/uploads\/2020\/09\/FERIA-DEL-LIBRO-GIJON-2020-2.jpg?resize=542%2C571&#038;ssl=1\" alt=\"\" width=\"542\" height=\"571\" srcset=\"https:\/\/i0.wp.com\/www.nievesviesca.com\/blog\/wp-content\/uploads\/2020\/09\/FERIA-DEL-LIBRO-GIJON-2020-2.jpg?resize=285%2C300&amp;ssl=1 285w, https:\/\/i0.wp.com\/www.nievesviesca.com\/blog\/wp-content\/uploads\/2020\/09\/FERIA-DEL-LIBRO-GIJON-2020-2.jpg?resize=768%2C809&amp;ssl=1 768w, https:\/\/i0.wp.com\/www.nievesviesca.com\/blog\/wp-content\/uploads\/2020\/09\/FERIA-DEL-LIBRO-GIJON-2020-2.jpg?resize=972%2C1024&amp;ssl=1 972w, https:\/\/i0.wp.com\/www.nievesviesca.com\/blog\/wp-content\/uploads\/2020\/09\/FERIA-DEL-LIBRO-GIJON-2020-2.jpg?w=1490&amp;ssl=1 1490w, https:\/\/i0.wp.com\/www.nievesviesca.com\/blog\/wp-content\/uploads\/2020\/09\/FERIA-DEL-LIBRO-GIJON-2020-2.jpg?w=1168&amp;ssl=1 1168w\" sizes=\"(max-width: 542px) 100vw, 542px\" data-recalc-dims=\"1\" \/><\/a><\/p>\n<p style=\"text-align: center;\"><a href=\"https:\/\/i0.wp.com\/www.nievesviesca.com\/blog\/wp-content\/uploads\/2020\/09\/FERIA-DEL-LIBRO-GIJON-2020-3.jpg?ssl=1\"><img decoding=\"async\" loading=\"lazy\" class=\"aligncenter wp-image-10061\" src=\"https:\/\/i0.wp.com\/www.nievesviesca.com\/blog\/wp-content\/uploads\/2020\/09\/FERIA-DEL-LIBRO-GIJON-2020-3.jpg?resize=548%2C794&#038;ssl=1\" alt=\"\" width=\"548\" height=\"794\" srcset=\"https:\/\/i0.wp.com\/www.nievesviesca.com\/blog\/wp-content\/uploads\/2020\/09\/FERIA-DEL-LIBRO-GIJON-2020-3.jpg?resize=207%2C300&amp;ssl=1 207w, https:\/\/i0.wp.com\/www.nievesviesca.com\/blog\/wp-content\/uploads\/2020\/09\/FERIA-DEL-LIBRO-GIJON-2020-3.jpg?resize=768%2C1114&amp;ssl=1 768w, https:\/\/i0.wp.com\/www.nievesviesca.com\/blog\/wp-content\/uploads\/2020\/09\/FERIA-DEL-LIBRO-GIJON-2020-3.jpg?resize=706%2C1024&amp;ssl=1 706w, https:\/\/i0.wp.com\/www.nievesviesca.com\/blog\/wp-content\/uploads\/2020\/09\/FERIA-DEL-LIBRO-GIJON-2020-3.jpg?w=1103&amp;ssl=1 1103w\" sizes=\"(max-width: 548px) 100vw, 548px\" data-recalc-dims=\"1\" \/><\/a><\/p>\n<p style=\"text-align: center;\"><strong><span style=\"color: #000000;\">DIECINUEVE O VEINTE L\u00cdNEAS (Relatos)<\/span><\/strong><\/p>\n<\/div>\n<p style=\"text-align: center;\"><span style=\"color: #000000;\">CASETA LA CRUZ DE GRADO (EDITORIAL AZOR)<\/span><\/p>\n<p>&nbsp;<\/p>\n<h2><a href=\"https:\/\/www.facebook.com\/nievesviesca\"><strong><span style=\"color: #0000ff;\">facebook<\/span><\/strong><\/a><\/h2>\n<p>&nbsp;<\/p>\n<h2><strong><a href=\"https:\/\/www.instagram.com\/nievesviesca\/\"><span style=\"color: #0000ff;\">instagram<\/span><\/a><\/strong><\/h2>\n<p>&nbsp;<\/p>\n<\/div>\n<\/div>\n","protected":false},"excerpt":{"rendered":"<p>&nbsp; FERIA DEL LIBRO DE GIJ\u00d3N (2020) &nbsp; Amigos Lectores, del alba al crep\u00fasculo sois mi mejor libro. &nbsp; DIECINUEVE O VEINTE L\u00cdNEAS (Relatos) CASETA LA CRUZ DE GRADO (EDITORIAL AZOR) &nbsp; facebook &nbsp; instagram &nbsp;<\/p>\n","protected":false},"author":1,"featured_media":0,"comment_status":"open","ping_status":"open","sticky":false,"template":"","format":"standard","meta":{"_bbp_topic_count":0,"_bbp_reply_count":0,"_bbp_total_topic_count":0,"_bbp_total_reply_count":0,"_bbp_voice_count":0,"_bbp_anonymous_reply_count":0,"_bbp_topic_count_hidden":0,"_bbp_reply_count_hidden":0,"_bbp_forum_subforum_count":0,"om_disable_all_campaigns":false,"_monsterinsights_skip_tracking":false,"_monsterinsights_sitenote_active":false,"_monsterinsights_sitenote_note":"","_monsterinsights_sitenote_category":0,"jetpack_post_was_ever_published":false,"_jetpack_newsletter_access":"","_jetpack_newsletter_tier_id":0,"footnotes":"","jetpack_publicize_message":"","jetpack_is_tweetstorm":false,"jetpack_publicize_feature_enabled":true,"jetpack_social_post_already_shared":true,"jetpack_social_options":{"image_generator_settings":{"template":"highway","enabled":false}}},"categories":[6],"tags":[],"jetpack_publicize_connections":[],"aioseo_notices":[],"jetpack_featured_media_url":"","jetpack_sharing_enabled":true,"jetpack_shortlink":"https:\/\/wp.me\/p6xI8c-2Ce","_links":{"self":[{"href":"https:\/\/www.nievesviesca.com\/blog\/wp-json\/wp\/v2\/posts\/10058"}],"collection":[{"href":"https:\/\/www.nievesviesca.com\/blog\/wp-json\/wp\/v2\/posts"}],"about":[{"href":"https:\/\/www.nievesviesca.com\/blog\/wp-json\/wp\/v2\/types\/post"}],"author":[{"embeddable":true,"href":"https:\/\/www.nievesviesca.com\/blog\/wp-json\/wp\/v2\/users\/1"}],"replies":[{"embeddable":true,"href":"https:\/\/www.nievesviesca.com\/blog\/wp-json\/wp\/v2\/comments?post=10058"}],"version-history":[{"count":21,"href":"https:\/\/www.nievesviesca.com\/blog\/wp-json\/wp\/v2\/posts\/10058\/revisions"}],"predecessor-version":[{"id":10087,"href":"https:\/\/www.nievesviesca.com\/blog\/wp-json\/wp\/v2\/posts\/10058\/revisions\/10087"}],"wp:attachment":[{"href":"https:\/\/www.nievesviesca.com\/blog\/wp-json\/wp\/v2\/media?parent=10058"}],"wp:term":[{"taxonomy":"category","embeddable":true,"href":"https:\/\/www.nievesviesca.com\/blog\/wp-json\/wp\/v2\/categories?post=10058"},{"taxonomy":"post_tag","embeddable":true,"href":"https:\/\/www.nievesviesca.com\/blog\/wp-json\/wp\/v2\/tags?post=10058"}],"curies":[{"name":"wp","href":"https:\/\/api.w.org\/{rel}","templated":true}]}}