{"id":10556,"date":"2022-03-31T11:48:12","date_gmt":"2022-03-31T09:48:12","guid":{"rendered":"http:\/\/www.nievesviesca.com\/blog\/?p=10556"},"modified":"2022-03-31T11:48:12","modified_gmt":"2022-03-31T09:48:12","slug":"la-prensa-cxxxv-2","status":"publish","type":"post","link":"https:\/\/www.nievesviesca.com\/blog\/2022\/03\/31\/la-prensa-cxxxv-2\/","title":{"rendered":"La Prensa (CXXXV)"},"content":{"rendered":"<p><img decoding=\"async\" src=\"https:\/\/i0.wp.com\/1.bp.blogspot.com\/-FeEK8sHGqeI\/XNp0R4epevI\/AAAAAAAAK3w\/EOkCYgR05Vs_AkYEdSMFTMnjjVroDcOGwCK4BGAYYCw\/s340\/13.jpg?w=584&#038;ssl=1\" data-recalc-dims=\"1\" \/><\/p>\n<p style=\"text-align: center;\"><span style=\"color: #000000;\">Nuestra socia\u00a0<b>Nieves Viesca<\/b>\u00a0nos remite nuevas noticias: CR\u00d3NICAS LITERARIAS DEL CANT\u00c1BRICO\u00a0<\/span><\/p>\n<p>&nbsp;<\/p>\n<div class=\"separator\"><a href=\"https:\/\/i0.wp.com\/www.nievesviesca.com\/blog\/wp-content\/uploads\/2022\/03\/6.jpg?ssl=1\"><img decoding=\"async\" loading=\"lazy\" class=\"aligncenter  wp-image-10559\" src=\"https:\/\/i0.wp.com\/www.nievesviesca.com\/blog\/wp-content\/uploads\/2022\/03\/6.jpg?resize=562%2C421&#038;ssl=1\" alt=\"\" width=\"562\" height=\"421\" srcset=\"https:\/\/i0.wp.com\/www.nievesviesca.com\/blog\/wp-content\/uploads\/2022\/03\/6.jpg?resize=300%2C225&amp;ssl=1 300w, https:\/\/i0.wp.com\/www.nievesviesca.com\/blog\/wp-content\/uploads\/2022\/03\/6.jpg?resize=768%2C576&amp;ssl=1 768w, https:\/\/i0.wp.com\/www.nievesviesca.com\/blog\/wp-content\/uploads\/2022\/03\/6.jpg?resize=1024%2C768&amp;ssl=1 1024w, https:\/\/i0.wp.com\/www.nievesviesca.com\/blog\/wp-content\/uploads\/2022\/03\/6.jpg?w=1600&amp;ssl=1 1600w, https:\/\/i0.wp.com\/www.nievesviesca.com\/blog\/wp-content\/uploads\/2022\/03\/6.jpg?w=1168&amp;ssl=1 1168w\" sizes=\"(max-width: 562px) 100vw, 562px\" data-recalc-dims=\"1\" \/><\/a><\/div>\n<div><\/div>\n<div><\/div>\n<p><span style=\"color: #000000;\">Entre los actos para conmemorar el D\u00eda Mundial de la Poes\u00eda, la Asociaci\u00f3n de Escritores de Asturias ofreci\u00f3 un recital en el \u00c1mbito Cultural El Corte Ingl\u00e9s de Gij\u00f3n, con la participaci\u00f3n junto a otros poetas, de\u00a0<b>Nieves Viesca<\/b>\u00a0y la lectura de sus Haikus \u201cPinceles y Acuarelas\u201d.\u00a0<\/span><\/p>\n","protected":false},"excerpt":{"rendered":"<p>Nuestra socia\u00a0Nieves Viesca\u00a0nos remite nuevas noticias: CR\u00d3NICAS LITERARIAS DEL CANT\u00c1BRICO\u00a0 &nbsp; Entre los actos para conmemorar el D\u00eda Mundial de la Poes\u00eda, la Asociaci\u00f3n de Escritores de Asturias ofreci\u00f3 un recital en el \u00c1mbito Cultural El Corte Ingl\u00e9s de Gij\u00f3n, &hellip; <a href=\"https:\/\/www.nievesviesca.com\/blog\/2022\/03\/31\/la-prensa-cxxxv-2\/\">Sigue leyendo <span class=\"meta-nav\">&rarr;<\/span><\/a><\/p>\n","protected":false},"author":1,"featured_media":0,"comment_status":"open","ping_status":"open","sticky":false,"template":"","format":"standard","meta":{"_bbp_topic_count":0,"_bbp_reply_count":0,"_bbp_total_topic_count":0,"_bbp_total_reply_count":0,"_bbp_voice_count":0,"_bbp_anonymous_reply_count":0,"_bbp_topic_count_hidden":0,"_bbp_reply_count_hidden":0,"_bbp_forum_subforum_count":0,"om_disable_all_campaigns":false,"_monsterinsights_skip_tracking":false,"_monsterinsights_sitenote_active":false,"_monsterinsights_sitenote_note":"","_monsterinsights_sitenote_category":0,"jetpack_post_was_ever_published":false,"_jetpack_newsletter_access":"","_jetpack_newsletter_tier_id":0,"footnotes":"","jetpack_publicize_message":"","jetpack_is_tweetstorm":false,"jetpack_publicize_feature_enabled":true,"jetpack_social_post_already_shared":true,"jetpack_social_options":{"image_generator_settings":{"template":"highway","enabled":false}}},"categories":[6],"tags":[],"jetpack_publicize_connections":[],"aioseo_notices":[],"jetpack_featured_media_url":"","jetpack_sharing_enabled":true,"jetpack_shortlink":"https:\/\/wp.me\/p6xI8c-2Kg","_links":{"self":[{"href":"https:\/\/www.nievesviesca.com\/blog\/wp-json\/wp\/v2\/posts\/10556"}],"collection":[{"href":"https:\/\/www.nievesviesca.com\/blog\/wp-json\/wp\/v2\/posts"}],"about":[{"href":"https:\/\/www.nievesviesca.com\/blog\/wp-json\/wp\/v2\/types\/post"}],"author":[{"embeddable":true,"href":"https:\/\/www.nievesviesca.com\/blog\/wp-json\/wp\/v2\/users\/1"}],"replies":[{"embeddable":true,"href":"https:\/\/www.nievesviesca.com\/blog\/wp-json\/wp\/v2\/comments?post=10556"}],"version-history":[{"count":5,"href":"https:\/\/www.nievesviesca.com\/blog\/wp-json\/wp\/v2\/posts\/10556\/revisions"}],"predecessor-version":[{"id":10562,"href":"https:\/\/www.nievesviesca.com\/blog\/wp-json\/wp\/v2\/posts\/10556\/revisions\/10562"}],"wp:attachment":[{"href":"https:\/\/www.nievesviesca.com\/blog\/wp-json\/wp\/v2\/media?parent=10556"}],"wp:term":[{"taxonomy":"category","embeddable":true,"href":"https:\/\/www.nievesviesca.com\/blog\/wp-json\/wp\/v2\/categories?post=10556"},{"taxonomy":"post_tag","embeddable":true,"href":"https:\/\/www.nievesviesca.com\/blog\/wp-json\/wp\/v2\/tags?post=10556"}],"curies":[{"name":"wp","href":"https:\/\/api.w.org\/{rel}","templated":true}]}}