{"id":10710,"date":"2022-12-05T13:18:52","date_gmt":"2022-12-05T12:18:52","guid":{"rendered":"http:\/\/www.nievesviesca.com\/blog\/?p=10710"},"modified":"2024-05-21T09:10:37","modified_gmt":"2024-05-21T07:10:37","slug":"la-prensa-cxlviii","status":"publish","type":"post","link":"https:\/\/www.nievesviesca.com\/blog\/2022\/12\/05\/la-prensa-cxlviii\/","title":{"rendered":"La Prensa  (CXLVIII)"},"content":{"rendered":"<h1><\/h1>\n<h1><span style=\"color: #993300;\"><a style=\"color: #993300;\" href=\"https:\/\/www.nievesviesca.com\/blog\/wp-content\/uploads\/2022\/11\/logo-ateneo-jovellanos-871x183.png\"><span style=\"color: #000000;\"><img decoding=\"async\" loading=\"lazy\" class=\"aligncenter size-medium wp-image-10715\" src=\"https:\/\/i0.wp.com\/www.nievesviesca.com\/blog\/wp-content\/uploads\/2022\/11\/logo-ateneo-jovellanos-871x183.png?resize=300%2C63&#038;ssl=1\" alt=\"\" width=\"300\" height=\"63\" srcset=\"https:\/\/i0.wp.com\/www.nievesviesca.com\/blog\/wp-content\/uploads\/2022\/11\/logo-ateneo-jovellanos-871x183.png?resize=300%2C63&amp;ssl=1 300w, https:\/\/i0.wp.com\/www.nievesviesca.com\/blog\/wp-content\/uploads\/2022\/11\/logo-ateneo-jovellanos-871x183.png?resize=768%2C161&amp;ssl=1 768w, https:\/\/i0.wp.com\/www.nievesviesca.com\/blog\/wp-content\/uploads\/2022\/11\/logo-ateneo-jovellanos-871x183.png?resize=871%2C183&amp;ssl=1 871w\" sizes=\"(max-width: 300px) 100vw, 300px\" data-recalc-dims=\"1\" \/><\/span><\/a><\/span><\/h1>\n<p>&nbsp;<\/p>\n<h2 style=\"text-align: center;\"><span style=\"color: #000000;\">N O S\u00a0 \u00a0G U S T A\u00a0 \u00a0L A\u00a0 \u00a0N A V I D A D<\/span><\/h2>\n<p>&nbsp;<\/p>\n<p><a href=\"https:\/\/i0.wp.com\/www.nievesviesca.com\/blog\/wp-content\/uploads\/2022\/11\/Tradiciones-navidenas.jpg?ssl=1\"><img decoding=\"async\" loading=\"lazy\" class=\"aligncenter wp-image-10711\" src=\"https:\/\/i0.wp.com\/www.nievesviesca.com\/blog\/wp-content\/uploads\/2022\/11\/Tradiciones-navidenas.jpg?resize=514%2C612&#038;ssl=1\" alt=\"\" width=\"514\" height=\"612\" srcset=\"https:\/\/i0.wp.com\/www.nievesviesca.com\/blog\/wp-content\/uploads\/2022\/11\/Tradiciones-navidenas.jpg?resize=252%2C300&amp;ssl=1 252w, https:\/\/i0.wp.com\/www.nievesviesca.com\/blog\/wp-content\/uploads\/2022\/11\/Tradiciones-navidenas.jpg?resize=768%2C914&amp;ssl=1 768w, https:\/\/i0.wp.com\/www.nievesviesca.com\/blog\/wp-content\/uploads\/2022\/11\/Tradiciones-navidenas.jpg?w=860&amp;ssl=1 860w\" sizes=\"(max-width: 514px) 100vw, 514px\" data-recalc-dims=\"1\" \/><\/a><\/p>\n<p>&nbsp;<\/p>\n<h2><span style=\"color: #000000;\"><small>Conferencia<\/small><\/span><\/h2>\n<p>&nbsp;<\/p>\n<div>\n<p><span style=\"color: #000000;\">En este acto contaremos con\u00a0 la intervenci\u00f3n de la presidenta de la Asociaci\u00f3n Belenista de Gij\u00f3n\u00a0<strong>PL\u00c1CIDA NOVOA<\/strong>\u00a0que impartir\u00e1 la charla<\/span><\/p>\n<p>&nbsp;<\/p>\n<h2 style=\"text-align: center;\"><span style=\"color: #ff0000;\"> \u201c<strong>TRADICIONES NAVIDE\u00d1AS EN ESPA\u00d1A: LOS REYES MAGOS<\/strong>\u201d<\/span><\/h2>\n<p>&nbsp;<\/p>\n<p><span style=\"color: #000000;\"> y de la poeta y escritora\u00a0<strong>NIEVES VIESCA<\/strong>, que nos presentar\u00e1 y leer\u00e1 algunos versos de la antolog\u00eda<\/span><\/p>\n<p>&nbsp;<\/p>\n<h3 style=\"text-align: center;\"><span style=\"color: #ff0000;\"> \u201c<strong>ME GUSTA LA NAVIDAD. Antolog\u00eda de poes\u00eda navide\u00f1a contempor\u00e1nea\u201d<\/strong><\/span><\/h3>\n<p>&nbsp;<\/p>\n<p><span style=\"color: #000000;\">Al final del acto se sortear\u00e1, entre los asistentes, una figura hecha en los talleres de la Asociaci\u00f3n Belenista de Gij\u00f3n.<\/span><\/p>\n<p>&nbsp;<\/p>\n<p><span style=\"color: #000000;\"><strong>Pl\u00e1cida Novoa Coomonte<\/strong> es la presidenta de la Asociaci\u00f3n de Belenistas de Gij\u00f3n, Medalla de plata del Ayuntamiento de Gij\u00f3n 2018.<\/span><br \/>\n<span style=\"color: #000000;\">La Asociaci\u00f3n Belenista de Gij\u00f3n, creada en 1958 por varios gijoneses muy vinculados a la tradici\u00f3n navide\u00f1a, incluidos varios concejales de entonces, no s\u00f3lo se centra en los belenes, sino que tambi\u00e9n participa en otras actividades navide\u00f1as como los conciertos de villancicos, la cabalgata de Reyes y el preg\u00f3n de Navidad. Organiza a lo largo del a\u00f1o cursos did\u00e1cticos y edita una revista especializada. Tambi\u00e9n ha organizado en Gij\u00f3n congresos belenistas. Cada a\u00f1o monta en locales municipales un bel\u00e9n monumental.<\/span><\/p>\n<p>&nbsp;<\/p>\n<p><span style=\"color: #000000;\"><strong>Nieves Viesca<\/strong> es poeta y narradora, nace en Gij\u00f3n, ciudad donde reside. Su andadura literaria comienza en el peri\u00f3dico El Noroeste, desde su fundaci\u00f3n en 1978 hasta la desaparici\u00f3n del mismo.<\/span><\/p>\n<p><span style=\"color: #000000;\">T\u00edtulos publicados:\u00a0<em>La danza del equilibrio<\/em>\u00a0(1996) \u2013 Relatos;\u00a0<em>Metamorfosis del sentimiento<\/em>\u00a0(2002) \u2013 Relatos;\u00a0<em>Diecinueve o Veinte L\u00edneas<\/em>\u00a0(2009) \u2013 Relatos;\u00a0<em>Manual de Tinta<\/em>\u00a0(2012) \u2013 Poes\u00eda;\u00a0<em>El T\u00fanel y los D\u00edas<\/em>\u00a0(2017) \u2013 Poes\u00eda. Figura en numerosas antolog\u00edas po\u00e9ticas.<\/span><\/p>\n<p><span style=\"color: #000000;\">Premios recibidos: III premio en el concurso de cuentos Radio QK (1995); Acc\u00e9sit en el XI Premio San Esteban de Sograndio, Oviedo (1999); Finalista del VI Concurso Internacional de Relatos Juan Mart\u00edn Sauras (Teruel 2001); I Premio de Poes\u00eda Anacre\u00f3ntica en el Festival de Oto\u00f1o, Seg\u00f3briga (2003); Premio Voces Nuevas de Torremozas, Madrid (2007); Primer premio en el IV concurso de microrrelatos Minimorum \u201cLa Voz de Asturias\u201d en la modalidad de Llingua Asturiana, (2008); Seleccionada en el X Encuentro Nacional de Escritores y Poetas de ANUESCA (2011); Poeta del Alba en la XXXVIII Edici\u00f3n Alborada de Cand\u00e1s, Ayuntamiento de Carre\u00f1o (2015).<\/span><\/p>\n<\/div>\n","protected":false},"excerpt":{"rendered":"<p>&nbsp; N O S\u00a0 \u00a0G U S T A\u00a0 \u00a0L A\u00a0 \u00a0N A V I D A D &nbsp; &nbsp; Conferencia &nbsp; En este acto contaremos con\u00a0 la intervenci\u00f3n de la presidenta de la Asociaci\u00f3n Belenista de Gij\u00f3n\u00a0PL\u00c1CIDA NOVOA\u00a0que impartir\u00e1 &hellip; <a href=\"https:\/\/www.nievesviesca.com\/blog\/2022\/12\/05\/la-prensa-cxlviii\/\">Sigue leyendo <span class=\"meta-nav\">&rarr;<\/span><\/a><\/p>\n","protected":false},"author":1,"featured_media":10711,"comment_status":"open","ping_status":"open","sticky":false,"template":"","format":"standard","meta":{"_bbp_topic_count":0,"_bbp_reply_count":0,"_bbp_total_topic_count":0,"_bbp_total_reply_count":0,"_bbp_voice_count":0,"_bbp_anonymous_reply_count":0,"_bbp_topic_count_hidden":0,"_bbp_reply_count_hidden":0,"_bbp_forum_subforum_count":0,"om_disable_all_campaigns":false,"_monsterinsights_skip_tracking":false,"_monsterinsights_sitenote_active":false,"_monsterinsights_sitenote_note":"","_monsterinsights_sitenote_category":0,"jetpack_post_was_ever_published":false,"_jetpack_newsletter_access":"","_jetpack_newsletter_tier_id":0,"footnotes":"","jetpack_publicize_message":"","jetpack_is_tweetstorm":false,"jetpack_publicize_feature_enabled":true,"jetpack_social_post_already_shared":true,"jetpack_social_options":{"image_generator_settings":{"template":"highway","enabled":false}}},"categories":[6],"tags":[],"jetpack_publicize_connections":[],"aioseo_notices":[],"jetpack_featured_media_url":"https:\/\/www.nievesviesca.com\/blog\/wp-content\/uploads\/2022\/11\/Tradiciones-navidenas.jpg","jetpack_sharing_enabled":true,"jetpack_shortlink":"https:\/\/wp.me\/p6xI8c-2MK","_links":{"self":[{"href":"https:\/\/www.nievesviesca.com\/blog\/wp-json\/wp\/v2\/posts\/10710"}],"collection":[{"href":"https:\/\/www.nievesviesca.com\/blog\/wp-json\/wp\/v2\/posts"}],"about":[{"href":"https:\/\/www.nievesviesca.com\/blog\/wp-json\/wp\/v2\/types\/post"}],"author":[{"embeddable":true,"href":"https:\/\/www.nievesviesca.com\/blog\/wp-json\/wp\/v2\/users\/1"}],"replies":[{"embeddable":true,"href":"https:\/\/www.nievesviesca.com\/blog\/wp-json\/wp\/v2\/comments?post=10710"}],"version-history":[{"count":11,"href":"https:\/\/www.nievesviesca.com\/blog\/wp-json\/wp\/v2\/posts\/10710\/revisions"}],"predecessor-version":[{"id":10735,"href":"https:\/\/www.nievesviesca.com\/blog\/wp-json\/wp\/v2\/posts\/10710\/revisions\/10735"}],"wp:featuredmedia":[{"embeddable":true,"href":"https:\/\/www.nievesviesca.com\/blog\/wp-json\/wp\/v2\/media\/10711"}],"wp:attachment":[{"href":"https:\/\/www.nievesviesca.com\/blog\/wp-json\/wp\/v2\/media?parent=10710"}],"wp:term":[{"taxonomy":"category","embeddable":true,"href":"https:\/\/www.nievesviesca.com\/blog\/wp-json\/wp\/v2\/categories?post=10710"},{"taxonomy":"post_tag","embeddable":true,"href":"https:\/\/www.nievesviesca.com\/blog\/wp-json\/wp\/v2\/tags?post=10710"}],"curies":[{"name":"wp","href":"https:\/\/api.w.org\/{rel}","templated":true}]}}