{"id":10838,"date":"2023-05-17T12:35:25","date_gmt":"2023-05-17T10:35:25","guid":{"rendered":"http:\/\/www.nievesviesca.com\/blog\/?p=10838"},"modified":"2024-05-21T09:06:05","modified_gmt":"2024-05-21T07:06:05","slug":"ecos-de-poesia-clxxxvi","status":"publish","type":"post","link":"https:\/\/www.nievesviesca.com\/blog\/2023\/05\/17\/ecos-de-poesia-clxxxvi\/","title":{"rendered":"Ecos de Poes\u00eda (CLXXXVI)"},"content":{"rendered":"<p style=\"text-align: center;\">PRESENTACI\u00d3N DEL LIBRO<\/p>\n<h1 style=\"text-align: center;\"><strong><span style=\"color: #000080;\"><em>LA SOLEDAD DE LOS INSTANTES<\/em> <\/span><\/strong><\/h1>\n<p style=\"text-align: center;\"><strong>AGUST\u00cdN ALONSO BISCAYAR<\/strong><\/p>\n<p style=\"text-align: left;\">Gratos INSTANTES de Poes\u00eda en el Ateneo Obrero de Villaviciosa que preside Miguel \u00c1ngel Gonz\u00e1lez.<\/p>\n<p><a href=\"https:\/\/i0.wp.com\/www.nievesviesca.com\/blog\/wp-content\/uploads\/2023\/05\/PRESENTACION-VILLAVICIOSA-LA-SOLEDAD-DE-LOS-INSTANTES-6.jpg?ssl=1\"><img decoding=\"async\" loading=\"lazy\" class=\"alignnone wp-image-10839\" src=\"https:\/\/i0.wp.com\/www.nievesviesca.com\/blog\/wp-content\/uploads\/2023\/05\/PRESENTACION-VILLAVICIOSA-LA-SOLEDAD-DE-LOS-INSTANTES-6.jpg?resize=476%2C599&#038;ssl=1\" alt=\"\" width=\"476\" height=\"599\" data-recalc-dims=\"1\" \/><\/a><\/p>\n<p><a href=\"https:\/\/i0.wp.com\/www.nievesviesca.com\/blog\/wp-content\/uploads\/2023\/05\/PRESENTACION-VILLAVICIOSA-LA-SOLEDAD-DE-LOS-INSTANTES-3.jpg?ssl=1\"><img decoding=\"async\" loading=\"lazy\" class=\"alignnone wp-image-10840\" src=\"https:\/\/i0.wp.com\/www.nievesviesca.com\/blog\/wp-content\/uploads\/2023\/05\/PRESENTACION-VILLAVICIOSA-LA-SOLEDAD-DE-LOS-INSTANTES-3.jpg?resize=457%2C474&#038;ssl=1\" alt=\"\" width=\"457\" height=\"474\" srcset=\"https:\/\/i0.wp.com\/www.nievesviesca.com\/blog\/wp-content\/uploads\/2023\/05\/PRESENTACION-VILLAVICIOSA-LA-SOLEDAD-DE-LOS-INSTANTES-3.jpg?resize=289%2C300&amp;ssl=1 289w, https:\/\/i0.wp.com\/www.nievesviesca.com\/blog\/wp-content\/uploads\/2023\/05\/PRESENTACION-VILLAVICIOSA-LA-SOLEDAD-DE-LOS-INSTANTES-3.jpg?resize=768%2C796&amp;ssl=1 768w, https:\/\/i0.wp.com\/www.nievesviesca.com\/blog\/wp-content\/uploads\/2023\/05\/PRESENTACION-VILLAVICIOSA-LA-SOLEDAD-DE-LOS-INSTANTES-3.jpg?w=926&amp;ssl=1 926w\" sizes=\"(max-width: 457px) 100vw, 457px\" data-recalc-dims=\"1\" \/><\/a><\/p>\n<p><a href=\"https:\/\/i0.wp.com\/www.nievesviesca.com\/blog\/wp-content\/uploads\/2023\/05\/PRESENTACION-VILLAVICIOSA-LA-SOLEDAD-DE-LOS-INSTANTES-5.jpg?ssl=1\"><img decoding=\"async\" loading=\"lazy\" class=\"alignnone wp-image-10841\" src=\"https:\/\/i0.wp.com\/www.nievesviesca.com\/blog\/wp-content\/uploads\/2023\/05\/PRESENTACION-VILLAVICIOSA-LA-SOLEDAD-DE-LOS-INSTANTES-5.jpg?resize=441%2C584&#038;ssl=1\" alt=\"\" width=\"441\" height=\"584\" data-recalc-dims=\"1\" \/><\/a><\/p>\n","protected":false},"excerpt":{"rendered":"<p>PRESENTACI\u00d3N DEL LIBRO LA SOLEDAD DE LOS INSTANTES AGUST\u00cdN ALONSO BISCAYAR Gratos INSTANTES de Poes\u00eda en el Ateneo Obrero de Villaviciosa que preside Miguel \u00c1ngel Gonz\u00e1lez.<\/p>\n","protected":false},"author":1,"featured_media":10839,"comment_status":"open","ping_status":"open","sticky":false,"template":"","format":"standard","meta":{"_bbp_topic_count":0,"_bbp_reply_count":0,"_bbp_total_topic_count":0,"_bbp_total_reply_count":0,"_bbp_voice_count":0,"_bbp_anonymous_reply_count":0,"_bbp_topic_count_hidden":0,"_bbp_reply_count_hidden":0,"_bbp_forum_subforum_count":0,"om_disable_all_campaigns":false,"_monsterinsights_skip_tracking":false,"_monsterinsights_sitenote_active":false,"_monsterinsights_sitenote_note":"","_monsterinsights_sitenote_category":0,"jetpack_post_was_ever_published":false,"_jetpack_newsletter_access":"","_jetpack_newsletter_tier_id":0,"footnotes":"","jetpack_publicize_message":"","jetpack_is_tweetstorm":false,"jetpack_publicize_feature_enabled":true,"jetpack_social_post_already_shared":true,"jetpack_social_options":{"image_generator_settings":{"template":"highway","enabled":false}}},"categories":[4],"tags":[],"jetpack_publicize_connections":[],"aioseo_notices":[],"jetpack_featured_media_url":"https:\/\/www.nievesviesca.com\/blog\/wp-content\/uploads\/2023\/05\/PRESENTACION-VILLAVICIOSA-LA-SOLEDAD-DE-LOS-INSTANTES-6.jpg","jetpack_sharing_enabled":true,"jetpack_shortlink":"https:\/\/wp.me\/p6xI8c-2OO","_links":{"self":[{"href":"https:\/\/www.nievesviesca.com\/blog\/wp-json\/wp\/v2\/posts\/10838"}],"collection":[{"href":"https:\/\/www.nievesviesca.com\/blog\/wp-json\/wp\/v2\/posts"}],"about":[{"href":"https:\/\/www.nievesviesca.com\/blog\/wp-json\/wp\/v2\/types\/post"}],"author":[{"embeddable":true,"href":"https:\/\/www.nievesviesca.com\/blog\/wp-json\/wp\/v2\/users\/1"}],"replies":[{"embeddable":true,"href":"https:\/\/www.nievesviesca.com\/blog\/wp-json\/wp\/v2\/comments?post=10838"}],"version-history":[{"count":1,"href":"https:\/\/www.nievesviesca.com\/blog\/wp-json\/wp\/v2\/posts\/10838\/revisions"}],"predecessor-version":[{"id":10842,"href":"https:\/\/www.nievesviesca.com\/blog\/wp-json\/wp\/v2\/posts\/10838\/revisions\/10842"}],"wp:featuredmedia":[{"embeddable":true,"href":"https:\/\/www.nievesviesca.com\/blog\/wp-json\/wp\/v2\/media\/10839"}],"wp:attachment":[{"href":"https:\/\/www.nievesviesca.com\/blog\/wp-json\/wp\/v2\/media?parent=10838"}],"wp:term":[{"taxonomy":"category","embeddable":true,"href":"https:\/\/www.nievesviesca.com\/blog\/wp-json\/wp\/v2\/categories?post=10838"},{"taxonomy":"post_tag","embeddable":true,"href":"https:\/\/www.nievesviesca.com\/blog\/wp-json\/wp\/v2\/tags?post=10838"}],"curies":[{"name":"wp","href":"https:\/\/api.w.org\/{rel}","templated":true}]}}