{"id":11120,"date":"2024-02-23T17:11:52","date_gmt":"2024-02-23T16:11:52","guid":{"rendered":"https:\/\/www.nievesviesca.com\/blog\/?p=11120"},"modified":"2024-05-21T08:25:18","modified_gmt":"2024-05-21T06:25:18","slug":"el-alba-de-los-libros-liii","status":"publish","type":"post","link":"https:\/\/www.nievesviesca.com\/blog\/2024\/02\/23\/el-alba-de-los-libros-liii\/","title":{"rendered":"El Alba de los Libros (LIII)"},"content":{"rendered":"<h1 style=\"text-align: center;\"><strong>PRESENTACI\u00d3N AZORISTA <\/strong><\/h1>\n<p style=\"text-align: center;\">En la librer\u00eda ovetense KAFKA&amp;CO con C\u00e9sar Pascual como editor y maestro de ceremonia al frente de unos autores unidos, con un p\u00fablico fiel a los libros y a la palabra.<\/p>\n<p><a href=\"https:\/\/i0.wp.com\/www.nievesviesca.com\/blog\/wp-content\/uploads\/2024\/02\/2-2-scaled.jpg?ssl=1\"><img decoding=\"async\" loading=\"lazy\" class=\"aligncenter wp-image-11122\" src=\"https:\/\/i0.wp.com\/www.nievesviesca.com\/blog\/wp-content\/uploads\/2024\/02\/2-2.jpg?resize=448%2C593&#038;ssl=1\" alt=\"\" width=\"448\" height=\"593\" data-recalc-dims=\"1\" \/><\/a><\/p>\n<p><a href=\"https:\/\/i0.wp.com\/www.nievesviesca.com\/blog\/wp-content\/uploads\/2024\/02\/2-5-scaled.jpg?ssl=1\"><img decoding=\"async\" loading=\"lazy\" class=\"aligncenter wp-image-11125\" src=\"https:\/\/i0.wp.com\/www.nievesviesca.com\/blog\/wp-content\/uploads\/2024\/02\/2-5.jpg?resize=451%2C597&#038;ssl=1\" alt=\"\" width=\"451\" height=\"597\" data-recalc-dims=\"1\" \/><\/a><\/p>\n<p>&nbsp;<\/p>\n<p><a href=\"https:\/\/i0.wp.com\/www.nievesviesca.com\/blog\/wp-content\/uploads\/2024\/02\/2-3.jpg?ssl=1\"><img decoding=\"async\" loading=\"lazy\" class=\"aligncenter wp-image-11123\" src=\"https:\/\/i0.wp.com\/www.nievesviesca.com\/blog\/wp-content\/uploads\/2024\/02\/2-3.jpg?resize=436%2C551&#038;ssl=1\" alt=\"\" width=\"436\" height=\"551\" data-recalc-dims=\"1\" \/><\/a><\/p>\n<p><a href=\"https:\/\/i0.wp.com\/www.nievesviesca.com\/blog\/wp-content\/uploads\/2024\/02\/2-1-scaled.jpg?ssl=1\"><img decoding=\"async\" loading=\"lazy\" class=\"aligncenter wp-image-11121\" src=\"https:\/\/i0.wp.com\/www.nievesviesca.com\/blog\/wp-content\/uploads\/2024\/02\/2-1.jpg?resize=450%2C596&#038;ssl=1\" alt=\"\" width=\"450\" height=\"596\" data-recalc-dims=\"1\" \/><\/a><\/p>\n<p><a href=\"https:\/\/i0.wp.com\/www.nievesviesca.com\/blog\/wp-content\/uploads\/2024\/02\/2-4-scaled.jpg?ssl=1\"><img decoding=\"async\" loading=\"lazy\" class=\"aligncenter wp-image-11124\" src=\"https:\/\/i0.wp.com\/www.nievesviesca.com\/blog\/wp-content\/uploads\/2024\/02\/2-4.jpg?resize=453%2C600&#038;ssl=1\" alt=\"\" width=\"453\" height=\"600\" data-recalc-dims=\"1\" \/><\/a><\/p>\n","protected":false},"excerpt":{"rendered":"<p>PRESENTACI\u00d3N AZORISTA En la librer\u00eda ovetense KAFKA&amp;CO con C\u00e9sar Pascual como editor y maestro de ceremonia al frente de unos autores unidos, con un p\u00fablico fiel a los libros y a la palabra. &nbsp;<\/p>\n","protected":false},"author":1,"featured_media":11122,"comment_status":"open","ping_status":"open","sticky":false,"template":"","format":"standard","meta":{"_bbp_topic_count":0,"_bbp_reply_count":0,"_bbp_total_topic_count":0,"_bbp_total_reply_count":0,"_bbp_voice_count":0,"_bbp_anonymous_reply_count":0,"_bbp_topic_count_hidden":0,"_bbp_reply_count_hidden":0,"_bbp_forum_subforum_count":0,"om_disable_all_campaigns":false,"_monsterinsights_skip_tracking":false,"_monsterinsights_sitenote_active":false,"_monsterinsights_sitenote_note":"","_monsterinsights_sitenote_category":0,"jetpack_post_was_ever_published":false,"_jetpack_newsletter_access":"","_jetpack_newsletter_tier_id":0,"footnotes":"","jetpack_publicize_message":"","jetpack_is_tweetstorm":false,"jetpack_publicize_feature_enabled":true,"jetpack_social_post_already_shared":true,"jetpack_social_options":{"image_generator_settings":{"template":"highway","enabled":false}}},"categories":[10],"tags":[],"jetpack_publicize_connections":[],"aioseo_notices":[],"jetpack_featured_media_url":"https:\/\/www.nievesviesca.com\/blog\/wp-content\/uploads\/2024\/02\/2-2-scaled.jpg","jetpack_sharing_enabled":true,"jetpack_shortlink":"https:\/\/wp.me\/p6xI8c-2Tm","_links":{"self":[{"href":"https:\/\/www.nievesviesca.com\/blog\/wp-json\/wp\/v2\/posts\/11120"}],"collection":[{"href":"https:\/\/www.nievesviesca.com\/blog\/wp-json\/wp\/v2\/posts"}],"about":[{"href":"https:\/\/www.nievesviesca.com\/blog\/wp-json\/wp\/v2\/types\/post"}],"author":[{"embeddable":true,"href":"https:\/\/www.nievesviesca.com\/blog\/wp-json\/wp\/v2\/users\/1"}],"replies":[{"embeddable":true,"href":"https:\/\/www.nievesviesca.com\/blog\/wp-json\/wp\/v2\/comments?post=11120"}],"version-history":[{"count":1,"href":"https:\/\/www.nievesviesca.com\/blog\/wp-json\/wp\/v2\/posts\/11120\/revisions"}],"predecessor-version":[{"id":11126,"href":"https:\/\/www.nievesviesca.com\/blog\/wp-json\/wp\/v2\/posts\/11120\/revisions\/11126"}],"wp:featuredmedia":[{"embeddable":true,"href":"https:\/\/www.nievesviesca.com\/blog\/wp-json\/wp\/v2\/media\/11122"}],"wp:attachment":[{"href":"https:\/\/www.nievesviesca.com\/blog\/wp-json\/wp\/v2\/media?parent=11120"}],"wp:term":[{"taxonomy":"category","embeddable":true,"href":"https:\/\/www.nievesviesca.com\/blog\/wp-json\/wp\/v2\/categories?post=11120"},{"taxonomy":"post_tag","embeddable":true,"href":"https:\/\/www.nievesviesca.com\/blog\/wp-json\/wp\/v2\/tags?post=11120"}],"curies":[{"name":"wp","href":"https:\/\/api.w.org\/{rel}","templated":true}]}}