{"id":1335,"date":"2012-08-26T23:37:45","date_gmt":"2012-08-26T21:37:45","guid":{"rendered":"http:\/\/www.nievesviesca.com\/blog\/?p=1335"},"modified":"2012-09-12T13:48:29","modified_gmt":"2012-09-12T11:48:29","slug":"el-alba-de-los-libros-8","status":"publish","type":"post","link":"https:\/\/www.nievesviesca.com\/blog\/2012\/08\/26\/el-alba-de-los-libros-8\/","title":{"rendered":"EL ALBA DE LOS LIBROS  (XII)"},"content":{"rendered":"<p><em>\u00a0<\/em><\/p>\n<h2 style=\"text-align: center;\"><em><\/em>\u00a0<\/h2>\n<h2 style=\"text-align: center;\"><em>T\u00edtulo: FANTASMAS DE MI INFANCIA<\/em><\/h2>\n<h2 style=\"text-align: center;\"><em>Autor: \u00c1ngela Reyes<\/em><\/h2>\n<h2 style=\"text-align: center;\"><em>Editorial: <\/em><em>HUERGA &amp; FIERRO<\/em><\/h2>\n<h2 style=\"text-align: center;\"><em>G\u00e9nero: Poes\u00eda <\/em><\/h2>\n<p>&nbsp;<\/p>\n<p style=\"text-align: center;\"><a href=\"https:\/\/i0.wp.com\/www.nievesviesca.com\/blog\/wp-content\/uploads\/2012\/08\/FANTASMAS-DE-MI-INFANCIA-ANGELA-REYES.jpg?ssl=1\"><img decoding=\"async\" loading=\"lazy\" class=\" wp-image-1336\" title=\"FANTASMAS DE MI INFANCIA (ANGELA REYES)\" src=\"https:\/\/i0.wp.com\/www.nievesviesca.com\/blog\/wp-content\/uploads\/2012\/08\/FANTASMAS-DE-MI-INFANCIA-ANGELA-REYES.jpg?resize=249%2C324&#038;ssl=1\" alt=\"\" width=\"249\" height=\"324\" data-recalc-dims=\"1\" \/><\/a><\/p>\n<p style=\"text-align: center;\">\u00a0<\/p>\n<p style=\"text-align: center;\">\u201c<em>Alguien dijo que una infancia feliz sirve para toda la vida\u201d.<\/em> Con\u00a0 esta idea inicia \u00c1ngela Reyes sus \u201cPalabras Previas\u201d para presentar al lector el libro de poemas \u201cFANTASMAS DE MI INFANCIA<em>\u201d<\/em>. Recreado desde la inconsciencia de la ni\u00f1ez en un tiempo de postguerra, amargura y sinraz\u00f3n, la autora confiesa \u201c<em>He escrito este poemario desde la nostalgia positiva, con olores, voces, rostros, nombres y rincones hallados en Granada. Gratos recuerdos vividos con mi amplia familia andaluza\u201d.<\/em><\/p>\n<p style=\"text-align: justify;\">Nacida en Jimena de la Frontera (C\u00e1diz) y residente en Madrid desde la adolescencia, \u00c1ngela Reyes ha publicado m\u00e1s de una decena de poemarios, desde <em>Amaranta<\/em> (1981) a <em>No llores, Poseid\u00f3n<\/em><em> <\/em>(2008). Su obra narrativa comprende cinco novelas y dos colecciones de cuentos. Cofundadora dela Asociaci\u00f3n Prometeo de Poes\u00eda, de la cual ha sido Secretaria General desde 1980, ha recibido los premios de poes\u00eda \u201cSan Lesmes Abad\u201d (1987), \u201cVilla deLa Roda\u201d (1991), \u201cLeonor\u201d (1992) \u201cCiudad de Valencia\u201d (1977) y \u201cBlas de Otero\u201d (2001); y en narrativa \u201cCiudad de Majadahonda\u201d (2008) y \u201cCalicanto\u201d (2010), entre otros.<\/p>\n<p>&nbsp;<\/p>\n<p>\u00c1ngela Reyes, que dedica este \u201cFANTASMAS DE MI INFANCIA\u201d<strong><em> <\/em><\/strong>a su madre<\/p>\n<p align=\"center\"><strong><em>Madre, te encuentro tan cansada<\/em><\/strong><\/p>\n<p align=\"center\"><strong><em>que tu piel no crepita por mucho que la bese.<\/em><\/strong><\/p>\n<p align=\"center\"><strong><em>Poco a poco tu cuerpo va haci\u00e9ndose de aldea;<\/em><\/strong><\/p>\n<p align=\"center\"><strong><em>tu cuerpo es un pueblito<\/em><\/strong><\/p>\n<p align=\"center\"><strong><em>dormido tras la bruma de los amaneceres.<\/em><\/strong><\/p>\n<p>pero que tambi\u00e9n tiene un recuerdo muy especial para su primera maestra<\/p>\n<p>&nbsp;<\/p>\n<p align=\"center\"><strong><em>De su boca flu\u00edan las palabras,<\/em><\/strong><\/p>\n<p align=\"center\"><strong><em>algunas tan peque\u00f1as<\/em><\/strong><\/p>\n<p align=\"center\"><strong><em>que precisaban tiempo para ir de la mente al coraz\u00f3n.<\/em><\/strong><\/p>\n<p align=\"center\"><strong><em>Ten\u00eda otras palabras veloces como galgos<\/em><\/strong><\/p>\n<p align=\"center\"><strong><em>que no quiso ense\u00f1arme<\/em><\/strong><\/p>\n<p align=\"center\"><strong><em>para que no me hirieran al decirlas.<\/em><\/strong><\/p>\n<p>ha escrito este libro con vivas palabras de nost\u00e1lgico lirismo hacia unas personas tan desgraciadas como valientes; en m\u00e9trica formal llena de acierto y ritmo, de ternura y dureza donde la sombra de un inquietante tiempo nos llega con luz cercada por amaneceres de un anochecer esculpido con la maestr\u00eda de un lenguaje que guarda, en palabras e im\u00e1genes alumbradas por la autora, el sur de un norte crujiente de recuerdo.<\/p>\n<p>Rese\u00f1a de<strong> Nieves Viesca\u00a0<\/strong> (ver en <a href=\"http:\/\/raicesdepapel.blogspot.com.es\/\">http:\/\/raicesdepapel.blogspot.com.es\/<\/a>)<\/p>\n<p>&nbsp;<\/p>\n","protected":false},"excerpt":{"rendered":"<p>\u00a0 \u00a0 T\u00edtulo: FANTASMAS DE MI INFANCIA Autor: \u00c1ngela Reyes Editorial: HUERGA &amp; FIERRO G\u00e9nero: Poes\u00eda &nbsp; \u00a0 \u201cAlguien dijo que una infancia feliz sirve para toda la vida\u201d. Con\u00a0 esta idea inicia \u00c1ngela Reyes sus \u201cPalabras Previas\u201d para presentar &hellip; <a href=\"https:\/\/www.nievesviesca.com\/blog\/2012\/08\/26\/el-alba-de-los-libros-8\/\">Sigue leyendo <span class=\"meta-nav\">&rarr;<\/span><\/a><\/p>\n","protected":false},"author":2,"featured_media":0,"comment_status":"open","ping_status":"open","sticky":false,"template":"","format":"standard","meta":{"_bbp_topic_count":0,"_bbp_reply_count":0,"_bbp_total_topic_count":0,"_bbp_total_reply_count":0,"_bbp_voice_count":0,"_bbp_anonymous_reply_count":0,"_bbp_topic_count_hidden":0,"_bbp_reply_count_hidden":0,"_bbp_forum_subforum_count":0,"om_disable_all_campaigns":false,"_monsterinsights_skip_tracking":false,"_monsterinsights_sitenote_active":false,"_monsterinsights_sitenote_note":"","_monsterinsights_sitenote_category":0,"jetpack_post_was_ever_published":false,"_jetpack_newsletter_access":"","_jetpack_newsletter_tier_id":0,"footnotes":"","jetpack_publicize_message":"","jetpack_is_tweetstorm":false,"jetpack_publicize_feature_enabled":true,"jetpack_social_post_already_shared":false,"jetpack_social_options":{"image_generator_settings":{"template":"highway","enabled":false}}},"categories":[10],"tags":[],"jetpack_publicize_connections":[],"aioseo_notices":[],"jetpack_featured_media_url":"","jetpack_sharing_enabled":true,"jetpack_shortlink":"https:\/\/wp.me\/p6xI8c-lx","_links":{"self":[{"href":"https:\/\/www.nievesviesca.com\/blog\/wp-json\/wp\/v2\/posts\/1335"}],"collection":[{"href":"https:\/\/www.nievesviesca.com\/blog\/wp-json\/wp\/v2\/posts"}],"about":[{"href":"https:\/\/www.nievesviesca.com\/blog\/wp-json\/wp\/v2\/types\/post"}],"author":[{"embeddable":true,"href":"https:\/\/www.nievesviesca.com\/blog\/wp-json\/wp\/v2\/users\/2"}],"replies":[{"embeddable":true,"href":"https:\/\/www.nievesviesca.com\/blog\/wp-json\/wp\/v2\/comments?post=1335"}],"version-history":[{"count":6,"href":"https:\/\/www.nievesviesca.com\/blog\/wp-json\/wp\/v2\/posts\/1335\/revisions"}],"predecessor-version":[{"id":1414,"href":"https:\/\/www.nievesviesca.com\/blog\/wp-json\/wp\/v2\/posts\/1335\/revisions\/1414"}],"wp:attachment":[{"href":"https:\/\/www.nievesviesca.com\/blog\/wp-json\/wp\/v2\/media?parent=1335"}],"wp:term":[{"taxonomy":"category","embeddable":true,"href":"https:\/\/www.nievesviesca.com\/blog\/wp-json\/wp\/v2\/categories?post=1335"},{"taxonomy":"post_tag","embeddable":true,"href":"https:\/\/www.nievesviesca.com\/blog\/wp-json\/wp\/v2\/tags?post=1335"}],"curies":[{"name":"wp","href":"https:\/\/api.w.org\/{rel}","templated":true}]}}