{"id":16605,"date":"2024-08-13T12:12:56","date_gmt":"2024-08-13T10:12:56","guid":{"rendered":"https:\/\/www.nievesviesca.com\/blog\/?p=16605"},"modified":"2024-08-15T11:18:30","modified_gmt":"2024-08-15T09:18:30","slug":"ecos-de-poesia-cic","status":"publish","type":"post","link":"https:\/\/www.nievesviesca.com\/blog\/2024\/08\/13\/ecos-de-poesia-cic\/","title":{"rendered":"Ecos de Poes\u00eda (CIC)"},"content":{"rendered":"<p>&nbsp;<\/p>\n<div class=\"xdj266r x11i5rnm xat24cr x1mh8g0r x1vvkbs x126k92a\">\n<div dir=\"auto\"><strong>\u201cLA LUZ HIERVE\u201d<\/strong><\/div>\n<div dir=\"auto\"><\/div>\n<\/div>\n<div class=\"x11i5rnm xat24cr x1mh8g0r x1vvkbs xtlvy1s x126k92a\">\n<div dir=\"auto\">Este poema de ANTONIO GAMONEDA fue le\u00eddo este mediod\u00eda en el Sal\u00f3n de Actos del Ayuntamiento de Carre\u00f1o en la entrega de la \u2018Mara\u00f1uela de Plata\u2019 concedida al querido poeta por la AEA.<\/div>\n<div dir=\"auto\">En el acto se leyeron y se escucharon sendos poemas de <strong>ANTONIO GAMONEDA<\/strong> en las voces de poetas de la Asociaci\u00f3n<\/div>\n<\/div>\n<p>&nbsp;<\/p>\n<p><a href=\"https:\/\/i0.wp.com\/www.nievesviesca.com\/blog\/wp-content\/uploads\/2024\/08\/1-10.jpg?ssl=1\"><img decoding=\"async\" loading=\"lazy\" class=\"aligncenter size-medium wp-image-16606\" src=\"https:\/\/i0.wp.com\/www.nievesviesca.com\/blog\/wp-content\/uploads\/2024\/08\/1-10.jpg?resize=300%2C263&#038;ssl=1\" alt=\"\" width=\"300\" height=\"263\" srcset=\"https:\/\/i0.wp.com\/www.nievesviesca.com\/blog\/wp-content\/uploads\/2024\/08\/1-10.jpg?resize=300%2C263&amp;ssl=1 300w, https:\/\/i0.wp.com\/www.nievesviesca.com\/blog\/wp-content\/uploads\/2024\/08\/1-10.jpg?resize=768%2C674&amp;ssl=1 768w, https:\/\/i0.wp.com\/www.nievesviesca.com\/blog\/wp-content\/uploads\/2024\/08\/1-10.jpg?resize=342%2C300&amp;ssl=1 342w, https:\/\/i0.wp.com\/www.nievesviesca.com\/blog\/wp-content\/uploads\/2024\/08\/1-10.jpg?w=960&amp;ssl=1 960w\" sizes=\"(max-width: 300px) 100vw, 300px\" data-recalc-dims=\"1\" \/><\/a><\/p>\n<p><a href=\"https:\/\/i0.wp.com\/www.nievesviesca.com\/blog\/wp-content\/uploads\/2024\/08\/2-2.jpg?ssl=1\"><img decoding=\"async\" loading=\"lazy\" class=\"aligncenter size-medium wp-image-16607\" src=\"https:\/\/i0.wp.com\/www.nievesviesca.com\/blog\/wp-content\/uploads\/2024\/08\/2-2.jpg?resize=300%2C289&#038;ssl=1\" alt=\"\" width=\"300\" height=\"289\" srcset=\"https:\/\/i0.wp.com\/www.nievesviesca.com\/blog\/wp-content\/uploads\/2024\/08\/2-2.jpg?resize=300%2C289&amp;ssl=1 300w, https:\/\/i0.wp.com\/www.nievesviesca.com\/blog\/wp-content\/uploads\/2024\/08\/2-2.jpg?resize=768%2C741&amp;ssl=1 768w, https:\/\/i0.wp.com\/www.nievesviesca.com\/blog\/wp-content\/uploads\/2024\/08\/2-2.jpg?resize=311%2C300&amp;ssl=1 311w, https:\/\/i0.wp.com\/www.nievesviesca.com\/blog\/wp-content\/uploads\/2024\/08\/2-2.jpg?w=960&amp;ssl=1 960w\" sizes=\"(max-width: 300px) 100vw, 300px\" data-recalc-dims=\"1\" \/><\/a><\/p>\n<p><a href=\"https:\/\/i0.wp.com\/www.nievesviesca.com\/blog\/wp-content\/uploads\/2024\/08\/3-6.jpg?ssl=1\"><img decoding=\"async\" loading=\"lazy\" class=\"aligncenter size-medium wp-image-16608\" src=\"https:\/\/i0.wp.com\/www.nievesviesca.com\/blog\/wp-content\/uploads\/2024\/08\/3-6.jpg?resize=260%2C300&#038;ssl=1\" alt=\"\" width=\"260\" height=\"300\" srcset=\"https:\/\/i0.wp.com\/www.nievesviesca.com\/blog\/wp-content\/uploads\/2024\/08\/3-6.jpg?resize=260%2C300&amp;ssl=1 260w, https:\/\/i0.wp.com\/www.nievesviesca.com\/blog\/wp-content\/uploads\/2024\/08\/3-6.jpg?resize=768%2C886&amp;ssl=1 768w, https:\/\/i0.wp.com\/www.nievesviesca.com\/blog\/wp-content\/uploads\/2024\/08\/3-6.jpg?resize=300%2C346&amp;ssl=1 300w, https:\/\/i0.wp.com\/www.nievesviesca.com\/blog\/wp-content\/uploads\/2024\/08\/3-6.jpg?w=832&amp;ssl=1 832w\" sizes=\"(max-width: 260px) 100vw, 260px\" data-recalc-dims=\"1\" \/><\/a><\/p>\n","protected":false},"excerpt":{"rendered":"<p>&nbsp; \u201cLA LUZ HIERVE\u201d Este poema de ANTONIO GAMONEDA fue le\u00eddo este mediod\u00eda en el Sal\u00f3n de Actos del Ayuntamiento de Carre\u00f1o en la entrega de la \u2018Mara\u00f1uela de Plata\u2019 concedida al querido poeta por la AEA. En el acto &hellip; <a href=\"https:\/\/www.nievesviesca.com\/blog\/2024\/08\/13\/ecos-de-poesia-cic\/\">Sigue leyendo <span class=\"meta-nav\">&rarr;<\/span><\/a><\/p>\n","protected":false},"author":1,"featured_media":16606,"comment_status":"open","ping_status":"open","sticky":false,"template":"","format":"standard","meta":{"_bbp_topic_count":0,"_bbp_reply_count":0,"_bbp_total_topic_count":0,"_bbp_total_reply_count":0,"_bbp_voice_count":0,"_bbp_anonymous_reply_count":0,"_bbp_topic_count_hidden":0,"_bbp_reply_count_hidden":0,"_bbp_forum_subforum_count":0,"om_disable_all_campaigns":false,"_monsterinsights_skip_tracking":false,"_monsterinsights_sitenote_active":false,"_monsterinsights_sitenote_note":"","_monsterinsights_sitenote_category":0,"jetpack_post_was_ever_published":false,"_jetpack_newsletter_access":"","_jetpack_newsletter_tier_id":0,"footnotes":"","jetpack_publicize_message":"","jetpack_is_tweetstorm":false,"jetpack_publicize_feature_enabled":true,"jetpack_social_post_already_shared":true,"jetpack_social_options":{"image_generator_settings":{"template":"highway","enabled":false}}},"categories":[4],"tags":[],"jetpack_publicize_connections":[],"aioseo_notices":[],"jetpack_featured_media_url":"https:\/\/www.nievesviesca.com\/blog\/wp-content\/uploads\/2024\/08\/1-10.jpg","jetpack_sharing_enabled":true,"jetpack_shortlink":"https:\/\/wp.me\/p6xI8c-4jP","_links":{"self":[{"href":"https:\/\/www.nievesviesca.com\/blog\/wp-json\/wp\/v2\/posts\/16605"}],"collection":[{"href":"https:\/\/www.nievesviesca.com\/blog\/wp-json\/wp\/v2\/posts"}],"about":[{"href":"https:\/\/www.nievesviesca.com\/blog\/wp-json\/wp\/v2\/types\/post"}],"author":[{"embeddable":true,"href":"https:\/\/www.nievesviesca.com\/blog\/wp-json\/wp\/v2\/users\/1"}],"replies":[{"embeddable":true,"href":"https:\/\/www.nievesviesca.com\/blog\/wp-json\/wp\/v2\/comments?post=16605"}],"version-history":[{"count":2,"href":"https:\/\/www.nievesviesca.com\/blog\/wp-json\/wp\/v2\/posts\/16605\/revisions"}],"predecessor-version":[{"id":16611,"href":"https:\/\/www.nievesviesca.com\/blog\/wp-json\/wp\/v2\/posts\/16605\/revisions\/16611"}],"wp:featuredmedia":[{"embeddable":true,"href":"https:\/\/www.nievesviesca.com\/blog\/wp-json\/wp\/v2\/media\/16606"}],"wp:attachment":[{"href":"https:\/\/www.nievesviesca.com\/blog\/wp-json\/wp\/v2\/media?parent=16605"}],"wp:term":[{"taxonomy":"category","embeddable":true,"href":"https:\/\/www.nievesviesca.com\/blog\/wp-json\/wp\/v2\/categories?post=16605"},{"taxonomy":"post_tag","embeddable":true,"href":"https:\/\/www.nievesviesca.com\/blog\/wp-json\/wp\/v2\/tags?post=16605"}],"curies":[{"name":"wp","href":"https:\/\/api.w.org\/{rel}","templated":true}]}}