{"id":18069,"date":"2024-11-15T12:37:19","date_gmt":"2024-11-15T11:37:19","guid":{"rendered":"https:\/\/www.nievesviesca.com\/blog\/?p=18069"},"modified":"2024-11-15T12:37:19","modified_gmt":"2024-11-15T11:37:19","slug":"el-alba-de-los-libros-lvi","status":"publish","type":"post","link":"https:\/\/www.nievesviesca.com\/blog\/2024\/11\/15\/el-alba-de-los-libros-lvi\/","title":{"rendered":"El alba de los libros (LVI)"},"content":{"rendered":"<h2 style=\"text-align: center;\">VERSOS ENTRELAZADOS<\/h2>\n<div class=\"x11i5rnm xat24cr x1mh8g0r x1vvkbs xtlvy1s x126k92a\">\n<h4 dir=\"auto\" style=\"text-align: center;\">ROSA RODR\u00cdGUEZ moder\u00f3, en la Biblioteca P\u00fablica Mario Vargas Llosa de Madrid, el recital de las poetas CARMEN TOMEO y NIEVES VIESCA acompa\u00f1adas por otros\u00a0 poetas y p\u00fablico asistente.<\/h4>\n<h4 dir=\"auto\" style=\"text-align: center;\">Intensa tarde de po\u00e9tica literatura.<\/h4>\n<\/div>\n<p>&nbsp;<\/p>\n<p><a href=\"https:\/\/i0.wp.com\/www.nievesviesca.com\/blog\/wp-content\/uploads\/2024\/11\/a1.jpg?ssl=1\"><img decoding=\"async\" loading=\"lazy\" class=\"aligncenter  wp-image-18071\" src=\"https:\/\/i0.wp.com\/www.nievesviesca.com\/blog\/wp-content\/uploads\/2024\/11\/a1.jpg?resize=392%2C317&#038;ssl=1\" alt=\"\" width=\"392\" height=\"317\" data-recalc-dims=\"1\" \/><\/a><\/p>\n<p><a href=\"https:\/\/i0.wp.com\/www.nievesviesca.com\/blog\/wp-content\/uploads\/2024\/11\/a4-1.jpg?ssl=1\"><img decoding=\"async\" loading=\"lazy\" class=\"aligncenter  wp-image-18078\" src=\"https:\/\/i0.wp.com\/www.nievesviesca.com\/blog\/wp-content\/uploads\/2024\/11\/a4-1.jpg?resize=374%2C401&#038;ssl=1\" alt=\"\" width=\"374\" height=\"401\" srcset=\"https:\/\/i0.wp.com\/www.nievesviesca.com\/blog\/wp-content\/uploads\/2024\/11\/a4-1.jpg?resize=279%2C300&amp;ssl=1 279w, https:\/\/i0.wp.com\/www.nievesviesca.com\/blog\/wp-content\/uploads\/2024\/11\/a4-1.jpg?resize=300%2C323&amp;ssl=1 300w, https:\/\/i0.wp.com\/www.nievesviesca.com\/blog\/wp-content\/uploads\/2024\/11\/a4-1.jpg?zoom=2&amp;resize=374%2C401&amp;ssl=1 748w\" sizes=\"(max-width: 374px) 100vw, 374px\" data-recalc-dims=\"1\" \/><\/a><\/p>\n<p><a href=\"https:\/\/i0.wp.com\/www.nievesviesca.com\/blog\/wp-content\/uploads\/2024\/11\/a5.jpg?ssl=1\"><img decoding=\"async\" loading=\"lazy\" class=\"aligncenter  wp-image-18073\" src=\"https:\/\/i0.wp.com\/www.nievesviesca.com\/blog\/wp-content\/uploads\/2024\/11\/a5.jpg?resize=391%2C452&#038;ssl=1\" alt=\"\" width=\"391\" height=\"452\" data-recalc-dims=\"1\" \/><\/a><\/p>\n<p>&nbsp;<\/p>\n<p><a href=\"https:\/\/i0.wp.com\/www.nievesviesca.com\/blog\/wp-content\/uploads\/2024\/11\/a3.jpg?ssl=1\"><img decoding=\"async\" loading=\"lazy\" class=\"aligncenter  wp-image-18074\" src=\"https:\/\/i0.wp.com\/www.nievesviesca.com\/blog\/wp-content\/uploads\/2024\/11\/a3.jpg?resize=403%2C369&#038;ssl=1\" alt=\"\" width=\"403\" height=\"369\" srcset=\"https:\/\/i0.wp.com\/www.nievesviesca.com\/blog\/wp-content\/uploads\/2024\/11\/a3.jpg?resize=300%2C274&amp;ssl=1 300w, https:\/\/i0.wp.com\/www.nievesviesca.com\/blog\/wp-content\/uploads\/2024\/11\/a3.jpg?resize=768%2C702&amp;ssl=1 768w, https:\/\/i0.wp.com\/www.nievesviesca.com\/blog\/wp-content\/uploads\/2024\/11\/a3.jpg?resize=328%2C300&amp;ssl=1 328w, https:\/\/i0.wp.com\/www.nievesviesca.com\/blog\/wp-content\/uploads\/2024\/11\/a3.jpg?w=960&amp;ssl=1 960w\" sizes=\"(max-width: 403px) 100vw, 403px\" data-recalc-dims=\"1\" \/><\/a><\/p>\n<p><a href=\"https:\/\/i0.wp.com\/www.nievesviesca.com\/blog\/wp-content\/uploads\/2024\/11\/a6.jpg?ssl=1\"><img decoding=\"async\" loading=\"lazy\" class=\"aligncenter  wp-image-18076\" src=\"https:\/\/i0.wp.com\/www.nievesviesca.com\/blog\/wp-content\/uploads\/2024\/11\/a6.jpg?resize=390%2C330&#038;ssl=1\" alt=\"\" width=\"390\" height=\"330\" data-recalc-dims=\"1\" \/><\/a><\/p>\n<p><a href=\"https:\/\/i0.wp.com\/www.nievesviesca.com\/blog\/wp-content\/uploads\/2024\/11\/a7.jpg?ssl=1\"><img decoding=\"async\" loading=\"lazy\" class=\"aligncenter  wp-image-18077\" src=\"https:\/\/i0.wp.com\/www.nievesviesca.com\/blog\/wp-content\/uploads\/2024\/11\/a7.jpg?resize=393%2C273&#038;ssl=1\" alt=\"\" width=\"393\" height=\"273\" data-recalc-dims=\"1\" \/><\/a><\/p>\n<p>&nbsp;<\/p>\n<p>&nbsp;<\/p>\n<p>&nbsp;<\/p>\n","protected":false},"excerpt":{"rendered":"<p>VERSOS ENTRELAZADOS ROSA RODR\u00cdGUEZ moder\u00f3, en la Biblioteca P\u00fablica Mario Vargas Llosa de Madrid, el recital de las poetas CARMEN TOMEO y NIEVES VIESCA acompa\u00f1adas por otros\u00a0 poetas y p\u00fablico asistente. Intensa tarde de po\u00e9tica literatura. &nbsp; &nbsp; &nbsp; &nbsp; &hellip; <a href=\"https:\/\/www.nievesviesca.com\/blog\/2024\/11\/15\/el-alba-de-los-libros-lvi\/\">Sigue leyendo <span class=\"meta-nav\">&rarr;<\/span><\/a><\/p>\n","protected":false},"author":1,"featured_media":18079,"comment_status":"open","ping_status":"open","sticky":false,"template":"","format":"standard","meta":{"_bbp_topic_count":0,"_bbp_reply_count":0,"_bbp_total_topic_count":0,"_bbp_total_reply_count":0,"_bbp_voice_count":0,"_bbp_anonymous_reply_count":0,"_bbp_topic_count_hidden":0,"_bbp_reply_count_hidden":0,"_bbp_forum_subforum_count":0,"om_disable_all_campaigns":false,"_monsterinsights_skip_tracking":false,"_monsterinsights_sitenote_active":false,"_monsterinsights_sitenote_note":"","_monsterinsights_sitenote_category":0,"jetpack_post_was_ever_published":false,"_jetpack_newsletter_access":"","_jetpack_newsletter_tier_id":0,"footnotes":"","jetpack_publicize_message":"","jetpack_is_tweetstorm":false,"jetpack_publicize_feature_enabled":true,"jetpack_social_post_already_shared":true,"jetpack_social_options":{"image_generator_settings":{"template":"highway","enabled":false}}},"categories":[10],"tags":[],"jetpack_publicize_connections":[],"aioseo_notices":[],"jetpack_featured_media_url":"https:\/\/www.nievesviesca.com\/blog\/wp-content\/uploads\/2024\/11\/a7-1.jpg","jetpack_sharing_enabled":true,"jetpack_shortlink":"https:\/\/wp.me\/p6xI8c-4Hr","_links":{"self":[{"href":"https:\/\/www.nievesviesca.com\/blog\/wp-json\/wp\/v2\/posts\/18069"}],"collection":[{"href":"https:\/\/www.nievesviesca.com\/blog\/wp-json\/wp\/v2\/posts"}],"about":[{"href":"https:\/\/www.nievesviesca.com\/blog\/wp-json\/wp\/v2\/types\/post"}],"author":[{"embeddable":true,"href":"https:\/\/www.nievesviesca.com\/blog\/wp-json\/wp\/v2\/users\/1"}],"replies":[{"embeddable":true,"href":"https:\/\/www.nievesviesca.com\/blog\/wp-json\/wp\/v2\/comments?post=18069"}],"version-history":[{"count":2,"href":"https:\/\/www.nievesviesca.com\/blog\/wp-json\/wp\/v2\/posts\/18069\/revisions"}],"predecessor-version":[{"id":18080,"href":"https:\/\/www.nievesviesca.com\/blog\/wp-json\/wp\/v2\/posts\/18069\/revisions\/18080"}],"wp:featuredmedia":[{"embeddable":true,"href":"https:\/\/www.nievesviesca.com\/blog\/wp-json\/wp\/v2\/media\/18079"}],"wp:attachment":[{"href":"https:\/\/www.nievesviesca.com\/blog\/wp-json\/wp\/v2\/media?parent=18069"}],"wp:term":[{"taxonomy":"category","embeddable":true,"href":"https:\/\/www.nievesviesca.com\/blog\/wp-json\/wp\/v2\/categories?post=18069"},{"taxonomy":"post_tag","embeddable":true,"href":"https:\/\/www.nievesviesca.com\/blog\/wp-json\/wp\/v2\/tags?post=18069"}],"curies":[{"name":"wp","href":"https:\/\/api.w.org\/{rel}","templated":true}]}}