{"id":18588,"date":"2025-05-10T22:11:29","date_gmt":"2025-05-10T20:11:29","guid":{"rendered":"https:\/\/www.nievesviesca.com\/blog\/?p=18588"},"modified":"2025-05-10T22:11:29","modified_gmt":"2025-05-10T20:11:29","slug":"ecos-de-poesia-ccxv","status":"publish","type":"post","link":"https:\/\/www.nievesviesca.com\/blog\/2025\/05\/10\/ecos-de-poesia-ccxv\/","title":{"rendered":"ECOS DE POES\u00cdA (CCXV)"},"content":{"rendered":"<h1 style=\"text-align: center;\"><strong>FERIA DEL LIBRO DE SALAS (ASTURIAS)<\/strong><\/h1>\n<p style=\"text-align: center;\">Libros, Editoriales, Poes\u00eda y M\u00fasica se dieron cita en Salas donde la voz de los poetas invitados por Julia Urdiales (Asociaci\u00f3n Cultural El Buri\u00f3n) estuvieron acompa\u00f1ados por un p\u00fablico atento y fiel, haciendo muy gratificante la lluviosa ma\u00f1ana literaria.<\/p>\n<p>&nbsp;<\/p>\n<p><a href=\"https:\/\/i0.wp.com\/www.nievesviesca.com\/blog\/wp-content\/uploads\/2025\/05\/1-2.jpg?ssl=1\"><img decoding=\"async\" loading=\"lazy\" class=\"aligncenter  wp-image-18589\" src=\"https:\/\/i0.wp.com\/www.nievesviesca.com\/blog\/wp-content\/uploads\/2025\/05\/1-2.jpg?resize=408%2C390&#038;ssl=1\" alt=\"\" width=\"408\" height=\"390\" srcset=\"https:\/\/i0.wp.com\/www.nievesviesca.com\/blog\/wp-content\/uploads\/2025\/05\/1-2.jpg?resize=300%2C286&amp;ssl=1 300w, https:\/\/i0.wp.com\/www.nievesviesca.com\/blog\/wp-content\/uploads\/2025\/05\/1-2.jpg?resize=1536%2C1463&amp;ssl=1 1536w, https:\/\/i0.wp.com\/www.nievesviesca.com\/blog\/wp-content\/uploads\/2025\/05\/1-2.jpg?resize=315%2C300&amp;ssl=1 315w, https:\/\/i0.wp.com\/www.nievesviesca.com\/blog\/wp-content\/uploads\/2025\/05\/1-2.jpg?zoom=2&amp;resize=408%2C390&amp;ssl=1 816w, https:\/\/i0.wp.com\/www.nievesviesca.com\/blog\/wp-content\/uploads\/2025\/05\/1-2.jpg?zoom=3&amp;resize=408%2C390&amp;ssl=1 1224w\" sizes=\"(max-width: 408px) 100vw, 408px\" data-recalc-dims=\"1\" \/><\/a><\/p>\n<p><a href=\"https:\/\/i0.wp.com\/www.nievesviesca.com\/blog\/wp-content\/uploads\/2025\/05\/2-3.jpg?ssl=1\"><img decoding=\"async\" loading=\"lazy\" class=\"aligncenter  wp-image-18590\" src=\"https:\/\/i0.wp.com\/www.nievesviesca.com\/blog\/wp-content\/uploads\/2025\/05\/2-3.jpg?resize=420%2C479&#038;ssl=1\" alt=\"\" width=\"420\" height=\"479\" srcset=\"https:\/\/i0.wp.com\/www.nievesviesca.com\/blog\/wp-content\/uploads\/2025\/05\/2-3.jpg?resize=262%2C300&amp;ssl=1 262w, https:\/\/i0.wp.com\/www.nievesviesca.com\/blog\/wp-content\/uploads\/2025\/05\/2-3.jpg?zoom=2&amp;resize=420%2C479&amp;ssl=1 840w, https:\/\/i0.wp.com\/www.nievesviesca.com\/blog\/wp-content\/uploads\/2025\/05\/2-3.jpg?zoom=3&amp;resize=420%2C479&amp;ssl=1 1260w\" sizes=\"(max-width: 420px) 100vw, 420px\" data-recalc-dims=\"1\" \/><\/a><\/p>\n<p><a href=\"https:\/\/i0.wp.com\/www.nievesviesca.com\/blog\/wp-content\/uploads\/2025\/05\/3-1.jpg?ssl=1\"><img decoding=\"async\" loading=\"lazy\" class=\"aligncenter  wp-image-18591\" src=\"https:\/\/i0.wp.com\/www.nievesviesca.com\/blog\/wp-content\/uploads\/2025\/05\/3-1.jpg?resize=429%2C549&#038;ssl=1\" alt=\"\" width=\"429\" height=\"549\" data-recalc-dims=\"1\" \/><\/a><\/p>\n<p><a href=\"https:\/\/i0.wp.com\/www.nievesviesca.com\/blog\/wp-content\/uploads\/2025\/05\/5.jpg?ssl=1\"><img decoding=\"async\" loading=\"lazy\" class=\"aligncenter  wp-image-18593\" src=\"https:\/\/i0.wp.com\/www.nievesviesca.com\/blog\/wp-content\/uploads\/2025\/05\/5.jpg?resize=432%2C488&#038;ssl=1\" alt=\"\" width=\"432\" height=\"488\" srcset=\"https:\/\/i0.wp.com\/www.nievesviesca.com\/blog\/wp-content\/uploads\/2025\/05\/5.jpg?resize=300%2C340&amp;ssl=1 300w, https:\/\/i0.wp.com\/www.nievesviesca.com\/blog\/wp-content\/uploads\/2025\/05\/5.jpg?zoom=2&amp;resize=432%2C488&amp;ssl=1 864w, https:\/\/i0.wp.com\/www.nievesviesca.com\/blog\/wp-content\/uploads\/2025\/05\/5.jpg?zoom=3&amp;resize=432%2C488&amp;ssl=1 1296w\" sizes=\"(max-width: 432px) 100vw, 432px\" data-recalc-dims=\"1\" \/><\/a><\/p>\n","protected":false},"excerpt":{"rendered":"<p>FERIA DEL LIBRO DE SALAS (ASTURIAS) Libros, Editoriales, Poes\u00eda y M\u00fasica se dieron cita en Salas donde la voz de los poetas invitados por Julia Urdiales (Asociaci\u00f3n Cultural El Buri\u00f3n) estuvieron acompa\u00f1ados por un p\u00fablico atento y fiel, haciendo muy &hellip; <a href=\"https:\/\/www.nievesviesca.com\/blog\/2025\/05\/10\/ecos-de-poesia-ccxv\/\">Sigue leyendo <span class=\"meta-nav\">&rarr;<\/span><\/a><\/p>\n","protected":false},"author":1,"featured_media":18589,"comment_status":"open","ping_status":"open","sticky":false,"template":"","format":"standard","meta":{"_bbp_topic_count":0,"_bbp_reply_count":0,"_bbp_total_topic_count":0,"_bbp_total_reply_count":0,"_bbp_voice_count":0,"_bbp_anonymous_reply_count":0,"_bbp_topic_count_hidden":0,"_bbp_reply_count_hidden":0,"_bbp_forum_subforum_count":0,"om_disable_all_campaigns":false,"_monsterinsights_skip_tracking":false,"_monsterinsights_sitenote_active":false,"_monsterinsights_sitenote_note":"","_monsterinsights_sitenote_category":0,"jetpack_post_was_ever_published":false,"_jetpack_newsletter_access":"","_jetpack_newsletter_tier_id":0,"footnotes":"","jetpack_publicize_message":"","jetpack_is_tweetstorm":false,"jetpack_publicize_feature_enabled":true,"jetpack_social_post_already_shared":true,"jetpack_social_options":{"image_generator_settings":{"template":"highway","enabled":false}}},"categories":[4],"tags":[],"jetpack_publicize_connections":[],"aioseo_notices":[],"jetpack_featured_media_url":"https:\/\/www.nievesviesca.com\/blog\/wp-content\/uploads\/2025\/05\/1-2.jpg","jetpack_sharing_enabled":true,"jetpack_shortlink":"https:\/\/wp.me\/p6xI8c-4PO","_links":{"self":[{"href":"https:\/\/www.nievesviesca.com\/blog\/wp-json\/wp\/v2\/posts\/18588"}],"collection":[{"href":"https:\/\/www.nievesviesca.com\/blog\/wp-json\/wp\/v2\/posts"}],"about":[{"href":"https:\/\/www.nievesviesca.com\/blog\/wp-json\/wp\/v2\/types\/post"}],"author":[{"embeddable":true,"href":"https:\/\/www.nievesviesca.com\/blog\/wp-json\/wp\/v2\/users\/1"}],"replies":[{"embeddable":true,"href":"https:\/\/www.nievesviesca.com\/blog\/wp-json\/wp\/v2\/comments?post=18588"}],"version-history":[{"count":2,"href":"https:\/\/www.nievesviesca.com\/blog\/wp-json\/wp\/v2\/posts\/18588\/revisions"}],"predecessor-version":[{"id":18595,"href":"https:\/\/www.nievesviesca.com\/blog\/wp-json\/wp\/v2\/posts\/18588\/revisions\/18595"}],"wp:featuredmedia":[{"embeddable":true,"href":"https:\/\/www.nievesviesca.com\/blog\/wp-json\/wp\/v2\/media\/18589"}],"wp:attachment":[{"href":"https:\/\/www.nievesviesca.com\/blog\/wp-json\/wp\/v2\/media?parent=18588"}],"wp:term":[{"taxonomy":"category","embeddable":true,"href":"https:\/\/www.nievesviesca.com\/blog\/wp-json\/wp\/v2\/categories?post=18588"},{"taxonomy":"post_tag","embeddable":true,"href":"https:\/\/www.nievesviesca.com\/blog\/wp-json\/wp\/v2\/tags?post=18588"}],"curies":[{"name":"wp","href":"https:\/\/api.w.org\/{rel}","templated":true}]}}