{"id":18784,"date":"2025-08-23T20:28:38","date_gmt":"2025-08-23T18:28:38","guid":{"rendered":"https:\/\/www.nievesviesca.com\/blog\/?p=18784"},"modified":"2025-08-23T20:28:38","modified_gmt":"2025-08-23T18:28:38","slug":"ecos-de-poesia-ccxxi","status":"publish","type":"post","link":"https:\/\/www.nievesviesca.com\/blog\/2025\/08\/23\/ecos-de-poesia-ccxxi\/","title":{"rendered":"Ecos de poes\u00eda (CCXXI)"},"content":{"rendered":"<div dir=\"auto\">\u201cTRIBUTO A VICTOR BOTAS\u201d<\/div>\n<div dir=\"auto\"><\/div>\n<div dir=\"auto\">La Caravana del Verso con sus voces y su m\u00fasica recordando la poes\u00eda de V\u00edctor Botas, arropados por los m\u00faltiples aplausos de un numeroso publico.<\/div>\n<div dir=\"auto\" style=\"text-align: center;\">(Sala de C\u00e1mara Auditorio Pr\u00edncipe Felipe de Oviedo)<\/div>\n<div dir=\"auto\"><\/div>\n<div dir=\"auto\"><\/div>\n<div dir=\"auto\"><\/div>\n<div dir=\"auto\"><a href=\"https:\/\/i0.wp.com\/www.nievesviesca.com\/blog\/wp-content\/uploads\/2025\/08\/2.jpg?ssl=1\"><img decoding=\"async\" loading=\"lazy\" class=\"aligncenter  wp-image-18786\" src=\"https:\/\/i0.wp.com\/www.nievesviesca.com\/blog\/wp-content\/uploads\/2025\/08\/2.jpg?resize=461%2C374&#038;ssl=1\" alt=\"\" width=\"461\" height=\"374\" srcset=\"https:\/\/i0.wp.com\/www.nievesviesca.com\/blog\/wp-content\/uploads\/2025\/08\/2.jpg?resize=300%2C242&amp;ssl=1 300w, https:\/\/i0.wp.com\/www.nievesviesca.com\/blog\/wp-content\/uploads\/2025\/08\/2.jpg?zoom=2&amp;resize=461%2C374&amp;ssl=1 922w, https:\/\/i0.wp.com\/www.nievesviesca.com\/blog\/wp-content\/uploads\/2025\/08\/2.jpg?zoom=3&amp;resize=461%2C374&amp;ssl=1 1383w\" sizes=\"(max-width: 461px) 100vw, 461px\" data-recalc-dims=\"1\" \/><\/a><\/div>\n<div dir=\"auto\"><\/div>\n<div dir=\"auto\"><\/div>\n<div dir=\"auto\"><\/div>\n<div dir=\"auto\"><a href=\"https:\/\/i0.wp.com\/www.nievesviesca.com\/blog\/wp-content\/uploads\/2025\/08\/3.jpg?ssl=1\"><img decoding=\"async\" loading=\"lazy\" class=\"aligncenter  wp-image-18787\" src=\"https:\/\/i0.wp.com\/www.nievesviesca.com\/blog\/wp-content\/uploads\/2025\/08\/3.jpg?resize=474%2C360&#038;ssl=1\" alt=\"\" width=\"474\" height=\"360\" data-recalc-dims=\"1\" \/><\/a><\/div>\n<div dir=\"auto\"><\/div>\n<div dir=\"auto\"><a href=\"https:\/\/i0.wp.com\/www.nievesviesca.com\/blog\/wp-content\/uploads\/2025\/08\/1.jpg?ssl=1\"><img decoding=\"async\" loading=\"lazy\" class=\"aligncenter  wp-image-18785\" src=\"https:\/\/i0.wp.com\/www.nievesviesca.com\/blog\/wp-content\/uploads\/2025\/08\/1.jpg?resize=421%2C554&#038;ssl=1\" alt=\"\" width=\"421\" height=\"554\" data-recalc-dims=\"1\" \/><\/a><\/div>\n<div dir=\"auto\"><a href=\"https:\/\/i0.wp.com\/www.nievesviesca.com\/blog\/wp-content\/uploads\/2025\/08\/4.jpg?ssl=1\"><img decoding=\"async\" loading=\"lazy\" class=\"aligncenter  wp-image-18788\" src=\"https:\/\/i0.wp.com\/www.nievesviesca.com\/blog\/wp-content\/uploads\/2025\/08\/4.jpg?resize=466%2C299&#038;ssl=1\" alt=\"\" width=\"466\" height=\"299\" data-recalc-dims=\"1\" \/><\/a><\/div>\n","protected":false},"excerpt":{"rendered":"<p>\u201cTRIBUTO A VICTOR BOTAS\u201d La Caravana del Verso con sus voces y su m\u00fasica recordando la poes\u00eda de V\u00edctor Botas, arropados por los m\u00faltiples aplausos de un numeroso publico. (Sala de C\u00e1mara Auditorio Pr\u00edncipe Felipe de Oviedo)<\/p>\n","protected":false},"author":1,"featured_media":18786,"comment_status":"open","ping_status":"open","sticky":false,"template":"","format":"standard","meta":{"_bbp_topic_count":0,"_bbp_reply_count":0,"_bbp_total_topic_count":0,"_bbp_total_reply_count":0,"_bbp_voice_count":0,"_bbp_anonymous_reply_count":0,"_bbp_topic_count_hidden":0,"_bbp_reply_count_hidden":0,"_bbp_forum_subforum_count":0,"om_disable_all_campaigns":false,"_monsterinsights_skip_tracking":false,"_monsterinsights_sitenote_active":false,"_monsterinsights_sitenote_note":"","_monsterinsights_sitenote_category":0,"jetpack_post_was_ever_published":false,"_jetpack_newsletter_access":"","_jetpack_newsletter_tier_id":0,"footnotes":"","jetpack_publicize_message":"","jetpack_is_tweetstorm":false,"jetpack_publicize_feature_enabled":true,"jetpack_social_post_already_shared":true,"jetpack_social_options":{"image_generator_settings":{"template":"highway","enabled":false}}},"categories":[4],"tags":[],"jetpack_publicize_connections":[],"aioseo_notices":[],"jetpack_featured_media_url":"https:\/\/www.nievesviesca.com\/blog\/wp-content\/uploads\/2025\/08\/2.jpg","jetpack_sharing_enabled":true,"jetpack_shortlink":"https:\/\/wp.me\/p6xI8c-4SY","_links":{"self":[{"href":"https:\/\/www.nievesviesca.com\/blog\/wp-json\/wp\/v2\/posts\/18784"}],"collection":[{"href":"https:\/\/www.nievesviesca.com\/blog\/wp-json\/wp\/v2\/posts"}],"about":[{"href":"https:\/\/www.nievesviesca.com\/blog\/wp-json\/wp\/v2\/types\/post"}],"author":[{"embeddable":true,"href":"https:\/\/www.nievesviesca.com\/blog\/wp-json\/wp\/v2\/users\/1"}],"replies":[{"embeddable":true,"href":"https:\/\/www.nievesviesca.com\/blog\/wp-json\/wp\/v2\/comments?post=18784"}],"version-history":[{"count":4,"href":"https:\/\/www.nievesviesca.com\/blog\/wp-json\/wp\/v2\/posts\/18784\/revisions"}],"predecessor-version":[{"id":18792,"href":"https:\/\/www.nievesviesca.com\/blog\/wp-json\/wp\/v2\/posts\/18784\/revisions\/18792"}],"wp:featuredmedia":[{"embeddable":true,"href":"https:\/\/www.nievesviesca.com\/blog\/wp-json\/wp\/v2\/media\/18786"}],"wp:attachment":[{"href":"https:\/\/www.nievesviesca.com\/blog\/wp-json\/wp\/v2\/media?parent=18784"}],"wp:term":[{"taxonomy":"category","embeddable":true,"href":"https:\/\/www.nievesviesca.com\/blog\/wp-json\/wp\/v2\/categories?post=18784"},{"taxonomy":"post_tag","embeddable":true,"href":"https:\/\/www.nievesviesca.com\/blog\/wp-json\/wp\/v2\/tags?post=18784"}],"curies":[{"name":"wp","href":"https:\/\/api.w.org\/{rel}","templated":true}]}}