{"id":19273,"date":"2025-12-16T12:49:36","date_gmt":"2025-12-16T11:49:36","guid":{"rendered":"https:\/\/www.nievesviesca.com\/blog\/?p=19273"},"modified":"2025-12-16T12:49:36","modified_gmt":"2025-12-16T11:49:36","slug":"ecos-de-poesia-ccxxviii","status":"publish","type":"post","link":"https:\/\/www.nievesviesca.com\/blog\/2025\/12\/16\/ecos-de-poesia-ccxxviii\/","title":{"rendered":"Ecos de Poes\u00eda (CCXXVIII)"},"content":{"rendered":"<p>&nbsp;<\/p>\n<h4 dir=\"auto\" style=\"text-align: center;\">\u201cLETRAS NAVIDE\u00d1AS\u201d<\/h4>\n<h4 dir=\"auto\" style=\"text-align: center;\">EN EL ANTIGUO AYUNTAMIENTO<\/h4>\n<h4 dir=\"auto\" style=\"text-align: center;\">DE ALBACETE.<\/h4>\n<div dir=\"auto\" style=\"text-align: center;\"><\/div>\n<div dir=\"auto\" style=\"text-align: center;\">Un a\u00f1o m\u00e1s, muy agradecida a la Asociaci\u00f3n Literaria Quijote y a Viky y Jos\u00e9 Luis, por la invitaci\u00f3n para participar en este III Recital de Poes\u00eda y Textos Navide\u00f1os a beneficio de la Asociaci\u00f3n Espa\u00f1ola contra el C\u00e1ncer con la asistencia, entre otras autoridades, de la Presidenta y sus emotivas palabras.<\/div>\n<div dir=\"auto\" style=\"text-align: center;\">.<\/div>\n<p style=\"text-align: center;\">\n<p><a href=\"https:\/\/i0.wp.com\/www.nievesviesca.com\/blog\/wp-content\/uploads\/2025\/12\/1.jpg?ssl=1\"><img decoding=\"async\" loading=\"lazy\" class=\"aligncenter  wp-image-19274\" src=\"https:\/\/i0.wp.com\/www.nievesviesca.com\/blog\/wp-content\/uploads\/2025\/12\/1.jpg?resize=401%2C702&#038;ssl=1\" alt=\"\" width=\"401\" height=\"702\" data-recalc-dims=\"1\" \/><\/a><\/p>\n<p><a href=\"https:\/\/i0.wp.com\/www.nievesviesca.com\/blog\/wp-content\/uploads\/2025\/12\/2.jpg?ssl=1\"><img decoding=\"async\" loading=\"lazy\" class=\"aligncenter  wp-image-19275\" src=\"https:\/\/i0.wp.com\/www.nievesviesca.com\/blog\/wp-content\/uploads\/2025\/12\/2.jpg?resize=388%2C513&#038;ssl=1\" alt=\"\" width=\"388\" height=\"513\" data-recalc-dims=\"1\" \/><\/a><\/p>\n<p><a href=\"https:\/\/i0.wp.com\/www.nievesviesca.com\/blog\/wp-content\/uploads\/2025\/12\/3.jpg?ssl=1\"><img decoding=\"async\" loading=\"lazy\" class=\"aligncenter  wp-image-19276\" src=\"https:\/\/i0.wp.com\/www.nievesviesca.com\/blog\/wp-content\/uploads\/2025\/12\/3.jpg?resize=399%2C508&#038;ssl=1\" alt=\"\" width=\"399\" height=\"508\" data-recalc-dims=\"1\" \/><\/a><\/p>\n<p><a href=\"https:\/\/i0.wp.com\/www.nievesviesca.com\/blog\/wp-content\/uploads\/2025\/12\/5.jpg?ssl=1\"><img decoding=\"async\" loading=\"lazy\" class=\"aligncenter  wp-image-19278\" src=\"https:\/\/i0.wp.com\/www.nievesviesca.com\/blog\/wp-content\/uploads\/2025\/12\/5.jpg?resize=378%2C531&#038;ssl=1\" alt=\"\" width=\"378\" height=\"531\" data-recalc-dims=\"1\" \/><\/a><\/p>\n<p><a href=\"https:\/\/i0.wp.com\/www.nievesviesca.com\/blog\/wp-content\/uploads\/2025\/12\/6.jpg?ssl=1\"><img decoding=\"async\" loading=\"lazy\" class=\"aligncenter  wp-image-19279\" src=\"https:\/\/i0.wp.com\/www.nievesviesca.com\/blog\/wp-content\/uploads\/2025\/12\/6.jpg?resize=580%2C424&#038;ssl=1\" alt=\"\" width=\"580\" height=\"424\" data-recalc-dims=\"1\" \/><\/a><\/p>\n<p><a href=\"https:\/\/i0.wp.com\/www.nievesviesca.com\/blog\/wp-content\/uploads\/2025\/12\/7.jpg?ssl=1\"><img decoding=\"async\" loading=\"lazy\" class=\"aligncenter  wp-image-19280\" src=\"https:\/\/i0.wp.com\/www.nievesviesca.com\/blog\/wp-content\/uploads\/2025\/12\/7.jpg?resize=401%2C523&#038;ssl=1\" alt=\"\" width=\"401\" height=\"523\" data-recalc-dims=\"1\" \/><\/a><\/p>\n<p><a href=\"https:\/\/i0.wp.com\/www.nievesviesca.com\/blog\/wp-content\/uploads\/2025\/12\/8.jpg?ssl=1\"><img decoding=\"async\" loading=\"lazy\" class=\"aligncenter  wp-image-19281\" src=\"https:\/\/i0.wp.com\/www.nievesviesca.com\/blog\/wp-content\/uploads\/2025\/12\/8.jpg?resize=445%2C255&#038;ssl=1\" alt=\"\" width=\"445\" height=\"255\" data-recalc-dims=\"1\" \/><\/a><\/p>\n","protected":false},"excerpt":{"rendered":"<p>&nbsp; \u201cLETRAS NAVIDE\u00d1AS\u201d EN EL ANTIGUO AYUNTAMIENTO DE ALBACETE. Un a\u00f1o m\u00e1s, muy agradecida a la Asociaci\u00f3n Literaria Quijote y a Viky y Jos\u00e9 Luis, por la invitaci\u00f3n para participar en este III Recital de Poes\u00eda y Textos Navide\u00f1os a &hellip; <a href=\"https:\/\/www.nievesviesca.com\/blog\/2025\/12\/16\/ecos-de-poesia-ccxxviii\/\">Sigue leyendo <span class=\"meta-nav\">&rarr;<\/span><\/a><\/p>\n","protected":false},"author":1,"featured_media":19281,"comment_status":"open","ping_status":"open","sticky":false,"template":"","format":"standard","meta":{"_bbp_topic_count":0,"_bbp_reply_count":0,"_bbp_total_topic_count":0,"_bbp_total_reply_count":0,"_bbp_voice_count":0,"_bbp_anonymous_reply_count":0,"_bbp_topic_count_hidden":0,"_bbp_reply_count_hidden":0,"_bbp_forum_subforum_count":0,"om_disable_all_campaigns":false,"_monsterinsights_skip_tracking":false,"_monsterinsights_sitenote_active":false,"_monsterinsights_sitenote_note":"","_monsterinsights_sitenote_category":0,"jetpack_post_was_ever_published":false,"_jetpack_newsletter_access":"","_jetpack_newsletter_tier_id":0,"footnotes":"","jetpack_publicize_message":"","jetpack_is_tweetstorm":false,"jetpack_publicize_feature_enabled":true,"jetpack_social_post_already_shared":true,"jetpack_social_options":{"image_generator_settings":{"template":"highway","enabled":false}}},"categories":[4],"tags":[],"jetpack_publicize_connections":[],"aioseo_notices":[],"jetpack_featured_media_url":"https:\/\/www.nievesviesca.com\/blog\/wp-content\/uploads\/2025\/12\/8.jpg","jetpack_sharing_enabled":true,"jetpack_shortlink":"https:\/\/wp.me\/p6xI8c-50R","_links":{"self":[{"href":"https:\/\/www.nievesviesca.com\/blog\/wp-json\/wp\/v2\/posts\/19273"}],"collection":[{"href":"https:\/\/www.nievesviesca.com\/blog\/wp-json\/wp\/v2\/posts"}],"about":[{"href":"https:\/\/www.nievesviesca.com\/blog\/wp-json\/wp\/v2\/types\/post"}],"author":[{"embeddable":true,"href":"https:\/\/www.nievesviesca.com\/blog\/wp-json\/wp\/v2\/users\/1"}],"replies":[{"embeddable":true,"href":"https:\/\/www.nievesviesca.com\/blog\/wp-json\/wp\/v2\/comments?post=19273"}],"version-history":[{"count":2,"href":"https:\/\/www.nievesviesca.com\/blog\/wp-json\/wp\/v2\/posts\/19273\/revisions"}],"predecessor-version":[{"id":19283,"href":"https:\/\/www.nievesviesca.com\/blog\/wp-json\/wp\/v2\/posts\/19273\/revisions\/19283"}],"wp:featuredmedia":[{"embeddable":true,"href":"https:\/\/www.nievesviesca.com\/blog\/wp-json\/wp\/v2\/media\/19281"}],"wp:attachment":[{"href":"https:\/\/www.nievesviesca.com\/blog\/wp-json\/wp\/v2\/media?parent=19273"}],"wp:term":[{"taxonomy":"category","embeddable":true,"href":"https:\/\/www.nievesviesca.com\/blog\/wp-json\/wp\/v2\/categories?post=19273"},{"taxonomy":"post_tag","embeddable":true,"href":"https:\/\/www.nievesviesca.com\/blog\/wp-json\/wp\/v2\/tags?post=19273"}],"curies":[{"name":"wp","href":"https:\/\/api.w.org\/{rel}","templated":true}]}}