{"id":19498,"date":"2026-02-04T18:46:53","date_gmt":"2026-02-04T17:46:53","guid":{"rendered":"https:\/\/www.nievesviesca.com\/blog\/?p=19498"},"modified":"2026-02-04T18:46:53","modified_gmt":"2026-02-04T17:46:53","slug":"ecos-de-poesia-ccxxx","status":"publish","type":"post","link":"https:\/\/www.nievesviesca.com\/blog\/2026\/02\/04\/ecos-de-poesia-ccxxx\/","title":{"rendered":"Ecos de Poes\u00eda (CCXXX)"},"content":{"rendered":"<p><strong>IX DOMINGO PO\u00c9TICO EN LA CASA DE C\u00d3RDOBA DE MADRID<\/strong><\/p>\n<div class=\"xdj266r x14z9mp xat24cr x1lziwak x1vvkbs x126k92a\">\n<div dir=\"auto\">Intenso Recital coordinado por <span class=\"html-span xdj266r x14z9mp xat24cr x1lziwak xexx8yu xyri2b x18d9i69 x1c1uobl x1hl2dhg x16tdsg8 x1vvkbs\"><a class=\"x1i10hfl xjbqb8w x1ejq31n x18oe1m7 x1sy0etr xstzfhl x972fbf x10w94by x1qhh985 x14e42zd x9f619 x1ypdohk xt0psk2 x3ct3a4 xdj266r x14z9mp xat24cr x1lziwak xexx8yu xyri2b x18d9i69 x1c1uobl x16tdsg8 x1hl2dhg xggy1nq x1a2a7pz xkrqix3 x1sur9pj x1fey0fg x1s688f\" tabindex=\"0\" role=\"link\" href=\"https:\/\/www.facebook.com\/profile.php?id=100000575983738&amp;__cft__[0]=AZaju-M-oel791Wy_6l7PJmUJAUs-4tn_CP_RhckkqD3NULLoFlzXSqhqB0po9UhC-cSnKHA1LzzxWRjMBg5P1ps3WSs23sqQy7pot9Drm7BnRtIPTDAcSvVFwyfJO0zFI8QqXvb1hXcDEbbrYjbdTfPuaOhJ1cfmElTMqN8zfurl-ICKPKicA5RWDusTtQy3G8&amp;__tn__=-]K-R\"><span class=\"xt0psk2\"><span class=\"xjp7ctv\">Alberto Morate<\/span><\/span><\/a><\/span> en la <span class=\"html-span xdj266r x14z9mp xat24cr x1lziwak xexx8yu xyri2b x18d9i69 x1c1uobl x1hl2dhg x16tdsg8 x1vvkbs\"><a class=\"x1i10hfl xjbqb8w x1ejq31n x18oe1m7 x1sy0etr xstzfhl x972fbf x10w94by x1qhh985 x14e42zd x9f619 x1ypdohk xt0psk2 x3ct3a4 xdj266r x14z9mp xat24cr x1lziwak xexx8yu xyri2b x18d9i69 x1c1uobl x16tdsg8 x1hl2dhg xggy1nq x1a2a7pz xkrqix3 x1sur9pj x1fey0fg x1s688f\" tabindex=\"0\" role=\"link\" href=\"https:\/\/www.facebook.com\/profile.php?id=100064282911421&amp;__cft__[0]=AZaju-M-oel791Wy_6l7PJmUJAUs-4tn_CP_RhckkqD3NULLoFlzXSqhqB0po9UhC-cSnKHA1LzzxWRjMBg5P1ps3WSs23sqQy7pot9Drm7BnRtIPTDAcSvVFwyfJO0zFI8QqXvb1hXcDEbbrYjbdTfPuaOhJ1cfmElTMqN8zfurl-ICKPKicA5RWDusTtQy3G8&amp;__tn__=-]K-R\"><span class=\"xt0psk2\"><span class=\"xjp7ctv\">Casa de C\u00f3rdoba en Madrid<\/span><\/span><\/a><\/span> donde el verso, la palabra y la m\u00fasica se fundieron en cada una de las personales voces unidas por la magia y el lirismo de la Poes\u00eda.<\/div>\n<div dir=\"auto\"><\/div>\n<\/div>\n<div class=\"x14z9mp xat24cr x1lziwak x1vvkbs xtlvy1s x126k92a\">\n<div dir=\"auto\">\u201cSomos el tiempo que nos queda\u201d escribi\u00f3 el homenajeado Caballero Bonald.<\/div>\n<\/div>\n<div class=\"x14z9mp xat24cr x1lziwak x1vvkbs xtlvy1s x126k92a\">\n<div dir=\"auto\">Una velada para recordar.<\/div>\n<\/div>\n<p><a href=\"https:\/\/i0.wp.com\/www.nievesviesca.com\/blog\/wp-content\/uploads\/2026\/02\/1-1.jpg?ssl=1\"><img decoding=\"async\" loading=\"lazy\" class=\"wp-image-19499 aligncenter\" src=\"https:\/\/i0.wp.com\/www.nievesviesca.com\/blog\/wp-content\/uploads\/2026\/02\/1-1.jpg?resize=389%2C515&#038;ssl=1\" alt=\"\" width=\"389\" height=\"515\" data-recalc-dims=\"1\" \/><\/a><\/p>\n<p><a href=\"https:\/\/i0.wp.com\/www.nievesviesca.com\/blog\/wp-content\/uploads\/2026\/02\/1-2.jpg?ssl=1\"><img decoding=\"async\" loading=\"lazy\" class=\"aligncenter  wp-image-19500\" src=\"https:\/\/i0.wp.com\/www.nievesviesca.com\/blog\/wp-content\/uploads\/2026\/02\/1-2.jpg?resize=390%2C513&#038;ssl=1\" alt=\"\" width=\"390\" height=\"513\" data-recalc-dims=\"1\" \/><\/a><\/p>\n<p><a href=\"https:\/\/i0.wp.com\/www.nievesviesca.com\/blog\/wp-content\/uploads\/2026\/02\/1-4.jpg?ssl=1\"><img decoding=\"async\" loading=\"lazy\" class=\"aligncenter  wp-image-19502\" src=\"https:\/\/i0.wp.com\/www.nievesviesca.com\/blog\/wp-content\/uploads\/2026\/02\/1-4.jpg?resize=378%2C498&#038;ssl=1\" alt=\"\" width=\"378\" height=\"498\" data-recalc-dims=\"1\" \/><\/a><\/p>\n<p><a href=\"https:\/\/i0.wp.com\/www.nievesviesca.com\/blog\/wp-content\/uploads\/2026\/02\/1-5.jpg?ssl=1\"><img decoding=\"async\" loading=\"lazy\" class=\"aligncenter  wp-image-19503\" src=\"https:\/\/i0.wp.com\/www.nievesviesca.com\/blog\/wp-content\/uploads\/2026\/02\/1-5.jpg?resize=369%2C486&#038;ssl=1\" alt=\"\" width=\"369\" height=\"486\" data-recalc-dims=\"1\" \/><\/a><\/p>\n<p><a href=\"https:\/\/i0.wp.com\/www.nievesviesca.com\/blog\/wp-content\/uploads\/2026\/02\/1-6.jpg?ssl=1\"><img decoding=\"async\" loading=\"lazy\" class=\"aligncenter  wp-image-19504\" src=\"https:\/\/i0.wp.com\/www.nievesviesca.com\/blog\/wp-content\/uploads\/2026\/02\/1-6.jpg?resize=375%2C466&#038;ssl=1\" alt=\"\" width=\"375\" height=\"466\" data-recalc-dims=\"1\" \/><\/a><\/p>\n","protected":false},"excerpt":{"rendered":"<p>IX DOMINGO PO\u00c9TICO EN LA CASA DE C\u00d3RDOBA DE MADRID Intenso Recital coordinado por Alberto Morate en la Casa de C\u00f3rdoba en Madrid donde el verso, la palabra y la m\u00fasica se fundieron en cada una de las personales voces &hellip; <a href=\"https:\/\/www.nievesviesca.com\/blog\/2026\/02\/04\/ecos-de-poesia-ccxxx\/\">Sigue leyendo <span class=\"meta-nav\">&rarr;<\/span><\/a><\/p>\n","protected":false},"author":1,"featured_media":19499,"comment_status":"open","ping_status":"open","sticky":false,"template":"","format":"standard","meta":{"_bbp_topic_count":0,"_bbp_reply_count":0,"_bbp_total_topic_count":0,"_bbp_total_reply_count":0,"_bbp_voice_count":0,"_bbp_anonymous_reply_count":0,"_bbp_topic_count_hidden":0,"_bbp_reply_count_hidden":0,"_bbp_forum_subforum_count":0,"om_disable_all_campaigns":false,"_monsterinsights_skip_tracking":false,"_monsterinsights_sitenote_active":false,"_monsterinsights_sitenote_note":"","_monsterinsights_sitenote_category":0,"jetpack_post_was_ever_published":false,"_jetpack_newsletter_access":"","_jetpack_newsletter_tier_id":0,"footnotes":"","jetpack_publicize_message":"","jetpack_is_tweetstorm":false,"jetpack_publicize_feature_enabled":true,"jetpack_social_post_already_shared":true,"jetpack_social_options":{"image_generator_settings":{"template":"highway","enabled":false}}},"categories":[4],"tags":[],"jetpack_publicize_connections":[],"aioseo_notices":[],"jetpack_featured_media_url":"https:\/\/www.nievesviesca.com\/blog\/wp-content\/uploads\/2026\/02\/1-1.jpg","jetpack_sharing_enabled":true,"jetpack_shortlink":"https:\/\/wp.me\/p6xI8c-54u","_links":{"self":[{"href":"https:\/\/www.nievesviesca.com\/blog\/wp-json\/wp\/v2\/posts\/19498"}],"collection":[{"href":"https:\/\/www.nievesviesca.com\/blog\/wp-json\/wp\/v2\/posts"}],"about":[{"href":"https:\/\/www.nievesviesca.com\/blog\/wp-json\/wp\/v2\/types\/post"}],"author":[{"embeddable":true,"href":"https:\/\/www.nievesviesca.com\/blog\/wp-json\/wp\/v2\/users\/1"}],"replies":[{"embeddable":true,"href":"https:\/\/www.nievesviesca.com\/blog\/wp-json\/wp\/v2\/comments?post=19498"}],"version-history":[{"count":2,"href":"https:\/\/www.nievesviesca.com\/blog\/wp-json\/wp\/v2\/posts\/19498\/revisions"}],"predecessor-version":[{"id":19507,"href":"https:\/\/www.nievesviesca.com\/blog\/wp-json\/wp\/v2\/posts\/19498\/revisions\/19507"}],"wp:featuredmedia":[{"embeddable":true,"href":"https:\/\/www.nievesviesca.com\/blog\/wp-json\/wp\/v2\/media\/19499"}],"wp:attachment":[{"href":"https:\/\/www.nievesviesca.com\/blog\/wp-json\/wp\/v2\/media?parent=19498"}],"wp:term":[{"taxonomy":"category","embeddable":true,"href":"https:\/\/www.nievesviesca.com\/blog\/wp-json\/wp\/v2\/categories?post=19498"},{"taxonomy":"post_tag","embeddable":true,"href":"https:\/\/www.nievesviesca.com\/blog\/wp-json\/wp\/v2\/tags?post=19498"}],"curies":[{"name":"wp","href":"https:\/\/api.w.org\/{rel}","templated":true}]}}