{"id":19547,"date":"2026-02-07T19:07:18","date_gmt":"2026-02-07T18:07:18","guid":{"rendered":"https:\/\/www.nievesviesca.com\/blog\/?p=19547"},"modified":"2026-02-07T19:21:55","modified_gmt":"2026-02-07T18:21:55","slug":"el-alba-de-los-libros-lx","status":"publish","type":"post","link":"https:\/\/www.nievesviesca.com\/blog\/2026\/02\/07\/el-alba-de-los-libros-lx\/","title":{"rendered":"El alba de los libros (LX)"},"content":{"rendered":"<p>&nbsp;<\/p>\n<p>&nbsp;<\/p>\n<section class=\"l-section wpb_row height_small\">\n<div class=\"l-section-h i-cf\">\n<div class=\"g-cols vc_row via_flex valign_top type_default stacking_default\">\n<div class=\"vc_col-sm-12 wpb_column vc_column_container\">\n<div class=\"vc_column-inner\">\n<div class=\"wpb_wrapper\">\n<div class=\"w-hwrapper valign_middle align_none\">\n<h2 class=\"w-post-elm post_title us_custom_f5d5fe9f entry-title color_link_inherit\"><a class=\"w-image-h\" href=\"https:\/\/foro.cervantes.com\/\" aria-label=\"logo-foro-2024\"><img decoding=\"async\" loading=\"lazy\" class=\"attachment-large \" src=\"https:\/\/i0.wp.com\/foro.cervantes.com\/wp-content\/uploads\/2024\/12\/logo-foro-2024.png?resize=123%2C168&#038;ssl=1\" sizes=\"auto, (max-width: 436px) 100vw, 436px\" srcset=\"https:\/\/i0.wp.com\/foro.cervantes.com\/wp-content\/uploads\/2024\/12\/logo-foro-2024.png?resize=123%2C168&#038;ssl=1 436w, https:\/\/foro.cervantes.com\/wp-content\/uploads\/2024\/12\/logo-foro-2024-215x300.png 215w\" alt=\"\" width=\"123\" height=\"168\" data-recalc-dims=\"1\" \/><\/a><\/h2>\n<div class=\"w-vwrapper align_none valign_top\">\n<h2 class=\"w-post-elm post_title us_custom_f5d5fe9f entry-title color_link_inherit\">Encuentro Literario:<\/h2>\n<h2 class=\"w-post-elm post_title us_custom_f5d5fe9f entry-title color_link_inherit\">Cajas o d\u00f3nde guardar el desencanto<\/h2>\n<h2 class=\"w-post-elm post_title us_custom_f5d5fe9f entry-title color_link_inherit\">Autora: Nieves Viesca<\/h2>\n<div class=\"w-post-elm post_custom_field type_text fecha_del_evento color_link_inherit\"><i class=\"fas fa-calendar-alt\"><\/i><span class=\"w-post-elm-value\">17\/02\/2026 7:00 pm<\/span><\/div>\n<div class=\"w-post-elm post_custom_field type_text lugar_del_evento color_link_inherit\"><i class=\"fas fa-map-marker-alt\"><\/i><span class=\"w-post-elm-value\">Librer\u00eda Cervantes<\/span><\/div>\n<\/div>\n<\/div>\n<\/div>\n<\/div>\n<\/div>\n<\/div>\n<\/div>\n<\/section>\n<section class=\"l-section wpb_row us_custom_f58a0cb9 height_auto width_full\">\n<div class=\"l-section-h i-cf\">\n<div class=\"g-cols vc_row via_flex valign_top type_default stacking_default\">\n<div class=\"vc_col-sm-12 wpb_column vc_column_container\">\n<div class=\"vc_column-inner\">\n<div class=\"wpb_wrapper\">\n<div class=\"w-hwrapper valign_middle align_center\">\n<div class=\"w-sharing type_simple align_center color_primary\">\n<div class=\"w-sharing-list\"><\/div>\n<\/div>\n<div class=\"wpb_text_column\">\n<div class=\"wpb_wrapper\"><\/div>\n<\/div>\n<\/div>\n<div class=\"w-post-elm post_content us_custom_301c9b05\">\n<section class=\"l-section wpb_row height_medium\">\n<div class=\"l-section-h i-cf\">\n<div class=\"g-cols vc_row via_flex valign_top type_default stacking_default\">\n<div class=\"vc_col-sm-3 wpb_column vc_column_container\">\n<div class=\"vc_column-inner\">\n<div class=\"wpb_wrapper\">\n<div class=\"w-post-elm post_custom_field type_image imagen_libro color_link_inherit\"><img decoding=\"async\" loading=\"lazy\" class=\"attachment-large alignleft\" src=\"https:\/\/i0.wp.com\/foro.cervantes.com\/wp-content\/uploads\/2025\/12\/imagen-1.jpg?resize=168%2C262&#038;ssl=1\" sizes=\"(max-width: 250px) 100vw, 250px\" srcset=\"https:\/\/i0.wp.com\/foro.cervantes.com\/wp-content\/uploads\/2025\/12\/imagen-1.jpg?resize=168%2C262&#038;ssl=1 250w, https:\/\/foro.cervantes.com\/wp-content\/uploads\/2025\/12\/imagen-1-188x300.jpg 188w\" alt=\"\" width=\"168\" height=\"262\" data-recalc-dims=\"1\" \/>\u00a0 \u00a0 \u00a0 \u00a0 \u00a0 \u00a0 \u00a0 <img decoding=\"async\" loading=\"lazy\" class=\"attachment-large wp-post-image alignleft\" src=\"https:\/\/i0.wp.com\/foro.cervantes.com\/wp-content\/uploads\/2025\/12\/FOTOGRAFIA.jpg?resize=161%2C168&#038;ssl=1\" sizes=\"(max-width: 544px) 100vw, 544px\" srcset=\"https:\/\/i0.wp.com\/foro.cervantes.com\/wp-content\/uploads\/2025\/12\/FOTOGRAFIA.jpg?resize=161%2C168&#038;ssl=1 544w, https:\/\/foro.cervantes.com\/wp-content\/uploads\/2025\/12\/FOTOGRAFIA-286x300.jpg 286w\" alt=\"\" width=\"161\" height=\"168\" data-recalc-dims=\"1\" \/><\/div>\n<div class=\"w-separator size_small\"><\/div>\n<div class=\"w-btn-wrapper align_none\"><a class=\"w-btn us-btn-style_1 icon_atleft\" href=\"https:\/\/www.cervantes.com\/libro\/9791399096224\/cajas-o-donde-guardar-el-desencanto\/\" target=\"_blank\" rel=\"noopener\"><i class=\"far fa-shopping-bag\"><\/i><span class=\"w-btn-label\" style=\"color: #0000ff;\">\u00bfQuieres comprar este libro?<\/span><\/a><\/div>\n<\/div>\n<\/div>\n<\/div>\n<div class=\"vc_col-sm-9 wpb_column vc_column_container\">\n<div class=\"vc_column-inner\">\n<div class=\"wpb_wrapper\">\n<h5><\/h5>\n<div class=\"wpb_text_column\">\n<div class=\"wpb_wrapper\">\n<h5><\/h5>\n<h5>La autora estar\u00e1 acompa\u00f1ada por Javier Lasheras.<\/h5>\n<p>&nbsp;<\/p>\n<h4><\/h4>\n<h4>\u00bfde qu\u00e9 va el libro?<\/h4>\n<\/div>\n<\/div>\n<div class=\"w-separator size_small\"><\/div>\n<div class=\"wpb_text_column\">\n<div class=\"wpb_wrapper\">\n<div class=\"caja_favoritos\">\n<div class=\"favoritos\">\n<div class=\"pagoseguro\">\n<div>\n<p><strong><em>CAJAS o d\u00f3nde guardar el desencanto<\/em><\/strong>, nos invita a adentrarnos en un territorio \u00edntimo donde las emociones, a veces fr\u00e1giles y otras indomables, buscan un lugar para reposar. Cada poema es una caja abierta: un espacio donde se guarda lo que duele, lo que pesa, lo que a\u00fan late.<\/p>\n<p>El desencanto aparece aqu\u00ed no como una derrota, sino como una materia que se puede tocar, nombrar y finalmente transformar. Los versos recorren p\u00e9rdidas, silencios, recuerdos que se niegan a marcharse y destellos inesperados de belleza. Con una voz contenida y luminosa, la autora traza el mapa de un viaje interior: del desorden al gesto de ordenar, de la herida a la comprensi\u00f3n, de la ca\u00edda a la calma.<\/p>\n<p>Este libro es una invitaci\u00f3n a detenerse, a mirar de frente aquello que solemos ocultar, y a descubrir que incluso las sombras pueden ser un refugio cuando se les da un nombre.\u00a0<em>Cajas o d\u00f3nde guardar el desencanto<\/em> es un poemario que acompa\u00f1a, que escucha, que guarda con delicadeza lo que el coraz\u00f3n no sabe d\u00f3nde poner<\/p>\n<\/div>\n<\/div>\n<\/div>\n<\/div>\n<\/div>\n<\/div>\n<\/div>\n<\/div>\n<\/div>\n<\/div>\n<\/div>\n<\/section>\n<\/div>\n<\/div>\n<\/div>\n<\/div>\n<\/div>\n<\/div>\n<\/section>\n<p><!--more--><\/p>\n<p>&nbsp;<\/p>\n<div class=\"brz-root__container\"><\/div>\n","protected":false},"excerpt":{"rendered":"<p>&nbsp; &nbsp; Encuentro Literario: Cajas o d\u00f3nde guardar el desencanto Autora: Nieves Viesca 17\/02\/2026 7:00 pm Librer\u00eda Cervantes \u00a0 \u00a0 \u00a0 \u00a0 \u00a0 \u00a0 \u00a0 \u00bfQuieres comprar este libro? La autora estar\u00e1 acompa\u00f1ada por Javier Lasheras. &nbsp; \u00bfde qu\u00e9 va &hellip; <a href=\"https:\/\/www.nievesviesca.com\/blog\/2026\/02\/07\/el-alba-de-los-libros-lx\/\">Sigue leyendo <span class=\"meta-nav\">&rarr;<\/span><\/a><\/p>\n","protected":false},"author":1,"featured_media":19561,"comment_status":"open","ping_status":"open","sticky":false,"template":"brizy-blank-template.php","format":"standard","meta":{"_bbp_topic_count":0,"_bbp_reply_count":0,"_bbp_total_topic_count":0,"_bbp_total_reply_count":0,"_bbp_voice_count":0,"_bbp_anonymous_reply_count":0,"_bbp_topic_count_hidden":0,"_bbp_reply_count_hidden":0,"_bbp_forum_subforum_count":0,"om_disable_all_campaigns":false,"_monsterinsights_skip_tracking":false,"_monsterinsights_sitenote_active":false,"_monsterinsights_sitenote_note":"","_monsterinsights_sitenote_category":0,"jetpack_post_was_ever_published":false,"_jetpack_newsletter_access":"","_jetpack_newsletter_tier_id":0,"footnotes":"","jetpack_publicize_message":"","jetpack_is_tweetstorm":false,"jetpack_publicize_feature_enabled":true,"jetpack_social_post_already_shared":true,"jetpack_social_options":{"image_generator_settings":{"template":"highway","enabled":false}}},"categories":[10],"tags":[],"jetpack_publicize_connections":[],"aioseo_notices":[],"jetpack_featured_media_url":"https:\/\/www.nievesviesca.com\/blog\/wp-content\/uploads\/2026\/02\/logo-foro-2024-215x300-1.png","jetpack_sharing_enabled":true,"jetpack_shortlink":"https:\/\/wp.me\/p6xI8c-55h","_links":{"self":[{"href":"https:\/\/www.nievesviesca.com\/blog\/wp-json\/wp\/v2\/posts\/19547"}],"collection":[{"href":"https:\/\/www.nievesviesca.com\/blog\/wp-json\/wp\/v2\/posts"}],"about":[{"href":"https:\/\/www.nievesviesca.com\/blog\/wp-json\/wp\/v2\/types\/post"}],"author":[{"embeddable":true,"href":"https:\/\/www.nievesviesca.com\/blog\/wp-json\/wp\/v2\/users\/1"}],"replies":[{"embeddable":true,"href":"https:\/\/www.nievesviesca.com\/blog\/wp-json\/wp\/v2\/comments?post=19547"}],"version-history":[{"count":13,"href":"https:\/\/www.nievesviesca.com\/blog\/wp-json\/wp\/v2\/posts\/19547\/revisions"}],"predecessor-version":[{"id":19551,"href":"https:\/\/www.nievesviesca.com\/blog\/wp-json\/wp\/v2\/posts\/19547\/revisions\/19551"}],"wp:featuredmedia":[{"embeddable":true,"href":"https:\/\/www.nievesviesca.com\/blog\/wp-json\/wp\/v2\/media\/19561"}],"wp:attachment":[{"href":"https:\/\/www.nievesviesca.com\/blog\/wp-json\/wp\/v2\/media?parent=19547"}],"wp:term":[{"taxonomy":"category","embeddable":true,"href":"https:\/\/www.nievesviesca.com\/blog\/wp-json\/wp\/v2\/categories?post=19547"},{"taxonomy":"post_tag","embeddable":true,"href":"https:\/\/www.nievesviesca.com\/blog\/wp-json\/wp\/v2\/tags?post=19547"}],"curies":[{"name":"wp","href":"https:\/\/api.w.org\/{rel}","templated":true}]}}