{"id":2214,"date":"2013-12-10T23:06:29","date_gmt":"2013-12-10T22:06:29","guid":{"rendered":"http:\/\/www.nievesviesca.com\/blog\/?p=2214"},"modified":"2013-12-10T23:06:29","modified_gmt":"2013-12-10T22:06:29","slug":"el-alba-de-los-libros-xix-2","status":"publish","type":"post","link":"https:\/\/www.nievesviesca.com\/blog\/2013\/12\/10\/el-alba-de-los-libros-xix-2\/","title":{"rendered":"El alba de los libros (XIX)"},"content":{"rendered":"<p>&nbsp;<\/p>\n<p>&nbsp;<\/p>\n<p>&nbsp;<\/p>\n<p><a href=\"https:\/\/i0.wp.com\/www.nievesviesca.com\/blog\/wp-content\/uploads\/2013\/12\/PRAGA-ANTOLOGIA2.gif?ssl=1\"><img decoding=\"async\" loading=\"lazy\" class=\"aligncenter  wp-image-2215\" title=\"PRAGA ANTOLOGIA\" src=\"https:\/\/i0.wp.com\/www.nievesviesca.com\/blog\/wp-content\/uploads\/2013\/12\/PRAGA-ANTOLOGIA2.gif?resize=364%2C456&#038;ssl=1\" alt=\"\" width=\"364\" height=\"456\" data-recalc-dims=\"1\" \/><\/a><\/p>\n<p>&nbsp;<\/p>\n<p>&nbsp;<\/p>\n<p class=\"MsoNormal\" style=\"text-align: center;\"><strong style=\"mso-bidi-font-weight: normal;\"><span style=\"font-size: 36.0pt; line-height: 107%;\">Praga, la ciudad literaria<\/span><\/strong><\/p>\n<p class=\"MsoNormal\" style=\"text-align: center;\">\n<p class=\"MsoNormal\">\n<p class=\"MsoNormal\" style=\"text-align: justify;\"><span style=\"font-size: 16.0pt; line-height: 107%;\">Con<span style=\"mso-spacerun: yes;\">\u00a0 <\/span>un buen pr\u00f3logo del escritor y coautor Pedro Antonio Curto, el libro es una colecci\u00f3n de textos de grandes cl\u00e1sicos de la talla de Franz Kafka, Rainer Mar\u00eda Rilke, Jan Neruda o Apollinaire, entre otros, y autores contempor\u00e1neos como \u00c1lvaro D\u00edaz Escobedo, \u00c1ngel de Rus, Pedro Antonio Curto, Joan Llensa, Juan Vivancos\u2026 <\/span><\/p>\n<p class=\"MsoNormal\" style=\"text-align: justify;\"><span style=\"font-size: 16.0pt; line-height: 107%;\">La idea que mueve a este editor <a href=\"http:\/\/www.mareditor.com\">www.mareditor.com<\/a> ya ha quedado fijada en alguna de sus anteriores publicaciones: unir <span style=\"mso-spacerun: yes;\">\u00a0<\/span>cl\u00e1sicos de ayer con autores contempor\u00e1neos que, tal vez alg\u00fan d\u00eda, ser\u00e1n nuevos cl\u00e1sicos. <\/span><\/p>\n<p class=\"MsoNormal\" style=\"text-align: justify;\"><em style=\"mso-bidi-font-style: normal;\"><span style=\"font-size: 16.0pt; line-height: 107%;\">\u201c\u00bfCu\u00e1ndo una ciudad se convierte en un lugar m\u00edtico\u2026?\u201d<\/span><\/em><span style=\"font-size: 16.0pt; line-height: 107%;\"><span style=\"mso-spacerun: yes;\"><br \/>\n<\/span><\/span><\/p>\n<p class=\"MsoNormal\" style=\"text-align: justify;\"><span style=\"font-size: 16.0pt; line-height: 107%;\">Desde el <strong><em style=\"mso-bidi-font-style: normal;\">ALBA DE LOS LIBROS<\/em><\/strong> les invito a que respondan a la pregunta, adentr\u00e1ndose en la lectura de esta antolog\u00eda tan esculpida de relatos como la arquitectura interior del m\u00e1s poli\u00e9drico de los itinerarios. <\/span><\/p>\n<p class=\"MsoNormal\" style=\"text-align: justify;\"><span style=\"font-size: 16.0pt; line-height: 107%;\">\u00a0<\/span><\/p>\n<p>&nbsp;<\/p>\n","protected":false},"excerpt":{"rendered":"<p>&nbsp; &nbsp; &nbsp; &nbsp; &nbsp; Praga, la ciudad literaria Con\u00a0 un buen pr\u00f3logo del escritor y coautor Pedro Antonio Curto, el libro es una colecci\u00f3n de textos de grandes cl\u00e1sicos de la talla de Franz Kafka, Rainer Mar\u00eda Rilke, Jan &hellip; <a href=\"https:\/\/www.nievesviesca.com\/blog\/2013\/12\/10\/el-alba-de-los-libros-xix-2\/\">Sigue leyendo <span class=\"meta-nav\">&rarr;<\/span><\/a><\/p>\n","protected":false},"author":2,"featured_media":0,"comment_status":"open","ping_status":"open","sticky":false,"template":"","format":"standard","meta":{"_bbp_topic_count":0,"_bbp_reply_count":0,"_bbp_total_topic_count":0,"_bbp_total_reply_count":0,"_bbp_voice_count":0,"_bbp_anonymous_reply_count":0,"_bbp_topic_count_hidden":0,"_bbp_reply_count_hidden":0,"_bbp_forum_subforum_count":0,"om_disable_all_campaigns":false,"_monsterinsights_skip_tracking":false,"_monsterinsights_sitenote_active":false,"_monsterinsights_sitenote_note":"","_monsterinsights_sitenote_category":0,"jetpack_post_was_ever_published":false,"_jetpack_newsletter_access":"","_jetpack_newsletter_tier_id":0,"footnotes":"","jetpack_publicize_message":"","jetpack_is_tweetstorm":false,"jetpack_publicize_feature_enabled":true,"jetpack_social_post_already_shared":false,"jetpack_social_options":{"image_generator_settings":{"template":"highway","enabled":false}}},"categories":[10],"tags":[],"jetpack_publicize_connections":[],"aioseo_notices":[],"jetpack_featured_media_url":"","jetpack_sharing_enabled":true,"jetpack_shortlink":"https:\/\/wp.me\/p6xI8c-zI","_links":{"self":[{"href":"https:\/\/www.nievesviesca.com\/blog\/wp-json\/wp\/v2\/posts\/2214"}],"collection":[{"href":"https:\/\/www.nievesviesca.com\/blog\/wp-json\/wp\/v2\/posts"}],"about":[{"href":"https:\/\/www.nievesviesca.com\/blog\/wp-json\/wp\/v2\/types\/post"}],"author":[{"embeddable":true,"href":"https:\/\/www.nievesviesca.com\/blog\/wp-json\/wp\/v2\/users\/2"}],"replies":[{"embeddable":true,"href":"https:\/\/www.nievesviesca.com\/blog\/wp-json\/wp\/v2\/comments?post=2214"}],"version-history":[{"count":5,"href":"https:\/\/www.nievesviesca.com\/blog\/wp-json\/wp\/v2\/posts\/2214\/revisions"}],"predecessor-version":[{"id":2220,"href":"https:\/\/www.nievesviesca.com\/blog\/wp-json\/wp\/v2\/posts\/2214\/revisions\/2220"}],"wp:attachment":[{"href":"https:\/\/www.nievesviesca.com\/blog\/wp-json\/wp\/v2\/media?parent=2214"}],"wp:term":[{"taxonomy":"category","embeddable":true,"href":"https:\/\/www.nievesviesca.com\/blog\/wp-json\/wp\/v2\/categories?post=2214"},{"taxonomy":"post_tag","embeddable":true,"href":"https:\/\/www.nievesviesca.com\/blog\/wp-json\/wp\/v2\/tags?post=2214"}],"curies":[{"name":"wp","href":"https:\/\/api.w.org\/{rel}","templated":true}]}}