{"id":3153,"date":"2014-09-03T14:32:16","date_gmt":"2014-09-03T12:32:16","guid":{"rendered":"http:\/\/www.nievesviesca.com\/blog\/?p=3153"},"modified":"2014-09-03T14:32:16","modified_gmt":"2014-09-03T12:32:16","slug":"el-alba-de-los-libros-xx","status":"publish","type":"post","link":"https:\/\/www.nievesviesca.com\/blog\/2014\/09\/03\/el-alba-de-los-libros-xx\/","title":{"rendered":"EL ALBA DE LOS LIBROS (XX)"},"content":{"rendered":"<p>&nbsp;<\/p>\n<h1 align=\"center\">XX a\u00f1os de<\/h1>\n<h1 align=\"center\"><em>\u201cHabitaciones separadas\u201d<\/em><\/h1>\n<p>&nbsp;<\/p>\n<p>&nbsp;<\/p>\n<div style=\"width: 384px\" class=\"wp-caption aligncenter\"><a href=\"https:\/\/i0.wp.com\/www.nievesviesca.com\/blog\/wp-content\/uploads\/2014\/09\/Habitaciones-Separadas-Luis-Garc\u00eda-Montero.jpg?ssl=1\"><img decoding=\"async\" loading=\"lazy\" title=\"Habitaciones Separadas - Luis Garc\u00eda Montero\" src=\"https:\/\/i0.wp.com\/www.nievesviesca.com\/blog\/wp-content\/uploads\/2014\/09\/Habitaciones-Separadas-Luis-Garc\u00eda-Montero.jpg?resize=374%2C459&#038;ssl=1\" alt=\"\" width=\"374\" height=\"459\" data-recalc-dims=\"1\" \/><\/a><p class=\"wp-caption-text\">Portada del libro<\/p><\/div>\n<p style=\"text-align: center;\" align=\"center\">\u00a0\u00a0\u00a0\u00a0\u00a0\u00a0\u00a0\u00a0\u00a0\u00a0\u00a0\u00a0\u00a0\u00a0\u00a0\u00a0\u00a0\u00a0\u00a0\u00a0\u00a0\u00a0\u00a0\u00a0\u00a0\u00a0\u00a0\u00a0\u00a0\u00a0\u00a0\u00a0\u00a0\u00a0\u00a0\u00a0\u00a0\u00a0\u00a0\u00a0\u00a0\u00a0\u00a0\u00a0\u00a0\u00a0 \u00a0 \u00a0 \u00a0 \u00a0 \u00a0 \u00a0 \u00a0 \u00a0 \u00a0 \u00a0 \u00a0 \u00a0 \u00a0 \u00a0 \u00a0 \u00a0 \u00a0 \u00a0\u00a0 \u00a0 \u00a0 \u00a0 \u00a0 \u00a0 \u00a0 \u00a0 \u00a0 \u00a0 \u00a0\u00a0\u00a0\u00a0\u00a0\u00a0\u00a0\u00a0\u00a0\u00a0\u00a0\u00a0\u00a0\u00a0\u00a0\u00a0\u00a0\u00a0\u00a0\u00a0\u00a0\u00a0\u00a0\u00a0\u00a0\u00a0\u00a0\u00a0\u00a0\u00a0\u00a0\u00a0\u00a0\u00a0\u00a0\u00a0\u00a0\u00a0\u00a0\u00a0\u00a0\u00a0\u00a0\u00a0\u00a0\u00a0\u00a0\u00a0\u00a0\u00a0\u00a0\u00a0\u00a0\u00a0\u00a0\u00a0\u00a0\u00a0\u00a0\u00a0\u00a0\u00a0\u00a0\u00a0\u00a0\u00a0\u00a0\u00a0\u00a0\u00a0\u00a0\u00a0\u00a0\u00a0\u00a0\u00a0\u00a0\u00a0\u00a0\u00a0\u00a0\u00a0\u00a0\u00a0\u00a0\u00a0\u00a0\u00a0\u00a0\u00a0\u00a0\u00a0\u00a0\u00a0\u00a0\u00a0\u00a0\u00a0\u00a0\u00a0\u00a0\u00a0\u00a0\u00a0\u00a0\u00a0\u00a0\u00a0\u00a0\u00a0\u00a0\u00a0\u00a0\u00a0\u00a0\u00a0\u00a0\u00a0\u00a0\u00a0\u00a0\u00a0\u00a0\u00a0\u00a0\u00a0\u00a0\u00a0\u00a0\u00a0\u00a0\u00a0\u00a0\u00a0\u00a0\u00a0\u00a0\u00a0\u00a0\u00a0\u00a0\u00a0\u00a0\u00a0\u00a0\u00a0\u00a0\u00a0\u00a0\u00a0\u00a0 <em><br \/>\n<\/em><\/p>\n<h4 style=\"text-align: justify;\">Ahora que \u2018<em>la poes\u00eda de la experiencia\u2019<\/em> ha comenzado a formar parte de la historia de la literatura estudi\u00e1ndose como un fen\u00f3meno que ha caracterizado la poes\u00eda del siglo pasado de las d\u00e9cadas ochenta y noventa, con una est\u00e9tica tan denostada como aplaudida; desde este <strong>Blog<\/strong> encendemos las velas de <strong><em>\u201cHabitaciones separadas\u201d <\/em><\/strong>del poeta granadino Luis Garc\u00eda Montero, como un emblema generacional cuya primera edici\u00f3n vio la luz en septiembre de 1994, dentro de la Colecci\u00f3n Visor de Poes\u00eda.<\/h4>\n<h4 style=\"text-align: justify;\">Previamente, el libro hab\u00eda sido distinguido con el Internacional de Poes\u00eda Fundaci\u00f3n LOEWE (VI edici\u00f3n) en 1993 por un jurado presidido por D. Octavio Paz y compuesto por D. Carlos Bouso\u00f1o, D. Francisco Brines, D. Pere Ginferrer, D. Luis Antonio de Villena, D. Antonio Colinas y D. Felipe Benitez; y ganar\u00eda el Premio Nacional de Literatura en 1995.<\/h4>\n<h4 style=\"text-align: justify;\"><em>\u201cLa poes\u00eda de Luis Garc\u00eda Montero indica una de las tendencias m\u00e1s valiosas de la l\u00edrica espa\u00f1ola contempor\u00e1nea, esa l\u00ednea que se ha llamado poes\u00eda de la experiencia\u2026Tono sostenido, poderosa nostalgia, emoci\u00f3n delicada que no alza la voz, poes\u00eda escueta, ce\u00f1ida\u2026\u201d<\/em> fueron algunos de los adjetivos que dedicara Octavio Paz a Luis Garc\u00eda Montero y sus <strong><em>\u201cHabitaciones separadas\u201d<\/em><\/strong> poemario urbano, realista, complejo, lleno de niveles de lectura si se mira con enraizados ojos de superviviente lector del siglo XXI.<\/h4>\n<h4 align=\"center\"><em>\u00a0<\/em><\/h4>\n<h4 align=\"center\"><em>\u201cNos duele envejecer, pero resulta <\/em><\/h4>\n<h4 align=\"center\"><em>m\u00e1s dif\u00edcil a\u00fan<\/em><\/h4>\n<h4 align=\"center\"><em>comprender que se ama solamente<\/em><\/h4>\n<h4 align=\"center\"><em>aquello que envejece.\u201d<\/em><\/h4>\n<p>&nbsp;<\/p>\n<p>&nbsp;<\/p>\n","protected":false},"excerpt":{"rendered":"<p>&nbsp; XX a\u00f1os de \u201cHabitaciones separadas\u201d &nbsp; &nbsp; \u00a0\u00a0\u00a0\u00a0\u00a0\u00a0\u00a0\u00a0\u00a0\u00a0\u00a0\u00a0\u00a0\u00a0\u00a0\u00a0\u00a0\u00a0\u00a0\u00a0\u00a0\u00a0\u00a0\u00a0\u00a0\u00a0\u00a0\u00a0\u00a0\u00a0\u00a0\u00a0\u00a0\u00a0\u00a0\u00a0\u00a0\u00a0\u00a0\u00a0\u00a0\u00a0\u00a0\u00a0\u00a0\u00a0 \u00a0 \u00a0 \u00a0 \u00a0 \u00a0 \u00a0 \u00a0 \u00a0 \u00a0 \u00a0 \u00a0 \u00a0 \u00a0 \u00a0 \u00a0 \u00a0 \u00a0 \u00a0\u00a0 \u00a0 \u00a0 \u00a0 \u00a0 \u00a0 \u00a0 \u00a0 \u00a0 \u00a0 \u00a0\u00a0\u00a0\u00a0\u00a0\u00a0\u00a0\u00a0\u00a0\u00a0\u00a0\u00a0\u00a0\u00a0\u00a0\u00a0\u00a0\u00a0\u00a0\u00a0\u00a0\u00a0\u00a0\u00a0\u00a0\u00a0\u00a0\u00a0\u00a0\u00a0\u00a0\u00a0\u00a0\u00a0\u00a0\u00a0\u00a0\u00a0\u00a0\u00a0\u00a0\u00a0\u00a0\u00a0\u00a0\u00a0\u00a0\u00a0\u00a0\u00a0\u00a0\u00a0\u00a0\u00a0\u00a0\u00a0\u00a0\u00a0\u00a0\u00a0\u00a0\u00a0\u00a0\u00a0\u00a0\u00a0\u00a0\u00a0\u00a0\u00a0\u00a0\u00a0\u00a0\u00a0\u00a0\u00a0\u00a0\u00a0\u00a0\u00a0\u00a0\u00a0\u00a0\u00a0\u00a0\u00a0\u00a0\u00a0\u00a0\u00a0\u00a0\u00a0\u00a0\u00a0\u00a0\u00a0\u00a0\u00a0\u00a0\u00a0\u00a0\u00a0\u00a0\u00a0\u00a0\u00a0\u00a0\u00a0\u00a0\u00a0\u00a0\u00a0\u00a0\u00a0\u00a0\u00a0\u00a0\u00a0\u00a0\u00a0\u00a0\u00a0\u00a0\u00a0\u00a0\u00a0\u00a0\u00a0\u00a0\u00a0\u00a0\u00a0\u00a0\u00a0\u00a0\u00a0\u00a0\u00a0\u00a0\u00a0\u00a0\u00a0\u00a0\u00a0\u00a0\u00a0\u00a0\u00a0\u00a0\u00a0\u00a0 Ahora que \u2018la &hellip; <a href=\"https:\/\/www.nievesviesca.com\/blog\/2014\/09\/03\/el-alba-de-los-libros-xx\/\">Sigue leyendo <span class=\"meta-nav\">&rarr;<\/span><\/a><\/p>\n","protected":false},"author":2,"featured_media":0,"comment_status":"open","ping_status":"open","sticky":false,"template":"","format":"standard","meta":{"_bbp_topic_count":0,"_bbp_reply_count":0,"_bbp_total_topic_count":0,"_bbp_total_reply_count":0,"_bbp_voice_count":0,"_bbp_anonymous_reply_count":0,"_bbp_topic_count_hidden":0,"_bbp_reply_count_hidden":0,"_bbp_forum_subforum_count":0,"om_disable_all_campaigns":false,"_monsterinsights_skip_tracking":false,"_monsterinsights_sitenote_active":false,"_monsterinsights_sitenote_note":"","_monsterinsights_sitenote_category":0,"jetpack_post_was_ever_published":false,"_jetpack_newsletter_access":"","_jetpack_newsletter_tier_id":0,"footnotes":"","jetpack_publicize_message":"","jetpack_is_tweetstorm":false,"jetpack_publicize_feature_enabled":true,"jetpack_social_post_already_shared":false,"jetpack_social_options":{"image_generator_settings":{"template":"highway","enabled":false}}},"categories":[10],"tags":[],"jetpack_publicize_connections":[],"aioseo_notices":[],"jetpack_featured_media_url":"","jetpack_sharing_enabled":true,"jetpack_shortlink":"https:\/\/wp.me\/p6xI8c-OR","_links":{"self":[{"href":"https:\/\/www.nievesviesca.com\/blog\/wp-json\/wp\/v2\/posts\/3153"}],"collection":[{"href":"https:\/\/www.nievesviesca.com\/blog\/wp-json\/wp\/v2\/posts"}],"about":[{"href":"https:\/\/www.nievesviesca.com\/blog\/wp-json\/wp\/v2\/types\/post"}],"author":[{"embeddable":true,"href":"https:\/\/www.nievesviesca.com\/blog\/wp-json\/wp\/v2\/users\/2"}],"replies":[{"embeddable":true,"href":"https:\/\/www.nievesviesca.com\/blog\/wp-json\/wp\/v2\/comments?post=3153"}],"version-history":[{"count":29,"href":"https:\/\/www.nievesviesca.com\/blog\/wp-json\/wp\/v2\/posts\/3153\/revisions"}],"predecessor-version":[{"id":3183,"href":"https:\/\/www.nievesviesca.com\/blog\/wp-json\/wp\/v2\/posts\/3153\/revisions\/3183"}],"wp:attachment":[{"href":"https:\/\/www.nievesviesca.com\/blog\/wp-json\/wp\/v2\/media?parent=3153"}],"wp:term":[{"taxonomy":"category","embeddable":true,"href":"https:\/\/www.nievesviesca.com\/blog\/wp-json\/wp\/v2\/categories?post=3153"},{"taxonomy":"post_tag","embeddable":true,"href":"https:\/\/www.nievesviesca.com\/blog\/wp-json\/wp\/v2\/tags?post=3153"}],"curies":[{"name":"wp","href":"https:\/\/api.w.org\/{rel}","templated":true}]}}