{"id":3562,"date":"2015-01-15T14:58:01","date_gmt":"2015-01-15T13:58:01","guid":{"rendered":"http:\/\/www.nievesviesca.com\/blog\/?p=3562"},"modified":"2015-01-15T14:58:01","modified_gmt":"2015-01-15T13:58:01","slug":"el-alba-de-los-libros-xxi","status":"publish","type":"post","link":"https:\/\/www.nievesviesca.com\/blog\/2015\/01\/15\/el-alba-de-los-libros-xxi\/","title":{"rendered":"EL ALBA DE LOS LIBROS    (XXI)"},"content":{"rendered":"<p align=\"center\">\n<p align=\"center\">\n<h1 align=\"center\"><span style=\"color: #ff0000;\">Lento y sin \u00a0llama<\/span><\/h1>\n<p><a href=\"https:\/\/www.nievesviesca.com\/blog\/wp-content\/uploads\/2015\/01\/Alquimia-de-fuego.jpg\">\u00a0<\/a><\/p>\n<p style=\"text-align: center;\"><a href=\"https:\/\/i0.wp.com\/www.nievesviesca.com\/blog\/wp-content\/uploads\/2015\/01\/Alquimia-de-fuego.jpg?ssl=1\"><img decoding=\"async\" loading=\"lazy\" class=\"aligncenter  wp-image-3563\" title=\"Alquimia-de-fuego\" src=\"https:\/\/i0.wp.com\/www.nievesviesca.com\/blog\/wp-content\/uploads\/2015\/01\/Alquimia-de-fuego.jpg?resize=313%2C450&#038;ssl=1\" alt=\"\" width=\"313\" height=\"450\" data-recalc-dims=\"1\" \/><\/a><\/p>\n<p align=\"center\"><span style=\"color: #000000;\"><em>Antolog\u00eda<\/em><\/span><\/p>\n<p align=\"center\"><span style=\"color: #000000;\"><em>\u201cAlquimia del fuego\u201d<\/em><\/span><\/p>\n<p align=\"center\"><span style=\"color: #000000;\"><em>Editorial: Amargord Ediciones<\/em><\/span><\/p>\n<p align=\"center\"><span style=\"color: #000000;\"><em>Zenobia<\/em><\/span><\/p>\n<p align=\"center\"><span style=\"color: #000000;\"><em>Juan Ram\u00f3n Jim\u00e9nez<\/em><\/span><\/p>\n<p align=\"center\"><span style=\"color: #000000;\"><em>Autor: VVAA.<\/em><\/span><\/p>\n<p align=\"center\"><span style=\"color: #000000;\"><em>Fecha: Septiembre 2014<\/em><\/span><\/p>\n<p align=\"center\"><span style=\"color: #000000;\"><em>\u00a0<\/em><\/span><\/p>\n<p style=\"text-align: justify;\">Esta Antolog\u00eda es el tercer volumen de un proyecto global denominado <span style=\"color: #000000;\"><strong><em>\u201cAlquimia\u201d<\/em><\/strong><\/span> que consiste en la edici\u00f3n de cuatro libros f\u00edsicos con POEMAS (en verso o en prosa) y MICRORRELATOS de \u00e1mbito universal que giran alrededor del agua, la tierra, el fuego y que se culminar\u00e1 con una \u00faltima publicaci\u00f3n <em>\u201cAlquimia de la sal\u201d<\/em>.<\/p>\n<p style=\"text-align: justify;\"><span style=\"color: #000000;\"><strong><em>Santiago Aguaded<\/em><\/strong> <strong><em>Landero<\/em><\/strong><\/span>, profesor de la Universidad de Huelva (Espa\u00f1a) traductor y escritor es el compilador responsable de esta publicaci\u00f3n junto a <span style=\"color: #000000;\"><strong><em>Sarah Schnabel<\/em><\/strong><\/span>, traductora y escritora y<span style=\"color: #000000;\"> <strong><em>Jack Landes<\/em><\/strong>.<\/span><\/p>\n<p style=\"text-align: justify;\">Escribe Santiago Aguaded en la introducci\u00f3n del libro a una cita del cantautor J. M. Serrat <em>\u201cLa vida es una combusti\u00f3n\u201d<\/em> que <em>\u201ctambi\u00e9n es un fuego s\u00f3lido, lento y sin llama\u201d<\/em> como as\u00ed nos lo hace sentir esta <em>\u201cAlquimia del fuego\u201d<\/em> a trav\u00e9s de sus 557 p\u00e1ginas donde la prosa y la poes\u00eda es un abierto y envolvente flujo de energ\u00eda unidireccional.<\/p>\n<p style=\"text-align: justify;\">Tal vez influido por la poes\u00eda pura de J. R. Jim\u00e9nez y por su lema <em>\u201cUn poema no debe significar sino ser\u201d<\/em> recuerda Santiago Aguaded a los lectores y lectoras <em>\u201cque esta Antolog\u00eda es parcial, como todas las antolog\u00edas, pero que se ha tratado de incluir preferentemente a poetas onubenses, andaluces y algarv\u00edos y se extiende a la Pen\u00ednsula Ib\u00e9rica y posteriormente al todo Orbe, con especial inter\u00e9s en la comunidad lus\u00f3fona e hisp\u00e1nica\u201d. <\/em><\/p>\n<p style=\"text-align: justify;\">Demostrando as\u00ed que el fuego no est\u00e1 tan lejos del agua como algunos supondr\u00edan, hallamos entre estas deliciosas p\u00e1ginas de lectura, algunos ejemplos: junto al <em>Mi\u00e9rcoles de Ceniza<\/em> de <span style=\"color: #000000;\"><strong><em>T.S.<\/em><\/strong> <strong><em>Eliot<\/em><\/strong><\/span><em> <\/em>(USA) aparecen<em> Cenizas<\/em> por <span style=\"color: #000000;\"><strong><em>Ernesto Feria<\/em><\/strong> <\/span>(Huelva); junto al <em>Fuego<\/em> de <span style=\"color: #000000;\"><strong><em>Jordi Doce<\/em><\/strong><\/span> (Asturias) <em>Yo soy el fuego<\/em>, por Val\u00e9rie Deschamps (Francia); unido al <em>Grito negro<\/em> de\u00a0 <span style=\"color: #000000;\"><strong><em>Jos\u00e9 Craveirinha <\/em><\/strong><\/span>(Mozambique) <em>El fuego<\/em> por <span style=\"color: #000000;\"><strong><em>Leopoldo Mar\u00eda Panero<\/em><\/strong><\/span> (Madrid) o\u00a0 <em>Momentos mineros<\/em> por la poeta asturiana <span style=\"color: #000000;\"><strong><em>Nieves Viesca<\/em><\/strong>\u2026<\/span><\/p>\n<p style=\"text-align: justify;\">\n<p style=\"text-align: justify;\"><em>Alquimia del fuego<\/em>, Antolog\u00eda que a\u00fana con maestr\u00eda colores y formas, amor y alquimia, el arder sin llama de un aire y un agua\u00a0 plena en Palabra y Literatura.<\/p>\n<p align=\"center\">\n","protected":false},"excerpt":{"rendered":"<p>Lento y sin \u00a0llama \u00a0 Antolog\u00eda \u201cAlquimia del fuego\u201d Editorial: Amargord Ediciones Zenobia Juan Ram\u00f3n Jim\u00e9nez Autor: VVAA. Fecha: Septiembre 2014 \u00a0 Esta Antolog\u00eda es el tercer volumen de un proyecto global denominado \u201cAlquimia\u201d que consiste en la edici\u00f3n de &hellip; <a href=\"https:\/\/www.nievesviesca.com\/blog\/2015\/01\/15\/el-alba-de-los-libros-xxi\/\">Sigue leyendo <span class=\"meta-nav\">&rarr;<\/span><\/a><\/p>\n","protected":false},"author":2,"featured_media":0,"comment_status":"open","ping_status":"open","sticky":false,"template":"","format":"standard","meta":{"_bbp_topic_count":0,"_bbp_reply_count":0,"_bbp_total_topic_count":0,"_bbp_total_reply_count":0,"_bbp_voice_count":0,"_bbp_anonymous_reply_count":0,"_bbp_topic_count_hidden":0,"_bbp_reply_count_hidden":0,"_bbp_forum_subforum_count":0,"om_disable_all_campaigns":false,"_monsterinsights_skip_tracking":false,"_monsterinsights_sitenote_active":false,"_monsterinsights_sitenote_note":"","_monsterinsights_sitenote_category":0,"jetpack_post_was_ever_published":false,"_jetpack_newsletter_access":"","_jetpack_newsletter_tier_id":0,"footnotes":"","jetpack_publicize_message":"","jetpack_is_tweetstorm":false,"jetpack_publicize_feature_enabled":true,"jetpack_social_post_already_shared":false,"jetpack_social_options":{"image_generator_settings":{"template":"highway","enabled":false}}},"categories":[10],"tags":[],"jetpack_publicize_connections":[],"aioseo_notices":[],"jetpack_featured_media_url":"","jetpack_sharing_enabled":true,"jetpack_shortlink":"https:\/\/wp.me\/p6xI8c-Vs","_links":{"self":[{"href":"https:\/\/www.nievesviesca.com\/blog\/wp-json\/wp\/v2\/posts\/3562"}],"collection":[{"href":"https:\/\/www.nievesviesca.com\/blog\/wp-json\/wp\/v2\/posts"}],"about":[{"href":"https:\/\/www.nievesviesca.com\/blog\/wp-json\/wp\/v2\/types\/post"}],"author":[{"embeddable":true,"href":"https:\/\/www.nievesviesca.com\/blog\/wp-json\/wp\/v2\/users\/2"}],"replies":[{"embeddable":true,"href":"https:\/\/www.nievesviesca.com\/blog\/wp-json\/wp\/v2\/comments?post=3562"}],"version-history":[{"count":15,"href":"https:\/\/www.nievesviesca.com\/blog\/wp-json\/wp\/v2\/posts\/3562\/revisions"}],"predecessor-version":[{"id":3578,"href":"https:\/\/www.nievesviesca.com\/blog\/wp-json\/wp\/v2\/posts\/3562\/revisions\/3578"}],"wp:attachment":[{"href":"https:\/\/www.nievesviesca.com\/blog\/wp-json\/wp\/v2\/media?parent=3562"}],"wp:term":[{"taxonomy":"category","embeddable":true,"href":"https:\/\/www.nievesviesca.com\/blog\/wp-json\/wp\/v2\/categories?post=3562"},{"taxonomy":"post_tag","embeddable":true,"href":"https:\/\/www.nievesviesca.com\/blog\/wp-json\/wp\/v2\/tags?post=3562"}],"curies":[{"name":"wp","href":"https:\/\/api.w.org\/{rel}","templated":true}]}}