{"id":362,"date":"2010-11-18T00:09:01","date_gmt":"2010-11-17T23:09:01","guid":{"rendered":"http:\/\/www.nievesviesca.com\/blog\/?p=362"},"modified":"2010-11-18T00:19:45","modified_gmt":"2010-11-17T23:19:45","slug":"el-alba-de-los-libros-por-juan-artidiello","status":"publish","type":"post","link":"https:\/\/www.nievesviesca.com\/blog\/2010\/11\/18\/el-alba-de-los-libros-por-juan-artidiello\/","title":{"rendered":"EL ALBA DE LOS LIBROS Por Juan Artidiello"},"content":{"rendered":"<p style=\"text-align: center;\"><a href=\"https:\/\/i0.wp.com\/www.nievesviesca.com\/blog\/wp-content\/uploads\/2010\/11\/libro.jpg?ssl=1\"><img decoding=\"async\" loading=\"lazy\" class=\"size-medium wp-image-363      aligncenter\" title=\"libro\" src=\"https:\/\/i0.wp.com\/www.nievesviesca.com\/blog\/wp-content\/uploads\/2010\/11\/libro.jpg?resize=300%2C153&#038;ssl=1\" alt=\"\" width=\"300\" height=\"153\" srcset=\"https:\/\/i0.wp.com\/www.nievesviesca.com\/blog\/wp-content\/uploads\/2010\/11\/libro.jpg?resize=300%2C153&amp;ssl=1 300w, https:\/\/i0.wp.com\/www.nievesviesca.com\/blog\/wp-content\/uploads\/2010\/11\/libro.jpg?w=708&amp;ssl=1 708w\" sizes=\"(max-width: 300px) 100vw, 300px\" data-recalc-dims=\"1\" \/><\/a><\/p>\n<h2 style=\"text-align: center;\"><em>Tras \u2018La Visigoda\u2019 y \u2018Astur\u2019<\/em><\/h2>\n<h2 style=\"text-align: center;\"><em>Isabel San\u00a0 Sebasti\u00e1n vuelve al pasado con <\/em><\/h2>\n<h2 style=\"text-align: center;\"><em>IMPERATOR<\/em><\/h2>\n<p><strong><em>E<\/em><\/strong><em>l primer m\u00e1rtir del que llegaron noticias a Fanjau se llamaba Pedro y era panadero. Corr\u00eda el a\u00f1o del Se\u00f1or de 1204 y en toda Francia resonaban los ecos del llamamiento lanzado por el papa para combatir la herej\u00eda. El soberano, Felipe Augusto, hab\u00eda ordenado levantar hogueras por doquier a fin de erradicarla de sus dominios, y su brazo secular golpeaba de manera tan implacable como la furia del populacho.<\/em><\/p>\n<p>As\u00ed arranca IMPERATOR, la novela que Isabel San Sebasti\u00e1n present\u00f3 este mes de noviembre en Gij\u00f3n. Para hacer \u2018Imperator\u2019 la narradora y periodista dedic\u00f3 \u201c<em>mucho tiempo e ilusi\u00f3n. Por eso deseo que ahora sean los lectores quienes se sumerjan en ella como yo hice al escribirla, aunque<\/em> <em>sin las contracturas de espalda que yo padec\u00ed<\/em>\u201d brome\u00f3 ante el p\u00fablico que llenaba el Sal\u00f3n de Actos del Ateneo Jovellanos de Gij\u00f3n.<\/p>\n<p>Isabel San Sebasti\u00e1n naci\u00f3 en Chile en 1959. Periodista todoterreno,\u00a0 trabaja en la actualidad en prensa, radio y televisi\u00f3n, actividades a las que roba tiempo para dedicarse a su pasi\u00f3n: la escritura.<\/p>\n<p style=\"text-align: center;\"><a href=\"https:\/\/i0.wp.com\/www.nievesviesca.com\/blog\/wp-content\/uploads\/2010\/11\/ISBEL-SAN-SEBASTIAN-Y-LECTURAS-POETICAS-003.jpg?ssl=1\"> <img decoding=\"async\" loading=\"lazy\" class=\"size-medium wp-image-364  aligncenter\" title=\"ISBEL SAN SEBASTIAN Y LECTURAS POETICAS 003\" src=\"https:\/\/i0.wp.com\/www.nievesviesca.com\/blog\/wp-content\/uploads\/2010\/11\/ISBEL-SAN-SEBASTIAN-Y-LECTURAS-POETICAS-003.jpg?resize=299%2C224&#038;ssl=1\" alt=\"\" width=\"299\" height=\"224\" srcset=\"https:\/\/i0.wp.com\/www.nievesviesca.com\/blog\/wp-content\/uploads\/2010\/11\/ISBEL-SAN-SEBASTIAN-Y-LECTURAS-POETICAS-003.jpg?resize=300%2C225&amp;ssl=1 300w, https:\/\/i0.wp.com\/www.nievesviesca.com\/blog\/wp-content\/uploads\/2010\/11\/ISBEL-SAN-SEBASTIAN-Y-LECTURAS-POETICAS-003.jpg?resize=1024%2C768&amp;ssl=1 1024w, https:\/\/i0.wp.com\/www.nievesviesca.com\/blog\/wp-content\/uploads\/2010\/11\/ISBEL-SAN-SEBASTIAN-Y-LECTURAS-POETICAS-003.jpg?w=1600&amp;ssl=1 1600w, https:\/\/i0.wp.com\/www.nievesviesca.com\/blog\/wp-content\/uploads\/2010\/11\/ISBEL-SAN-SEBASTIAN-Y-LECTURAS-POETICAS-003.jpg?w=1168&amp;ssl=1 1168w\" sizes=\"(max-width: 299px) 100vw, 299px\" data-recalc-dims=\"1\" \/><\/a><\/p>\n<h6 style=\"text-align: center;\"><strong><em> Isabel San Sebasti\u00e1n con la poeta y narradora gijonesa Nieves Viesca<\/em><\/strong><\/h6>\n","protected":false},"excerpt":{"rendered":"<p>Tras \u2018La Visigoda\u2019 y \u2018Astur\u2019 Isabel San\u00a0 Sebasti\u00e1n vuelve al pasado con IMPERATOR El primer m\u00e1rtir del que llegaron noticias a Fanjau se llamaba Pedro y era panadero. Corr\u00eda el a\u00f1o del Se\u00f1or de 1204 y en toda Francia resonaban &hellip; <a href=\"https:\/\/www.nievesviesca.com\/blog\/2010\/11\/18\/el-alba-de-los-libros-por-juan-artidiello\/\">Sigue leyendo <span class=\"meta-nav\">&rarr;<\/span><\/a><\/p>\n","protected":false},"author":2,"featured_media":0,"comment_status":"open","ping_status":"open","sticky":false,"template":"","format":"standard","meta":{"_bbp_topic_count":0,"_bbp_reply_count":0,"_bbp_total_topic_count":0,"_bbp_total_reply_count":0,"_bbp_voice_count":0,"_bbp_anonymous_reply_count":0,"_bbp_topic_count_hidden":0,"_bbp_reply_count_hidden":0,"_bbp_forum_subforum_count":0,"om_disable_all_campaigns":false,"_monsterinsights_skip_tracking":false,"_monsterinsights_sitenote_active":false,"_monsterinsights_sitenote_note":"","_monsterinsights_sitenote_category":0,"jetpack_post_was_ever_published":false,"_jetpack_newsletter_access":"","_jetpack_newsletter_tier_id":0,"footnotes":"","jetpack_publicize_message":"","jetpack_is_tweetstorm":false,"jetpack_publicize_feature_enabled":true,"jetpack_social_post_already_shared":false,"jetpack_social_options":{"image_generator_settings":{"template":"highway","enabled":false}}},"categories":[10],"tags":[],"jetpack_publicize_connections":[],"aioseo_notices":[],"jetpack_featured_media_url":"","jetpack_sharing_enabled":true,"jetpack_shortlink":"https:\/\/wp.me\/p6xI8c-5Q","_links":{"self":[{"href":"https:\/\/www.nievesviesca.com\/blog\/wp-json\/wp\/v2\/posts\/362"}],"collection":[{"href":"https:\/\/www.nievesviesca.com\/blog\/wp-json\/wp\/v2\/posts"}],"about":[{"href":"https:\/\/www.nievesviesca.com\/blog\/wp-json\/wp\/v2\/types\/post"}],"author":[{"embeddable":true,"href":"https:\/\/www.nievesviesca.com\/blog\/wp-json\/wp\/v2\/users\/2"}],"replies":[{"embeddable":true,"href":"https:\/\/www.nievesviesca.com\/blog\/wp-json\/wp\/v2\/comments?post=362"}],"version-history":[{"count":8,"href":"https:\/\/www.nievesviesca.com\/blog\/wp-json\/wp\/v2\/posts\/362\/revisions"}],"predecessor-version":[{"id":372,"href":"https:\/\/www.nievesviesca.com\/blog\/wp-json\/wp\/v2\/posts\/362\/revisions\/372"}],"wp:attachment":[{"href":"https:\/\/www.nievesviesca.com\/blog\/wp-json\/wp\/v2\/media?parent=362"}],"wp:term":[{"taxonomy":"category","embeddable":true,"href":"https:\/\/www.nievesviesca.com\/blog\/wp-json\/wp\/v2\/categories?post=362"},{"taxonomy":"post_tag","embeddable":true,"href":"https:\/\/www.nievesviesca.com\/blog\/wp-json\/wp\/v2\/tags?post=362"}],"curies":[{"name":"wp","href":"https:\/\/api.w.org\/{rel}","templated":true}]}}