{"id":4406,"date":"2015-09-21T22:33:51","date_gmt":"2015-09-21T20:33:51","guid":{"rendered":"http:\/\/www.nievesviesca.com\/blog\/?p=4406"},"modified":"2015-09-21T22:52:54","modified_gmt":"2015-09-21T20:52:54","slug":"ecos-de-poesia-lxxi","status":"publish","type":"post","link":"https:\/\/www.nievesviesca.com\/blog\/2015\/09\/21\/ecos-de-poesia-lxxi\/","title":{"rendered":"Ecos de Poes\u00eda (LXXI)"},"content":{"rendered":"<h2 style=\"text-align: center;\"><\/h2>\n<h2 style=\"text-align: center;\"><span style=\"color: #000000;\">Un Final de verano<\/span><\/h2>\n<p>&nbsp;<\/p>\n<h1 style=\"text-align: center;\"><span style=\"color: #000000;\">LLENO DE VERSOS<\/span><\/h1>\n<h1 style=\"text-align: center;\"><\/h1>\n<p>&nbsp;<\/p>\n<p style=\"text-align: justify;\"><a href=\"https:\/\/i0.wp.com\/www.nievesviesca.com\/blog\/wp-content\/uploads\/2015\/09\/EL-CORTE-INGLES-ALICANTE-2015..jpg?ssl=1\"><img decoding=\"async\" loading=\"lazy\" class=\"aligncenter  wp-image-4408\" src=\"https:\/\/i0.wp.com\/www.nievesviesca.com\/blog\/wp-content\/uploads\/2015\/09\/EL-CORTE-INGLES-ALICANTE-2015..jpg?resize=574%2C371&#038;ssl=1\" alt=\"EL CORTE INGLES ALICANTE 2015.\" width=\"574\" height=\"371\" srcset=\"https:\/\/i0.wp.com\/www.nievesviesca.com\/blog\/wp-content\/uploads\/2015\/09\/EL-CORTE-INGLES-ALICANTE-2015..jpg?resize=1024%2C663&amp;ssl=1 1024w, https:\/\/i0.wp.com\/www.nievesviesca.com\/blog\/wp-content\/uploads\/2015\/09\/EL-CORTE-INGLES-ALICANTE-2015..jpg?resize=300%2C194&amp;ssl=1 300w, https:\/\/i0.wp.com\/www.nievesviesca.com\/blog\/wp-content\/uploads\/2015\/09\/EL-CORTE-INGLES-ALICANTE-2015..jpg?resize=900%2C583&amp;ssl=1 900w, https:\/\/i0.wp.com\/www.nievesviesca.com\/blog\/wp-content\/uploads\/2015\/09\/EL-CORTE-INGLES-ALICANTE-2015..jpg?w=1600&amp;ssl=1 1600w, https:\/\/i0.wp.com\/www.nievesviesca.com\/blog\/wp-content\/uploads\/2015\/09\/EL-CORTE-INGLES-ALICANTE-2015..jpg?w=1168&amp;ssl=1 1168w\" sizes=\"(max-width: 574px) 100vw, 574px\" data-recalc-dims=\"1\" \/><\/a><\/p>\n<p style=\"text-align: justify;\"><span style=\"color: #000000;\"><strong>\u00a0Ante un p\u00fablico que llenaba por completo la sala del \u00c1mbito Cultural El Corte Ingl\u00e9s de Alicante,<\/strong><\/span> <span style=\"color: #000000;\">el pasado 10 de septiembre La Asociaci\u00f3n Cultural E.D.A. presidida por Consuelo Giner ofreci\u00f3 un recital de poes\u00eda para iniciar el Curso Literario 2015-2016.<\/span><\/p>\n<p><a href=\"https:\/\/i0.wp.com\/www.nievesviesca.com\/blog\/wp-content\/uploads\/2015\/09\/2015-09-10-19.46.29.jpg?ssl=1\"><img decoding=\"async\" loading=\"lazy\" class=\"aligncenter  wp-image-4429\" src=\"https:\/\/i0.wp.com\/www.nievesviesca.com\/blog\/wp-content\/uploads\/2015\/09\/2015-09-10-19.46.29.jpg?resize=573%2C339&#038;ssl=1\" alt=\"2015-09-10 19.46.29\" width=\"573\" height=\"339\" srcset=\"https:\/\/i0.wp.com\/www.nievesviesca.com\/blog\/wp-content\/uploads\/2015\/09\/2015-09-10-19.46.29.jpg?resize=1024%2C606&amp;ssl=1 1024w, https:\/\/i0.wp.com\/www.nievesviesca.com\/blog\/wp-content\/uploads\/2015\/09\/2015-09-10-19.46.29.jpg?resize=300%2C177&amp;ssl=1 300w, https:\/\/i0.wp.com\/www.nievesviesca.com\/blog\/wp-content\/uploads\/2015\/09\/2015-09-10-19.46.29.jpg?resize=900%2C532&amp;ssl=1 900w, https:\/\/i0.wp.com\/www.nievesviesca.com\/blog\/wp-content\/uploads\/2015\/09\/2015-09-10-19.46.29.jpg?w=1600&amp;ssl=1 1600w, https:\/\/i0.wp.com\/www.nievesviesca.com\/blog\/wp-content\/uploads\/2015\/09\/2015-09-10-19.46.29.jpg?w=1168&amp;ssl=1 1168w\" sizes=\"(max-width: 573px) 100vw, 573px\" data-recalc-dims=\"1\" \/><\/a><\/p>\n<p style=\"text-align: justify;\"><span style=\"color: #000000;\">\u00a0Presentado por los coordinadores del evento, Jos\u00e9 A. Asensio, Pilar L\u00f3pez Momp\u00f3 y Francisco Burl\u00f3,\u00a0 la tarde transcurri\u00f3 en un ambiente de po\u00e9tica entrega donde todos y cada uno de los poetas y poetisas participantes demostraron que La Poes\u00eda con may\u00fascula es ante todo<strong> \u201cLa donaci\u00f3n del poeta\u201d.<\/strong><\/span><\/p>\n<p><a href=\"https:\/\/i0.wp.com\/www.nievesviesca.com\/blog\/wp-content\/uploads\/2015\/09\/CORTE-INLES-ALICANTE.jpg?ssl=1\"><img decoding=\"async\" loading=\"lazy\" class=\"aligncenter  wp-image-4407\" src=\"https:\/\/i0.wp.com\/www.nievesviesca.com\/blog\/wp-content\/uploads\/2015\/09\/CORTE-INLES-ALICANTE.jpg?resize=575%2C338&#038;ssl=1\" alt=\"CORTE INLES ALICANTE\" width=\"575\" height=\"338\" srcset=\"https:\/\/i0.wp.com\/www.nievesviesca.com\/blog\/wp-content\/uploads\/2015\/09\/CORTE-INLES-ALICANTE.jpg?resize=1024%2C602&amp;ssl=1 1024w, https:\/\/i0.wp.com\/www.nievesviesca.com\/blog\/wp-content\/uploads\/2015\/09\/CORTE-INLES-ALICANTE.jpg?resize=300%2C176&amp;ssl=1 300w, https:\/\/i0.wp.com\/www.nievesviesca.com\/blog\/wp-content\/uploads\/2015\/09\/CORTE-INLES-ALICANTE.jpg?resize=900%2C529&amp;ssl=1 900w, https:\/\/i0.wp.com\/www.nievesviesca.com\/blog\/wp-content\/uploads\/2015\/09\/CORTE-INLES-ALICANTE.jpg?w=1600&amp;ssl=1 1600w, https:\/\/i0.wp.com\/www.nievesviesca.com\/blog\/wp-content\/uploads\/2015\/09\/CORTE-INLES-ALICANTE.jpg?w=1168&amp;ssl=1 1168w\" sizes=\"(max-width: 575px) 100vw, 575px\" data-recalc-dims=\"1\" \/><\/a><\/p>\n","protected":false},"excerpt":{"rendered":"<p>Un Final de verano &nbsp; LLENO DE VERSOS &nbsp; \u00a0Ante un p\u00fablico que llenaba por completo la sala del \u00c1mbito Cultural El Corte Ingl\u00e9s de Alicante, el pasado 10 de septiembre La Asociaci\u00f3n Cultural E.D.A. presidida por Consuelo Giner ofreci\u00f3 &hellip; <a href=\"https:\/\/www.nievesviesca.com\/blog\/2015\/09\/21\/ecos-de-poesia-lxxi\/\">Sigue leyendo <span class=\"meta-nav\">&rarr;<\/span><\/a><\/p>\n","protected":false},"author":2,"featured_media":0,"comment_status":"open","ping_status":"open","sticky":false,"template":"","format":"standard","meta":{"_bbp_topic_count":0,"_bbp_reply_count":0,"_bbp_total_topic_count":0,"_bbp_total_reply_count":0,"_bbp_voice_count":0,"_bbp_anonymous_reply_count":0,"_bbp_topic_count_hidden":0,"_bbp_reply_count_hidden":0,"_bbp_forum_subforum_count":0,"om_disable_all_campaigns":false,"_monsterinsights_skip_tracking":false,"_monsterinsights_sitenote_active":false,"_monsterinsights_sitenote_note":"","_monsterinsights_sitenote_category":0,"jetpack_post_was_ever_published":false,"_jetpack_newsletter_access":"","_jetpack_newsletter_tier_id":0,"footnotes":"","jetpack_publicize_message":"","jetpack_is_tweetstorm":false,"jetpack_publicize_feature_enabled":true,"jetpack_social_post_already_shared":true,"jetpack_social_options":{"image_generator_settings":{"template":"highway","enabled":false}}},"categories":[4],"tags":[],"jetpack_publicize_connections":[],"aioseo_notices":[],"jetpack_featured_media_url":"","jetpack_sharing_enabled":true,"jetpack_shortlink":"https:\/\/wp.me\/p6xI8c-194","_links":{"self":[{"href":"https:\/\/www.nievesviesca.com\/blog\/wp-json\/wp\/v2\/posts\/4406"}],"collection":[{"href":"https:\/\/www.nievesviesca.com\/blog\/wp-json\/wp\/v2\/posts"}],"about":[{"href":"https:\/\/www.nievesviesca.com\/blog\/wp-json\/wp\/v2\/types\/post"}],"author":[{"embeddable":true,"href":"https:\/\/www.nievesviesca.com\/blog\/wp-json\/wp\/v2\/users\/2"}],"replies":[{"embeddable":true,"href":"https:\/\/www.nievesviesca.com\/blog\/wp-json\/wp\/v2\/comments?post=4406"}],"version-history":[{"count":15,"href":"https:\/\/www.nievesviesca.com\/blog\/wp-json\/wp\/v2\/posts\/4406\/revisions"}],"predecessor-version":[{"id":4431,"href":"https:\/\/www.nievesviesca.com\/blog\/wp-json\/wp\/v2\/posts\/4406\/revisions\/4431"}],"wp:attachment":[{"href":"https:\/\/www.nievesviesca.com\/blog\/wp-json\/wp\/v2\/media?parent=4406"}],"wp:term":[{"taxonomy":"category","embeddable":true,"href":"https:\/\/www.nievesviesca.com\/blog\/wp-json\/wp\/v2\/categories?post=4406"},{"taxonomy":"post_tag","embeddable":true,"href":"https:\/\/www.nievesviesca.com\/blog\/wp-json\/wp\/v2\/tags?post=4406"}],"curies":[{"name":"wp","href":"https:\/\/api.w.org\/{rel}","templated":true}]}}