{"id":4494,"date":"2015-10-19T14:08:05","date_gmt":"2015-10-19T12:08:05","guid":{"rendered":"http:\/\/www.nievesviesca.com\/blog\/?p=4494"},"modified":"2015-10-19T14:08:05","modified_gmt":"2015-10-19T12:08:05","slug":"ecos-de-poesia-lxxiii","status":"publish","type":"post","link":"https:\/\/www.nievesviesca.com\/blog\/2015\/10\/19\/ecos-de-poesia-lxxiii\/","title":{"rendered":"Ecos de Poes\u00eda (LXXIII)"},"content":{"rendered":"<p>&nbsp;<\/p>\n<h1 style=\"text-align: center;\"><span style=\"color: #000000;\"><strong>Geograf\u00eda de Palabras<\/strong><\/span><\/h1>\n<p>&nbsp;<\/p>\n<h1 style=\"text-align: center;\"><a href=\"https:\/\/i0.wp.com\/www.nievesviesca.com\/blog\/wp-content\/uploads\/2015\/10\/PRAVIA-2015-15.jpg?ssl=1\"><img decoding=\"async\" loading=\"lazy\" class=\"wp-image-4495 aligncenter\" src=\"https:\/\/i0.wp.com\/www.nievesviesca.com\/blog\/wp-content\/uploads\/2015\/10\/PRAVIA-2015-15.jpg?resize=509%2C287&#038;ssl=1\" alt=\"PRAVIA 2015 15\" width=\"509\" height=\"287\" srcset=\"https:\/\/i0.wp.com\/www.nievesviesca.com\/blog\/wp-content\/uploads\/2015\/10\/PRAVIA-2015-15.jpg?w=960&amp;ssl=1 960w, https:\/\/i0.wp.com\/www.nievesviesca.com\/blog\/wp-content\/uploads\/2015\/10\/PRAVIA-2015-15.jpg?resize=300%2C169&amp;ssl=1 300w, https:\/\/i0.wp.com\/www.nievesviesca.com\/blog\/wp-content\/uploads\/2015\/10\/PRAVIA-2015-15.jpg?resize=900%2C506&amp;ssl=1 900w\" sizes=\"(max-width: 509px) 100vw, 509px\" data-recalc-dims=\"1\" \/><\/a><\/h1>\n<h1 style=\"text-align: center;\"><a href=\"https:\/\/i0.wp.com\/www.nievesviesca.com\/blog\/wp-content\/uploads\/2015\/10\/PRAVIA-2015-3.jpg?ssl=1\"><img decoding=\"async\" loading=\"lazy\" class=\"wp-image-4498 aligncenter\" src=\"https:\/\/i0.wp.com\/www.nievesviesca.com\/blog\/wp-content\/uploads\/2015\/10\/PRAVIA-2015-3.jpg?resize=498%2C279&#038;ssl=1\" alt=\"PRAVIA 2015 3\" width=\"498\" height=\"279\" srcset=\"https:\/\/i0.wp.com\/www.nievesviesca.com\/blog\/wp-content\/uploads\/2015\/10\/PRAVIA-2015-3.jpg?w=960&amp;ssl=1 960w, https:\/\/i0.wp.com\/www.nievesviesca.com\/blog\/wp-content\/uploads\/2015\/10\/PRAVIA-2015-3.jpg?resize=300%2C169&amp;ssl=1 300w, https:\/\/i0.wp.com\/www.nievesviesca.com\/blog\/wp-content\/uploads\/2015\/10\/PRAVIA-2015-3.jpg?resize=900%2C506&amp;ssl=1 900w\" sizes=\"(max-width: 498px) 100vw, 498px\" data-recalc-dims=\"1\" \/><\/a><\/h1>\n<p>&nbsp;<\/p>\n<h1 style=\"text-align: center;\"><\/h1>\n<h1 style=\"text-align: center;\"><\/h1>\n<h1 style=\"text-align: center;\"><\/h1>\n<h1><\/h1>\n<h1 style=\"text-align: center;\"><\/h1>\n<h1 style=\"text-align: center;\"><\/h1>\n<h1 style=\"text-align: justify;\"><\/h1>\n<p>&nbsp;<\/p>\n<h1 style=\"text-align: center;\"><span style=\"color: #000000;\"><strong>EN<\/strong><\/span><\/h1>\n<p>&nbsp;<\/p>\n<h1 style=\"text-align: center;\"><span style=\"color: #000000;\">PRAVIA CON TODAS LAS LETRAS<\/span><\/h1>\n<p>&nbsp;<\/p>\n<p>&nbsp;<\/p>\n<p style=\"text-align: justify;\"><a href=\"https:\/\/i0.wp.com\/www.nievesviesca.com\/blog\/wp-content\/uploads\/2015\/10\/PRAVIA-2015-22.jpg?ssl=1\"><img decoding=\"async\" loading=\"lazy\" class=\"aligncenter  wp-image-4502\" src=\"https:\/\/i0.wp.com\/www.nievesviesca.com\/blog\/wp-content\/uploads\/2015\/10\/PRAVIA-2015-22.jpg?resize=565%2C300&#038;ssl=1\" alt=\"PRAVIA 2015 22\" width=\"565\" height=\"300\" srcset=\"https:\/\/i0.wp.com\/www.nievesviesca.com\/blog\/wp-content\/uploads\/2015\/10\/PRAVIA-2015-22.jpg?resize=1024%2C544&amp;ssl=1 1024w, https:\/\/i0.wp.com\/www.nievesviesca.com\/blog\/wp-content\/uploads\/2015\/10\/PRAVIA-2015-22.jpg?resize=300%2C159&amp;ssl=1 300w, https:\/\/i0.wp.com\/www.nievesviesca.com\/blog\/wp-content\/uploads\/2015\/10\/PRAVIA-2015-22.jpg?resize=900%2C478&amp;ssl=1 900w, https:\/\/i0.wp.com\/www.nievesviesca.com\/blog\/wp-content\/uploads\/2015\/10\/PRAVIA-2015-22.jpg?w=1600&amp;ssl=1 1600w, https:\/\/i0.wp.com\/www.nievesviesca.com\/blog\/wp-content\/uploads\/2015\/10\/PRAVIA-2015-22.jpg?w=1168&amp;ssl=1 1168w\" sizes=\"(max-width: 565px) 100vw, 565px\" data-recalc-dims=\"1\" \/><\/a><\/p>\n<p style=\"text-align: justify;\"><span style=\"color: #000000;\">El s\u00e1bado 17 de octubre se clausuraron con \u00e9xito de p\u00fablico las XV Jornadas de Literatura en Pravia, donde Asturias se hizo presente como gerundio para\u00edso de nuevos horizontes en el Sal\u00f3n de Actos de la Biblioteca Ant\u00f3n de La Bra\u00f1a que, un a\u00f1o m\u00e1s, acogi\u00f3 el tradicional encuentro entre escritores y poetas. <\/span><br \/>\n<span style=\"color: #000000;\">Como novedad, el creativo Vermut Literario de las Jornadas tuvo lugar en \u2018El Teatrillo\u2019 disfrutando, cada uno de los presentes, con la animada lectura de textos y poemas escritos por los autores e invitados de la <span style=\"color: #ff0000;\">A<\/span>sociaci\u00f3n de <span style=\"color: #ff0000;\">E<\/span>scritores de <span style=\"color: #ff0000;\">A<\/span>sturias.<\/span><\/p>\n<p style=\"text-align: justify;\">\n<p style=\"text-align: justify;\"><a href=\"https:\/\/i0.wp.com\/www.nievesviesca.com\/blog\/wp-content\/uploads\/2015\/10\/PRAVIA-2015-13.jpg?ssl=1\"><img decoding=\"async\" loading=\"lazy\" class=\"  wp-image-4505 aligncenter\" src=\"https:\/\/i0.wp.com\/www.nievesviesca.com\/blog\/wp-content\/uploads\/2015\/10\/PRAVIA-2015-13.jpg?resize=531%2C299&#038;ssl=1\" alt=\"PRAVIA 2015 13\" width=\"531\" height=\"299\" srcset=\"https:\/\/i0.wp.com\/www.nievesviesca.com\/blog\/wp-content\/uploads\/2015\/10\/PRAVIA-2015-13.jpg?w=960&amp;ssl=1 960w, https:\/\/i0.wp.com\/www.nievesviesca.com\/blog\/wp-content\/uploads\/2015\/10\/PRAVIA-2015-13.jpg?resize=300%2C169&amp;ssl=1 300w, https:\/\/i0.wp.com\/www.nievesviesca.com\/blog\/wp-content\/uploads\/2015\/10\/PRAVIA-2015-13.jpg?resize=900%2C506&amp;ssl=1 900w\" sizes=\"(max-width: 531px) 100vw, 531px\" data-recalc-dims=\"1\" \/><\/a><\/p>\n<p style=\"text-align: justify;\">\n<p style=\"text-align: justify;\">\u00a0\u00a0\u00a0\u00a0\u00a0\u00a0\u00a0 <a href=\"https:\/\/i0.wp.com\/www.nievesviesca.com\/blog\/wp-content\/uploads\/2015\/10\/PRAVIA-2015-17.jpg?ssl=1\"><img decoding=\"async\" loading=\"lazy\" class=\"  wp-image-4506 aligncenter\" src=\"https:\/\/i0.wp.com\/www.nievesviesca.com\/blog\/wp-content\/uploads\/2015\/10\/PRAVIA-2015-17.jpg?resize=517%2C291&#038;ssl=1\" alt=\"PRAVIA 2015 17\" width=\"517\" height=\"291\" srcset=\"https:\/\/i0.wp.com\/www.nievesviesca.com\/blog\/wp-content\/uploads\/2015\/10\/PRAVIA-2015-17.jpg?w=960&amp;ssl=1 960w, https:\/\/i0.wp.com\/www.nievesviesca.com\/blog\/wp-content\/uploads\/2015\/10\/PRAVIA-2015-17.jpg?resize=300%2C169&amp;ssl=1 300w, https:\/\/i0.wp.com\/www.nievesviesca.com\/blog\/wp-content\/uploads\/2015\/10\/PRAVIA-2015-17.jpg?resize=900%2C506&amp;ssl=1 900w\" sizes=\"(max-width: 517px) 100vw, 517px\" data-recalc-dims=\"1\" \/><\/a><\/p>\n<p style=\"text-align: justify;\">\n<p style=\"text-align: justify;\">\n<p style=\"text-align: justify;\">\n<p style=\"text-align: justify;\">\n<p style=\"text-align: justify;\">\n<p style=\"text-align: justify;\"><a href=\"https:\/\/i0.wp.com\/www.nievesviesca.com\/blog\/wp-content\/uploads\/2015\/10\/PRAVIA-2015-5.jpg?ssl=1\"><img decoding=\"async\" loading=\"lazy\" class=\"  wp-image-4507 aligncenter\" src=\"https:\/\/i0.wp.com\/www.nievesviesca.com\/blog\/wp-content\/uploads\/2015\/10\/PRAVIA-2015-5.jpg?resize=503%2C282&#038;ssl=1\" alt=\"PRAVIA 2015 5\" width=\"503\" height=\"282\" srcset=\"https:\/\/i0.wp.com\/www.nievesviesca.com\/blog\/wp-content\/uploads\/2015\/10\/PRAVIA-2015-5.jpg?w=960&amp;ssl=1 960w, https:\/\/i0.wp.com\/www.nievesviesca.com\/blog\/wp-content\/uploads\/2015\/10\/PRAVIA-2015-5.jpg?resize=300%2C169&amp;ssl=1 300w, https:\/\/i0.wp.com\/www.nievesviesca.com\/blog\/wp-content\/uploads\/2015\/10\/PRAVIA-2015-5.jpg?resize=900%2C506&amp;ssl=1 900w\" sizes=\"(max-width: 503px) 100vw, 503px\" data-recalc-dims=\"1\" \/><\/a><\/p>\n","protected":false},"excerpt":{"rendered":"<p>&nbsp; Geograf\u00eda de Palabras &nbsp; &nbsp; &nbsp; EN &nbsp; PRAVIA CON TODAS LAS LETRAS &nbsp; &nbsp; El s\u00e1bado 17 de octubre se clausuraron con \u00e9xito de p\u00fablico las XV Jornadas de Literatura en Pravia, donde Asturias se hizo presente como &hellip; <a href=\"https:\/\/www.nievesviesca.com\/blog\/2015\/10\/19\/ecos-de-poesia-lxxiii\/\">Sigue leyendo <span class=\"meta-nav\">&rarr;<\/span><\/a><\/p>\n","protected":false},"author":2,"featured_media":0,"comment_status":"open","ping_status":"open","sticky":false,"template":"","format":"standard","meta":{"_bbp_topic_count":0,"_bbp_reply_count":0,"_bbp_total_topic_count":0,"_bbp_total_reply_count":0,"_bbp_voice_count":0,"_bbp_anonymous_reply_count":0,"_bbp_topic_count_hidden":0,"_bbp_reply_count_hidden":0,"_bbp_forum_subforum_count":0,"om_disable_all_campaigns":false,"_monsterinsights_skip_tracking":false,"_monsterinsights_sitenote_active":false,"_monsterinsights_sitenote_note":"","_monsterinsights_sitenote_category":0,"jetpack_post_was_ever_published":false,"_jetpack_newsletter_access":"","_jetpack_newsletter_tier_id":0,"footnotes":"","jetpack_publicize_message":"","jetpack_is_tweetstorm":false,"jetpack_publicize_feature_enabled":true,"jetpack_social_post_already_shared":true,"jetpack_social_options":{"image_generator_settings":{"template":"highway","enabled":false}}},"categories":[4],"tags":[],"jetpack_publicize_connections":[],"aioseo_notices":[],"jetpack_featured_media_url":"","jetpack_sharing_enabled":true,"jetpack_shortlink":"https:\/\/wp.me\/p6xI8c-1au","_links":{"self":[{"href":"https:\/\/www.nievesviesca.com\/blog\/wp-json\/wp\/v2\/posts\/4494"}],"collection":[{"href":"https:\/\/www.nievesviesca.com\/blog\/wp-json\/wp\/v2\/posts"}],"about":[{"href":"https:\/\/www.nievesviesca.com\/blog\/wp-json\/wp\/v2\/types\/post"}],"author":[{"embeddable":true,"href":"https:\/\/www.nievesviesca.com\/blog\/wp-json\/wp\/v2\/users\/2"}],"replies":[{"embeddable":true,"href":"https:\/\/www.nievesviesca.com\/blog\/wp-json\/wp\/v2\/comments?post=4494"}],"version-history":[{"count":15,"href":"https:\/\/www.nievesviesca.com\/blog\/wp-json\/wp\/v2\/posts\/4494\/revisions"}],"predecessor-version":[{"id":4518,"href":"https:\/\/www.nievesviesca.com\/blog\/wp-json\/wp\/v2\/posts\/4494\/revisions\/4518"}],"wp:attachment":[{"href":"https:\/\/www.nievesviesca.com\/blog\/wp-json\/wp\/v2\/media?parent=4494"}],"wp:term":[{"taxonomy":"category","embeddable":true,"href":"https:\/\/www.nievesviesca.com\/blog\/wp-json\/wp\/v2\/categories?post=4494"},{"taxonomy":"post_tag","embeddable":true,"href":"https:\/\/www.nievesviesca.com\/blog\/wp-json\/wp\/v2\/tags?post=4494"}],"curies":[{"name":"wp","href":"https:\/\/api.w.org\/{rel}","templated":true}]}}