{"id":4531,"date":"2015-11-02T21:16:30","date_gmt":"2015-11-02T20:16:30","guid":{"rendered":"http:\/\/www.nievesviesca.com\/blog\/?p=4531"},"modified":"2015-11-02T22:04:37","modified_gmt":"2015-11-02T21:04:37","slug":"el-alba-de-los-libros-xxiii","status":"publish","type":"post","link":"https:\/\/www.nievesviesca.com\/blog\/2015\/11\/02\/el-alba-de-los-libros-xxiii\/","title":{"rendered":"EL ALBA DE LOS LIBROS (XXIII)"},"content":{"rendered":"<p>&nbsp;<\/p>\n<h1 style=\"text-align: center;\"><em><span style=\"color: #000000;\"><strong>\u00abHablan los Poetas\u00bb<\/strong><\/span><\/em><\/h1>\n<p>&nbsp;<\/p>\n<p><a href=\"https:\/\/i0.wp.com\/www.nievesviesca.com\/blog\/wp-content\/uploads\/2015\/11\/VISSUM-2015-6.jpg?ssl=1\"><img decoding=\"async\" loading=\"lazy\" class=\"aligncenter  wp-image-4533\" src=\"https:\/\/i0.wp.com\/www.nievesviesca.com\/blog\/wp-content\/uploads\/2015\/11\/VISSUM-2015-6.jpg?resize=584%2C390&#038;ssl=1\" alt=\"VISSUM 2015 6\" width=\"584\" height=\"390\" srcset=\"https:\/\/i0.wp.com\/www.nievesviesca.com\/blog\/wp-content\/uploads\/2015\/11\/VISSUM-2015-6.jpg?resize=1024%2C683&amp;ssl=1 1024w, https:\/\/i0.wp.com\/www.nievesviesca.com\/blog\/wp-content\/uploads\/2015\/11\/VISSUM-2015-6.jpg?resize=300%2C200&amp;ssl=1 300w, https:\/\/i0.wp.com\/www.nievesviesca.com\/blog\/wp-content\/uploads\/2015\/11\/VISSUM-2015-6.jpg?resize=900%2C600&amp;ssl=1 900w, https:\/\/i0.wp.com\/www.nievesviesca.com\/blog\/wp-content\/uploads\/2015\/11\/VISSUM-2015-6.jpg?w=1600&amp;ssl=1 1600w, https:\/\/i0.wp.com\/www.nievesviesca.com\/blog\/wp-content\/uploads\/2015\/11\/VISSUM-2015-6.jpg?w=1168&amp;ssl=1 1168w\" sizes=\"(max-width: 584px) 100vw, 584px\" data-recalc-dims=\"1\" \/><\/a><\/p>\n<p style=\"text-align: justify;\"><span style=\"color: #000000;\"><strong>En el Sal\u00f3n de Actos de Vissum Alicante<\/strong>, el viernes 30 de octubre tuvo lugar la presentaci\u00f3n, entrega de ejemplares y lectura de poemas por los poetas y artistas seleccionados en esta cuidada Antolog\u00eda <strong>HABLAN LOS POETAS<\/strong>, fruto del VI Encuentro Nacional de Poes\u00eda y XII Provincial, convocado por la Asociaci\u00f3n Cultural Espejo de Alicante en junio de 2014, donde se congregaron m\u00e1s de 100 artistas (entre poetas, pintores, escultores y fot\u00f3grafos).<\/span><\/p>\n<p style=\"text-align: justify;\"><a href=\"https:\/\/i0.wp.com\/www.nievesviesca.com\/blog\/wp-content\/uploads\/2015\/11\/VISSUM-2015-9.jpg?ssl=1\"><img decoding=\"async\" loading=\"lazy\" class=\"aligncenter  wp-image-4532\" src=\"https:\/\/i0.wp.com\/www.nievesviesca.com\/blog\/wp-content\/uploads\/2015\/11\/VISSUM-2015-9.jpg?resize=584%2C321&#038;ssl=1\" alt=\"VISSUM 2015 9\" width=\"584\" height=\"321\" srcset=\"https:\/\/i0.wp.com\/www.nievesviesca.com\/blog\/wp-content\/uploads\/2015\/11\/VISSUM-2015-9.jpg?resize=1024%2C563&amp;ssl=1 1024w, https:\/\/i0.wp.com\/www.nievesviesca.com\/blog\/wp-content\/uploads\/2015\/11\/VISSUM-2015-9.jpg?resize=300%2C165&amp;ssl=1 300w, https:\/\/i0.wp.com\/www.nievesviesca.com\/blog\/wp-content\/uploads\/2015\/11\/VISSUM-2015-9.jpg?resize=900%2C495&amp;ssl=1 900w, https:\/\/i0.wp.com\/www.nievesviesca.com\/blog\/wp-content\/uploads\/2015\/11\/VISSUM-2015-9.jpg?w=1600&amp;ssl=1 1600w, https:\/\/i0.wp.com\/www.nievesviesca.com\/blog\/wp-content\/uploads\/2015\/11\/VISSUM-2015-9.jpg?w=1168&amp;ssl=1 1168w\" sizes=\"(max-width: 584px) 100vw, 584px\" data-recalc-dims=\"1\" \/><\/a><\/p>\n<p style=\"text-align: justify;\"><span style=\"color: #000000;\">La presentaci\u00f3n corri\u00f3 a cargo de <em>Consuelo Giner<\/em> Presidenta de la Asociaci\u00f3n,<em> Rita Quinto <\/em>Vicepresidenta, <em>Pilar L\u00f3pez Momp\u00f3 <\/em>Vocal de Literatura, el poeta Jos\u00e9 Antonio Asensio Florenciano y la poetisa y dramaturga <em>Maravillas Cano.<\/em><\/span><\/p>\n<p style=\"text-align: justify;\"><a href=\"https:\/\/i0.wp.com\/www.nievesviesca.com\/blog\/wp-content\/uploads\/2015\/11\/VISSUM-2015-8.jpg?ssl=1\"><img decoding=\"async\" loading=\"lazy\" class=\"aligncenter  wp-image-4534\" src=\"https:\/\/i0.wp.com\/www.nievesviesca.com\/blog\/wp-content\/uploads\/2015\/11\/VISSUM-2015-8.jpg?resize=577%2C600&#038;ssl=1\" alt=\"VISSUM 2015 8\" width=\"577\" height=\"600\" srcset=\"https:\/\/i0.wp.com\/www.nievesviesca.com\/blog\/wp-content\/uploads\/2015\/11\/VISSUM-2015-8.jpg?resize=985%2C1024&amp;ssl=1 985w, https:\/\/i0.wp.com\/www.nievesviesca.com\/blog\/wp-content\/uploads\/2015\/11\/VISSUM-2015-8.jpg?resize=289%2C300&amp;ssl=1 289w, https:\/\/i0.wp.com\/www.nievesviesca.com\/blog\/wp-content\/uploads\/2015\/11\/VISSUM-2015-8.jpg?resize=900%2C935&amp;ssl=1 900w, https:\/\/i0.wp.com\/www.nievesviesca.com\/blog\/wp-content\/uploads\/2015\/11\/VISSUM-2015-8.jpg?w=1540&amp;ssl=1 1540w, https:\/\/i0.wp.com\/www.nievesviesca.com\/blog\/wp-content\/uploads\/2015\/11\/VISSUM-2015-8.jpg?w=1168&amp;ssl=1 1168w\" sizes=\"(max-width: 577px) 100vw, 577px\" data-recalc-dims=\"1\" \/><\/a><\/p>\n<p style=\"text-align: justify;\"><span style=\"color: #000000;\">Ante un nutrido y expectante p\u00fablico, la poes\u00eda y la creaci\u00f3n art\u00edstica se conjugaron por igual en esta esmerada publicaci\u00f3n donde versos y pinceles se mezclan entre el sentimiento y el pensamiento, ilustrando el dif\u00edcil y logrado intento de fusionar las artes pl\u00e1sticas con las artes literarias<\/span><\/p>\n<p style=\"text-align: justify;\"><a href=\"https:\/\/i0.wp.com\/www.nievesviesca.com\/blog\/wp-content\/uploads\/2015\/11\/VISSUM-2015-4.jpg?ssl=1\"><img decoding=\"async\" loading=\"lazy\" class=\"  wp-image-4535 aligncenter\" src=\"https:\/\/i0.wp.com\/www.nievesviesca.com\/blog\/wp-content\/uploads\/2015\/11\/VISSUM-2015-4.jpg?resize=584%2C391&#038;ssl=1\" alt=\"VISSUM 2015 4\" width=\"584\" height=\"391\" srcset=\"https:\/\/i0.wp.com\/www.nievesviesca.com\/blog\/wp-content\/uploads\/2015\/11\/VISSUM-2015-4.jpg?resize=300%2C200&amp;ssl=1 300w, https:\/\/i0.wp.com\/www.nievesviesca.com\/blog\/wp-content\/uploads\/2015\/11\/VISSUM-2015-4.jpg?zoom=2&amp;resize=585%2C392&amp;ssl=1 1170w\" sizes=\"(max-width: 584px) 100vw, 584px\" data-recalc-dims=\"1\" \/><\/a><\/p>\n<p style=\"text-align: justify;\"><a href=\"https:\/\/i0.wp.com\/www.nievesviesca.com\/blog\/wp-content\/uploads\/2015\/11\/HABLAN-LOS-POETAS-20151.jpg?ssl=1\"><img decoding=\"async\" loading=\"lazy\" class=\"aligncenter  wp-image-4552\" src=\"https:\/\/i0.wp.com\/www.nievesviesca.com\/blog\/wp-content\/uploads\/2015\/11\/HABLAN-LOS-POETAS-20151.jpg?resize=581%2C434&#038;ssl=1\" alt=\"HABLAN LOS POETAS 2015\" width=\"581\" height=\"434\" srcset=\"https:\/\/i0.wp.com\/www.nievesviesca.com\/blog\/wp-content\/uploads\/2015\/11\/HABLAN-LOS-POETAS-20151.jpg?resize=1024%2C765&amp;ssl=1 1024w, https:\/\/i0.wp.com\/www.nievesviesca.com\/blog\/wp-content\/uploads\/2015\/11\/HABLAN-LOS-POETAS-20151.jpg?resize=300%2C224&amp;ssl=1 300w, https:\/\/i0.wp.com\/www.nievesviesca.com\/blog\/wp-content\/uploads\/2015\/11\/HABLAN-LOS-POETAS-20151.jpg?resize=900%2C673&amp;ssl=1 900w, https:\/\/i0.wp.com\/www.nievesviesca.com\/blog\/wp-content\/uploads\/2015\/11\/HABLAN-LOS-POETAS-20151.jpg?w=1600&amp;ssl=1 1600w, https:\/\/i0.wp.com\/www.nievesviesca.com\/blog\/wp-content\/uploads\/2015\/11\/HABLAN-LOS-POETAS-20151.jpg?w=1168&amp;ssl=1 1168w\" sizes=\"(max-width: 581px) 100vw, 581px\" data-recalc-dims=\"1\" \/><\/a><\/p>\n","protected":false},"excerpt":{"rendered":"<p>&nbsp; \u00abHablan los Poetas\u00bb &nbsp; En el Sal\u00f3n de Actos de Vissum Alicante, el viernes 30 de octubre tuvo lugar la presentaci\u00f3n, entrega de ejemplares y lectura de poemas por los poetas y artistas seleccionados en esta cuidada Antolog\u00eda HABLAN &hellip; <a href=\"https:\/\/www.nievesviesca.com\/blog\/2015\/11\/02\/el-alba-de-los-libros-xxiii\/\">Sigue leyendo <span class=\"meta-nav\">&rarr;<\/span><\/a><\/p>\n","protected":false},"author":2,"featured_media":0,"comment_status":"open","ping_status":"open","sticky":false,"template":"","format":"standard","meta":{"_bbp_topic_count":0,"_bbp_reply_count":0,"_bbp_total_topic_count":0,"_bbp_total_reply_count":0,"_bbp_voice_count":0,"_bbp_anonymous_reply_count":0,"_bbp_topic_count_hidden":0,"_bbp_reply_count_hidden":0,"_bbp_forum_subforum_count":0,"om_disable_all_campaigns":false,"_monsterinsights_skip_tracking":false,"_monsterinsights_sitenote_active":false,"_monsterinsights_sitenote_note":"","_monsterinsights_sitenote_category":0,"jetpack_post_was_ever_published":false,"_jetpack_newsletter_access":"","_jetpack_newsletter_tier_id":0,"footnotes":"","jetpack_publicize_message":"","jetpack_is_tweetstorm":false,"jetpack_publicize_feature_enabled":true,"jetpack_social_post_already_shared":true,"jetpack_social_options":{"image_generator_settings":{"template":"highway","enabled":false}}},"categories":[10],"tags":[],"jetpack_publicize_connections":[],"aioseo_notices":[],"jetpack_featured_media_url":"","jetpack_sharing_enabled":true,"jetpack_shortlink":"https:\/\/wp.me\/p6xI8c-1b5","_links":{"self":[{"href":"https:\/\/www.nievesviesca.com\/blog\/wp-json\/wp\/v2\/posts\/4531"}],"collection":[{"href":"https:\/\/www.nievesviesca.com\/blog\/wp-json\/wp\/v2\/posts"}],"about":[{"href":"https:\/\/www.nievesviesca.com\/blog\/wp-json\/wp\/v2\/types\/post"}],"author":[{"embeddable":true,"href":"https:\/\/www.nievesviesca.com\/blog\/wp-json\/wp\/v2\/users\/2"}],"replies":[{"embeddable":true,"href":"https:\/\/www.nievesviesca.com\/blog\/wp-json\/wp\/v2\/comments?post=4531"}],"version-history":[{"count":17,"href":"https:\/\/www.nievesviesca.com\/blog\/wp-json\/wp\/v2\/posts\/4531\/revisions"}],"predecessor-version":[{"id":4555,"href":"https:\/\/www.nievesviesca.com\/blog\/wp-json\/wp\/v2\/posts\/4531\/revisions\/4555"}],"wp:attachment":[{"href":"https:\/\/www.nievesviesca.com\/blog\/wp-json\/wp\/v2\/media?parent=4531"}],"wp:term":[{"taxonomy":"category","embeddable":true,"href":"https:\/\/www.nievesviesca.com\/blog\/wp-json\/wp\/v2\/categories?post=4531"},{"taxonomy":"post_tag","embeddable":true,"href":"https:\/\/www.nievesviesca.com\/blog\/wp-json\/wp\/v2\/tags?post=4531"}],"curies":[{"name":"wp","href":"https:\/\/api.w.org\/{rel}","templated":true}]}}