{"id":4599,"date":"2015-12-02T14:34:30","date_gmt":"2015-12-02T13:34:30","guid":{"rendered":"http:\/\/www.nievesviesca.com\/blog\/?p=4599"},"modified":"2015-12-02T14:34:30","modified_gmt":"2015-12-02T13:34:30","slug":"ecos-de-poesia-lxxv","status":"publish","type":"post","link":"https:\/\/www.nievesviesca.com\/blog\/2015\/12\/02\/ecos-de-poesia-lxxv\/","title":{"rendered":"Ecos de poes\u00eda (LXXV)"},"content":{"rendered":"<h1 style=\"text-align: center;\"><\/h1>\n<h1 style=\"text-align: center;\"><span style=\"color: #000000;\"><strong>Homenaje en Oviedo al gran<\/strong><\/span><\/h1>\n<p>&nbsp;<\/p>\n<p>&nbsp;<\/p>\n<p><a href=\"https:\/\/i0.wp.com\/www.nievesviesca.com\/blog\/wp-content\/uploads\/2015\/12\/Carlos-Bouso\u00f1o.jpg?ssl=1\"><img decoding=\"async\" loading=\"lazy\" class=\"aligncenter  wp-image-4600\" src=\"https:\/\/i0.wp.com\/www.nievesviesca.com\/blog\/wp-content\/uploads\/2015\/12\/Carlos-Bouso\u00f1o.jpg?resize=531%2C466&#038;ssl=1\" alt=\"Carlos Bouso\u00f1o\" width=\"531\" height=\"466\" srcset=\"https:\/\/i0.wp.com\/www.nievesviesca.com\/blog\/wp-content\/uploads\/2015\/12\/Carlos-Bouso\u00f1o.jpg?w=544&amp;ssl=1 544w, https:\/\/i0.wp.com\/www.nievesviesca.com\/blog\/wp-content\/uploads\/2015\/12\/Carlos-Bouso\u00f1o.jpg?resize=300%2C263&amp;ssl=1 300w\" sizes=\"(max-width: 531px) 100vw, 531px\" data-recalc-dims=\"1\" \/><\/a><\/p>\n<h1 style=\"text-align: center;\"><span style=\"color: #000000;\">Carlos BOUSO\u00d1O<\/span><\/h1>\n<p>&nbsp;<\/p>\n<p style=\"text-align: justify;\"><span style=\"color: #000000;\">El Real Instituto de Estudios Asturianos <strong>presentar\u00e1 el pr\u00f3ximo 3 de diciembre<\/strong> un estudio y antolog\u00eda del gran poeta Carlos Bouso\u00f1o (Premio Princesa de Asturias de las Letras, Premio Nacional de Poes\u00eda, de Ensayo y Nacional de las Letras, entre otros) fallecido el pasado 24 de octubre en Madrid. <\/span><\/p>\n<p style=\"text-align: justify;\">\n<span style=\"color: #000000;\">Te\u00f3rico, poeta y creador excepcional, el jueves en el <strong>RIDEA<\/strong> se ofrecer\u00e1 un merecido homenaje de la mano del catedr\u00e1tico de Literatura de la Universidad Jaime I de Castell\u00f3n, Santiago Fortu\u00f1o, quien disertar\u00e1 sobre el volumen de su antolog\u00eda, con pr\u00f3logo de Ruth Bouso\u00f1o, viuda del poeta, que en la actualidad prepara unas memorias en las cuales repasa sus recuerdos y vivencias al lado del insigne intelectual, portador de una universal cultura y sensibilidad po\u00e9tica para gloria de Asturias y todos sus lectores.<\/span>\n<\/p>\n<p>&nbsp;<\/p>\n","protected":false},"excerpt":{"rendered":"<p>Homenaje en Oviedo al gran &nbsp; &nbsp; Carlos BOUSO\u00d1O &nbsp; El Real Instituto de Estudios Asturianos presentar\u00e1 el pr\u00f3ximo 3 de diciembre un estudio y antolog\u00eda del gran poeta Carlos Bouso\u00f1o (Premio Princesa de Asturias de las Letras, Premio Nacional &hellip; <a href=\"https:\/\/www.nievesviesca.com\/blog\/2015\/12\/02\/ecos-de-poesia-lxxv\/\">Sigue leyendo <span class=\"meta-nav\">&rarr;<\/span><\/a><\/p>\n","protected":false},"author":2,"featured_media":0,"comment_status":"open","ping_status":"open","sticky":false,"template":"","format":"standard","meta":{"_bbp_topic_count":0,"_bbp_reply_count":0,"_bbp_total_topic_count":0,"_bbp_total_reply_count":0,"_bbp_voice_count":0,"_bbp_anonymous_reply_count":0,"_bbp_topic_count_hidden":0,"_bbp_reply_count_hidden":0,"_bbp_forum_subforum_count":0,"om_disable_all_campaigns":false,"_monsterinsights_skip_tracking":false,"_monsterinsights_sitenote_active":false,"_monsterinsights_sitenote_note":"","_monsterinsights_sitenote_category":0,"jetpack_post_was_ever_published":false,"_jetpack_newsletter_access":"","_jetpack_newsletter_tier_id":0,"footnotes":"","jetpack_publicize_message":"","jetpack_is_tweetstorm":false,"jetpack_publicize_feature_enabled":true,"jetpack_social_post_already_shared":true,"jetpack_social_options":{"image_generator_settings":{"template":"highway","enabled":false}}},"categories":[4],"tags":[],"jetpack_publicize_connections":[],"aioseo_notices":[],"jetpack_featured_media_url":"","jetpack_sharing_enabled":true,"jetpack_shortlink":"https:\/\/wp.me\/p6xI8c-1cb","_links":{"self":[{"href":"https:\/\/www.nievesviesca.com\/blog\/wp-json\/wp\/v2\/posts\/4599"}],"collection":[{"href":"https:\/\/www.nievesviesca.com\/blog\/wp-json\/wp\/v2\/posts"}],"about":[{"href":"https:\/\/www.nievesviesca.com\/blog\/wp-json\/wp\/v2\/types\/post"}],"author":[{"embeddable":true,"href":"https:\/\/www.nievesviesca.com\/blog\/wp-json\/wp\/v2\/users\/2"}],"replies":[{"embeddable":true,"href":"https:\/\/www.nievesviesca.com\/blog\/wp-json\/wp\/v2\/comments?post=4599"}],"version-history":[{"count":6,"href":"https:\/\/www.nievesviesca.com\/blog\/wp-json\/wp\/v2\/posts\/4599\/revisions"}],"predecessor-version":[{"id":4606,"href":"https:\/\/www.nievesviesca.com\/blog\/wp-json\/wp\/v2\/posts\/4599\/revisions\/4606"}],"wp:attachment":[{"href":"https:\/\/www.nievesviesca.com\/blog\/wp-json\/wp\/v2\/media?parent=4599"}],"wp:term":[{"taxonomy":"category","embeddable":true,"href":"https:\/\/www.nievesviesca.com\/blog\/wp-json\/wp\/v2\/categories?post=4599"},{"taxonomy":"post_tag","embeddable":true,"href":"https:\/\/www.nievesviesca.com\/blog\/wp-json\/wp\/v2\/tags?post=4599"}],"curies":[{"name":"wp","href":"https:\/\/api.w.org\/{rel}","templated":true}]}}