{"id":4621,"date":"2015-12-10T21:33:33","date_gmt":"2015-12-10T20:33:33","guid":{"rendered":"http:\/\/www.nievesviesca.com\/blog\/?p=4621"},"modified":"2015-12-10T21:33:33","modified_gmt":"2015-12-10T20:33:33","slug":"el-alba-de-los-libros-xxiv","status":"publish","type":"post","link":"https:\/\/www.nievesviesca.com\/blog\/2015\/12\/10\/el-alba-de-los-libros-xxiv\/","title":{"rendered":"El Alba de los Libros (XXIV)"},"content":{"rendered":"<p>&nbsp;<\/p>\n<h2><a href=\"https:\/\/i0.wp.com\/www.nievesviesca.com\/blog\/wp-content\/uploads\/2015\/12\/MARCELO-PALACIOS.jpg?ssl=1\"><img decoding=\"async\" loading=\"lazy\" class=\"  wp-image-4622 alignright\" src=\"https:\/\/i0.wp.com\/www.nievesviesca.com\/blog\/wp-content\/uploads\/2015\/12\/MARCELO-PALACIOS.jpg?resize=211%2C295&#038;ssl=1\" alt=\"MARCELO PALACIOS\" width=\"211\" height=\"295\" srcset=\"https:\/\/i0.wp.com\/www.nievesviesca.com\/blog\/wp-content\/uploads\/2015\/12\/MARCELO-PALACIOS.jpg?w=425&amp;ssl=1 425w, https:\/\/i0.wp.com\/www.nievesviesca.com\/blog\/wp-content\/uploads\/2015\/12\/MARCELO-PALACIOS.jpg?resize=214%2C300&amp;ssl=1 214w\" sizes=\"(max-width: 211px) 100vw, 211px\" data-recalc-dims=\"1\" \/><\/a><\/h2>\n<h1 style=\"text-align: center;\"><span style=\"color: #000000;\">PREFIERO A LA REINA<\/span><\/h1>\n<p>&nbsp;<\/p>\n<h2 style=\"text-align: center;\"><span style=\"color: #000000;\">y otros relatos \u2018de mi universo gemelo\u2019<\/span><\/h2>\n<p>&nbsp;<\/p>\n<p style=\"text-align: left;\"><span style=\"color: #000000;\">AUTOR: \u00a0 \u00a0 \u00a0 \u00a0\u00a0 Marcelo Palacios<\/span><br \/>\n<span style=\"color: #000000;\"> ESTILO: \u00a0 \u00a0 \u00a0 \u00a0\u00a0 Relato<\/span><br \/>\n<span style=\"color: #000000;\">EDITORIAL: \u00a0\u00a0 Punto Didot<\/span><br \/>\n<span style=\"color: #000000;\">P\u00c1GINAS: \u00a0 \u00a0\u00a0 194 \u00a0 \u00a0 \u00a0 \u00a0 \u00a0 \u00a0 \u00a0 \u00a0 <\/span><\/p>\n<p style=\"text-align: justify;\"><em><span style=\"color: #000000;\">\u201cEn la mente humana hay dos universos gemelos en conexi\u00f3n permanente, cada uno con su luz, de intensa a mortecina.<\/span><\/em><br \/>\n<em><span style=\"color: #000000;\">El universo pr\u00e1ctico reconoce la realidad como escenario de pulsiones para subsistir. El otro moviliza an\u00e1lisis y deliberaciones del pensamiento abstracto\u201d.<\/span><\/em><\/p>\n<p style=\"text-align: justify;\"><span style=\"color: #000000;\">Esta colecci\u00f3n de relatos narrada por <strong>Marcelo Palacios<\/strong> m\u00e9dico especialista, Profesor de la Escuela Internacional de Sofrolog\u00eda M\u00e9dica y Presidente del Comit\u00e9 Cient\u00edfico de la Sociedad Internacional de Bio\u00e9tica (SIBI) autor asimismo de un buen n\u00famero de libros y art\u00edculos en prensa y revistas nacionales y extranjeras\u2026 son historias que doblemente miran, observan, otean al lector y con la luz de sus sombras lo iluminan haci\u00e9ndole comprender que<em> \u201cEl mismo azar es causal, no casual\u201d.<\/em><\/span><\/p>\n<p style=\"text-align: justify;\"><span style=\"color: #000000;\">De los seis t\u00edtulos que componen el libro<strong> <em>Prefiero a la reina<\/em> <\/strong>original y did\u00e1ctico relato donde los haya, capaz de lograr con econom\u00eda de palabras y concisi\u00f3n, un repaso por nuestra Historia a trav\u00e9s de los \u00e9quidos con nombre propio (sin duda alguna los aut\u00e9nticos h\u00e9roes de la humanidad) y todo ello contado por otro singular\u00edsimo caballo que sorprende gratamente al lector con su identidad, en los p\u00e1rrafos finales, pone cumbre a<em> El Mimo<\/em>, a<em> Las visitas<\/em>, al <em>Ladr\u00f3n y la dama<\/em>, al <em>Quir\u00f3fano divino<\/em>, a una vida <em>con Yanet,<\/em> con <em>Sof\u00eda<\/em> o tal vez al sexto final de un sexto principio que doblega a\u2026<em>\u201dUna l\u00ednea puede ser una barrera, una frontera, una reja carcelaria, un horizonte o un sendero por andar\u201d.<\/em><\/span><\/p>\n","protected":false},"excerpt":{"rendered":"<p>&nbsp; PREFIERO A LA REINA &nbsp; y otros relatos \u2018de mi universo gemelo\u2019 &nbsp; AUTOR: \u00a0 \u00a0 \u00a0 \u00a0\u00a0 Marcelo Palacios ESTILO: \u00a0 \u00a0 \u00a0 \u00a0\u00a0 Relato EDITORIAL: \u00a0\u00a0 Punto Didot P\u00c1GINAS: \u00a0 \u00a0\u00a0 194 \u00a0 \u00a0 \u00a0 \u00a0 \u00a0 &hellip; <a href=\"https:\/\/www.nievesviesca.com\/blog\/2015\/12\/10\/el-alba-de-los-libros-xxiv\/\">Sigue leyendo <span class=\"meta-nav\">&rarr;<\/span><\/a><\/p>\n","protected":false},"author":2,"featured_media":0,"comment_status":"open","ping_status":"open","sticky":false,"template":"","format":"standard","meta":{"_bbp_topic_count":0,"_bbp_reply_count":0,"_bbp_total_topic_count":0,"_bbp_total_reply_count":0,"_bbp_voice_count":0,"_bbp_anonymous_reply_count":0,"_bbp_topic_count_hidden":0,"_bbp_reply_count_hidden":0,"_bbp_forum_subforum_count":0,"om_disable_all_campaigns":false,"_monsterinsights_skip_tracking":false,"_monsterinsights_sitenote_active":false,"_monsterinsights_sitenote_note":"","_monsterinsights_sitenote_category":0,"jetpack_post_was_ever_published":false,"_jetpack_newsletter_access":"","_jetpack_newsletter_tier_id":0,"footnotes":"","jetpack_publicize_message":"","jetpack_is_tweetstorm":false,"jetpack_publicize_feature_enabled":true,"jetpack_social_post_already_shared":true,"jetpack_social_options":{"image_generator_settings":{"template":"highway","enabled":false}}},"categories":[10],"tags":[],"jetpack_publicize_connections":[],"aioseo_notices":[],"jetpack_featured_media_url":"","jetpack_sharing_enabled":true,"jetpack_shortlink":"https:\/\/wp.me\/p6xI8c-1cx","_links":{"self":[{"href":"https:\/\/www.nievesviesca.com\/blog\/wp-json\/wp\/v2\/posts\/4621"}],"collection":[{"href":"https:\/\/www.nievesviesca.com\/blog\/wp-json\/wp\/v2\/posts"}],"about":[{"href":"https:\/\/www.nievesviesca.com\/blog\/wp-json\/wp\/v2\/types\/post"}],"author":[{"embeddable":true,"href":"https:\/\/www.nievesviesca.com\/blog\/wp-json\/wp\/v2\/users\/2"}],"replies":[{"embeddable":true,"href":"https:\/\/www.nievesviesca.com\/blog\/wp-json\/wp\/v2\/comments?post=4621"}],"version-history":[{"count":17,"href":"https:\/\/www.nievesviesca.com\/blog\/wp-json\/wp\/v2\/posts\/4621\/revisions"}],"predecessor-version":[{"id":4639,"href":"https:\/\/www.nievesviesca.com\/blog\/wp-json\/wp\/v2\/posts\/4621\/revisions\/4639"}],"wp:attachment":[{"href":"https:\/\/www.nievesviesca.com\/blog\/wp-json\/wp\/v2\/media?parent=4621"}],"wp:term":[{"taxonomy":"category","embeddable":true,"href":"https:\/\/www.nievesviesca.com\/blog\/wp-json\/wp\/v2\/categories?post=4621"},{"taxonomy":"post_tag","embeddable":true,"href":"https:\/\/www.nievesviesca.com\/blog\/wp-json\/wp\/v2\/tags?post=4621"}],"curies":[{"name":"wp","href":"https:\/\/api.w.org\/{rel}","templated":true}]}}