{"id":4648,"date":"2015-12-19T11:46:13","date_gmt":"2015-12-19T10:46:13","guid":{"rendered":"http:\/\/www.nievesviesca.com\/blog\/?p=4648"},"modified":"2015-12-19T11:49:01","modified_gmt":"2015-12-19T10:49:01","slug":"ecos-de-poesia-lxxiv-2","status":"publish","type":"post","link":"https:\/\/www.nievesviesca.com\/blog\/2015\/12\/19\/ecos-de-poesia-lxxiv-2\/","title":{"rendered":"Ecos de Poes\u00eda (LXXVI)"},"content":{"rendered":"<p>&nbsp;<\/p>\n<h3 style=\"text-align: center;\"><span style=\"color: #000000;\">CENTENARIO DEL NACIMIENTO DE<\/span><\/h3>\n<p>&nbsp;<\/p>\n<h1 style=\"text-align: center;\"><span style=\"color: #000000;\">\u00c9dith Piaf<\/span><\/h1>\n<p>&nbsp;<\/p>\n<p><a href=\"https:\/\/i0.wp.com\/www.nievesviesca.com\/blog\/wp-content\/uploads\/2015\/12\/\u00c9dith-Piaf.jpg?ssl=1\"><img decoding=\"async\" loading=\"lazy\" class=\"aligncenter  wp-image-4649\" src=\"https:\/\/i0.wp.com\/www.nievesviesca.com\/blog\/wp-content\/uploads\/2015\/12\/\u00c9dith-Piaf.jpg?resize=507%2C380&#038;ssl=1\" alt=\"\u00c9dith Piaf\" width=\"507\" height=\"380\" srcset=\"https:\/\/i0.wp.com\/www.nievesviesca.com\/blog\/wp-content\/uploads\/2015\/12\/\u00c9dith-Piaf.jpg?w=480&amp;ssl=1 480w, https:\/\/i0.wp.com\/www.nievesviesca.com\/blog\/wp-content\/uploads\/2015\/12\/\u00c9dith-Piaf.jpg?resize=300%2C225&amp;ssl=1 300w\" sizes=\"(max-width: 507px) 100vw, 507px\" data-recalc-dims=\"1\" \/><\/a><\/p>\n<h3 style=\"text-align: center;\"><span style=\"color: #000000;\"><strong>Golondrina de vuelo negro en nido blanco<\/strong><\/span><\/h3>\n<p>&nbsp;<\/p>\n<p style=\"text-align: justify;\"><span style=\"color: #000000;\">\u00c9dith Giovanna Gassion naci\u00f3 (leyenda o realidad) bajo una farola de la calle Belleville de Par\u00eds, el 19 de diciembre de 1915. Abandonada por su madre cuando apenas era una ni\u00f1a, fue su padre, un acr\u00f3bata de origen italiano, quien se hizo cargo de ella. <\/span><br \/>\n<span style=\"color: #000000;\">Con una dif\u00edcil y tormentosa vida a sus espaldas, muy pronto \u00c9dith demostr\u00f3 poseer un talento fuera de lo com\u00fan para la canci\u00f3n, un don que la llevar\u00eda a actuar por los barrios m\u00e1s populares de la ciudad de la luz. Durante una de esas actuaciones callejeras, Louis Lepl\u00e9e, propietario del cabaret Le Gerny\u2019s se qued\u00f3 impresionado al escuchar el canto de aquella muchacha y la contrat\u00f3 de inmediato para que actuara en su local. <\/span><br \/>\n<span style=\"color: #000000;\">As\u00ed naci\u00f3 una leyenda viva, una estrella, una Cenicienta gala con nombre propio, convertida en uno de los iconos m\u00e1s queridos de la cultura francesa, musa de poetas e intelectuales de aquel Par\u00eds existencialista.<\/span><br \/>\n<span style=\"color: #000000;\">Ten\u00eda en su trinar un coraz\u00f3n que lat\u00eda con la mirada de unos ojos donde el color azul o gris no importaba; importaba \u00fanicamente lo que transmit\u00eda con ellos a trav\u00e9s de su irrepetible e inconfundible VOZ de la Europa de entreguerras del siglo XX.\u00a0\u00a0\u00a0\u00a0\u00a0\u00a0\u00a0\u00a0\u00a0\u00a0\u00a0<a href=\"https:\/\/i0.wp.com\/www.nievesviesca.com\/blog\/wp-content\/uploads\/2015\/12\/golondrina.jpg?ssl=1\"><img decoding=\"async\" loading=\"lazy\" class=\"  wp-image-4651 alignright\" src=\"https:\/\/i0.wp.com\/www.nievesviesca.com\/blog\/wp-content\/uploads\/2015\/12\/golondrina.jpg?resize=127%2C113&#038;ssl=1\" alt=\"golondrina\" width=\"127\" height=\"113\" data-recalc-dims=\"1\" \/><\/a>\u00a0\u00a0\u00a0 <\/span><\/p>\n<p style=\"text-align: justify;\">\n","protected":false},"excerpt":{"rendered":"<p>&nbsp; CENTENARIO DEL NACIMIENTO DE &nbsp; \u00c9dith Piaf &nbsp; Golondrina de vuelo negro en nido blanco &nbsp; \u00c9dith Giovanna Gassion naci\u00f3 (leyenda o realidad) bajo una farola de la calle Belleville de Par\u00eds, el 19 de diciembre de 1915. Abandonada &hellip; <a href=\"https:\/\/www.nievesviesca.com\/blog\/2015\/12\/19\/ecos-de-poesia-lxxiv-2\/\">Sigue leyendo <span class=\"meta-nav\">&rarr;<\/span><\/a><\/p>\n","protected":false},"author":2,"featured_media":0,"comment_status":"open","ping_status":"open","sticky":false,"template":"","format":"standard","meta":{"_bbp_topic_count":0,"_bbp_reply_count":0,"_bbp_total_topic_count":0,"_bbp_total_reply_count":0,"_bbp_voice_count":0,"_bbp_anonymous_reply_count":0,"_bbp_topic_count_hidden":0,"_bbp_reply_count_hidden":0,"_bbp_forum_subforum_count":0,"om_disable_all_campaigns":false,"_monsterinsights_skip_tracking":false,"_monsterinsights_sitenote_active":false,"_monsterinsights_sitenote_note":"","_monsterinsights_sitenote_category":0,"jetpack_post_was_ever_published":false,"_jetpack_newsletter_access":"","_jetpack_newsletter_tier_id":0,"footnotes":"","jetpack_publicize_message":"","jetpack_is_tweetstorm":false,"jetpack_publicize_feature_enabled":true,"jetpack_social_post_already_shared":true,"jetpack_social_options":{"image_generator_settings":{"template":"highway","enabled":false}}},"categories":[4],"tags":[],"jetpack_publicize_connections":[],"aioseo_notices":[],"jetpack_featured_media_url":"","jetpack_sharing_enabled":true,"jetpack_shortlink":"https:\/\/wp.me\/p6xI8c-1cY","_links":{"self":[{"href":"https:\/\/www.nievesviesca.com\/blog\/wp-json\/wp\/v2\/posts\/4648"}],"collection":[{"href":"https:\/\/www.nievesviesca.com\/blog\/wp-json\/wp\/v2\/posts"}],"about":[{"href":"https:\/\/www.nievesviesca.com\/blog\/wp-json\/wp\/v2\/types\/post"}],"author":[{"embeddable":true,"href":"https:\/\/www.nievesviesca.com\/blog\/wp-json\/wp\/v2\/users\/2"}],"replies":[{"embeddable":true,"href":"https:\/\/www.nievesviesca.com\/blog\/wp-json\/wp\/v2\/comments?post=4648"}],"version-history":[{"count":6,"href":"https:\/\/www.nievesviesca.com\/blog\/wp-json\/wp\/v2\/posts\/4648\/revisions"}],"predecessor-version":[{"id":4656,"href":"https:\/\/www.nievesviesca.com\/blog\/wp-json\/wp\/v2\/posts\/4648\/revisions\/4656"}],"wp:attachment":[{"href":"https:\/\/www.nievesviesca.com\/blog\/wp-json\/wp\/v2\/media?parent=4648"}],"wp:term":[{"taxonomy":"category","embeddable":true,"href":"https:\/\/www.nievesviesca.com\/blog\/wp-json\/wp\/v2\/categories?post=4648"},{"taxonomy":"post_tag","embeddable":true,"href":"https:\/\/www.nievesviesca.com\/blog\/wp-json\/wp\/v2\/tags?post=4648"}],"curies":[{"name":"wp","href":"https:\/\/api.w.org\/{rel}","templated":true}]}}