{"id":4665,"date":"2015-12-26T14:56:13","date_gmt":"2015-12-26T13:56:13","guid":{"rendered":"http:\/\/www.nievesviesca.com\/blog\/?p=4665"},"modified":"2015-12-26T14:56:13","modified_gmt":"2015-12-26T13:56:13","slug":"el-alba-de-los-libros-xxv","status":"publish","type":"post","link":"https:\/\/www.nievesviesca.com\/blog\/2015\/12\/26\/el-alba-de-los-libros-xxv\/","title":{"rendered":"El Alba de los libros (XXV)"},"content":{"rendered":"<p>&nbsp;<\/p>\n<p><a href=\"https:\/\/i0.wp.com\/www.nievesviesca.com\/blog\/wp-content\/uploads\/2015\/12\/MINA-DE-PALABRAS.jpg?ssl=1\"><img decoding=\"async\" loading=\"lazy\" class=\"aligncenter  wp-image-4666\" src=\"https:\/\/i0.wp.com\/www.nievesviesca.com\/blog\/wp-content\/uploads\/2015\/12\/MINA-DE-PALABRAS.jpg?resize=521%2C573&#038;ssl=1\" alt=\"MINA DE PALABRAS\" width=\"521\" height=\"573\" srcset=\"https:\/\/i0.wp.com\/www.nievesviesca.com\/blog\/wp-content\/uploads\/2015\/12\/MINA-DE-PALABRAS.jpg?w=801&amp;ssl=1 801w, https:\/\/i0.wp.com\/www.nievesviesca.com\/blog\/wp-content\/uploads\/2015\/12\/MINA-DE-PALABRAS.jpg?resize=273%2C300&amp;ssl=1 273w\" sizes=\"(max-width: 521px) 100vw, 521px\" data-recalc-dims=\"1\" \/><\/a><\/p>\n<h1 style=\"text-align: center;\"><span style=\"color: #000000;\">MINA DE PALABRAS<\/span><\/h1>\n<p style=\"text-align: center;\"><span style=\"color: #000000;\">Autor: VV.AA.<\/span><br \/>\n<span style=\"color: #000000;\"> Editorial: Hifer (Asturias)<\/span><br \/>\n<span style=\"color: #000000;\"> P\u00e1ginas: 190<\/span><\/p>\n<p style=\"text-align: center;\">\n<p style=\"text-align: justify;\">\n<span style=\"color: #000000;\">El pasado 23 de diciembre se present\u00f3 en Gij\u00f3n <strong>\u201cMina de palabras\u201d<\/strong> una <strong>Antolog\u00eda<\/strong> donde se re\u00fanen textos y poemas de <strong>36 poetas y escritores<\/strong> vinculados a Asturias.<\/span><br \/>\n<span style=\"color: #000000;\">Coordinados por Esther Garc\u00eda presidenta de la AEA, la obra ha sido editada con el patrocinio de Asturiana de Zinc S.A.U. e inspirada en la explotaci\u00f3n de la mina de Arnao, uno de los conjuntos del patrimonio minero m\u00e1s singulares dentro y fuera del Principado.<\/span><br \/>\n<span style=\"color: #000000;\">Creado por<strong> todos y cada uno de sus autores<\/strong> como un homenaje a la miner\u00eda, el libro suma al realismo de los poemas y textos un conjunto de fotograf\u00edas cedidas por distintas instituciones a la vez que una novedosa aplicaci\u00f3n digital <strong>Clickar<\/strong> para iPhone y Android permite el acceso a una \u201cREALIDAD AUMENTADA\u201d con la que <strong>\u201cMina de palabras\u201d<\/strong> consigue hoy, dar forma tangible a unos valores del ayer con sentida realidad de siempre.<\/span><\/p>\n<p style=\"text-align: justify;\">\n<p style=\"text-align: justify;\"><a href=\"https:\/\/i0.wp.com\/www.nievesviesca.com\/blog\/wp-content\/uploads\/2015\/12\/Mina-de-Palabras.jpg?ssl=1\"><img decoding=\"async\" loading=\"lazy\" class=\"aligncenter  wp-image-4669\" src=\"https:\/\/i0.wp.com\/www.nievesviesca.com\/blog\/wp-content\/uploads\/2015\/12\/Mina-de-Palabras.jpg?resize=523%2C392&#038;ssl=1\" alt=\"Mina de Palabras\" width=\"523\" height=\"392\" srcset=\"https:\/\/i0.wp.com\/www.nievesviesca.com\/blog\/wp-content\/uploads\/2015\/12\/Mina-de-Palabras.jpg?resize=1024%2C768&amp;ssl=1 1024w, https:\/\/i0.wp.com\/www.nievesviesca.com\/blog\/wp-content\/uploads\/2015\/12\/Mina-de-Palabras.jpg?resize=300%2C225&amp;ssl=1 300w, https:\/\/i0.wp.com\/www.nievesviesca.com\/blog\/wp-content\/uploads\/2015\/12\/Mina-de-Palabras.jpg?resize=900%2C675&amp;ssl=1 900w, https:\/\/i0.wp.com\/www.nievesviesca.com\/blog\/wp-content\/uploads\/2015\/12\/Mina-de-Palabras.jpg?w=1600&amp;ssl=1 1600w, https:\/\/i0.wp.com\/www.nievesviesca.com\/blog\/wp-content\/uploads\/2015\/12\/Mina-de-Palabras.jpg?w=1168&amp;ssl=1 1168w\" sizes=\"(max-width: 523px) 100vw, 523px\" data-recalc-dims=\"1\" \/><\/a><\/p>\n<p style=\"text-align: justify;\">\n","protected":false},"excerpt":{"rendered":"<p>&nbsp; MINA DE PALABRAS Autor: VV.AA. Editorial: Hifer (Asturias) P\u00e1ginas: 190 El pasado 23 de diciembre se present\u00f3 en Gij\u00f3n \u201cMina de palabras\u201d una Antolog\u00eda donde se re\u00fanen textos y poemas de 36 poetas y escritores vinculados a Asturias. Coordinados &hellip; <a href=\"https:\/\/www.nievesviesca.com\/blog\/2015\/12\/26\/el-alba-de-los-libros-xxv\/\">Sigue leyendo <span class=\"meta-nav\">&rarr;<\/span><\/a><\/p>\n","protected":false},"author":2,"featured_media":0,"comment_status":"open","ping_status":"open","sticky":false,"template":"","format":"standard","meta":{"_bbp_topic_count":0,"_bbp_reply_count":0,"_bbp_total_topic_count":0,"_bbp_total_reply_count":0,"_bbp_voice_count":0,"_bbp_anonymous_reply_count":0,"_bbp_topic_count_hidden":0,"_bbp_reply_count_hidden":0,"_bbp_forum_subforum_count":0,"om_disable_all_campaigns":false,"_monsterinsights_skip_tracking":false,"_monsterinsights_sitenote_active":false,"_monsterinsights_sitenote_note":"","_monsterinsights_sitenote_category":0,"jetpack_post_was_ever_published":false,"_jetpack_newsletter_access":"","_jetpack_newsletter_tier_id":0,"footnotes":"","jetpack_publicize_message":"","jetpack_is_tweetstorm":false,"jetpack_publicize_feature_enabled":true,"jetpack_social_post_already_shared":true,"jetpack_social_options":{"image_generator_settings":{"template":"highway","enabled":false}}},"categories":[10],"tags":[],"jetpack_publicize_connections":[],"aioseo_notices":[],"jetpack_featured_media_url":"","jetpack_sharing_enabled":true,"jetpack_shortlink":"https:\/\/wp.me\/p6xI8c-1df","_links":{"self":[{"href":"https:\/\/www.nievesviesca.com\/blog\/wp-json\/wp\/v2\/posts\/4665"}],"collection":[{"href":"https:\/\/www.nievesviesca.com\/blog\/wp-json\/wp\/v2\/posts"}],"about":[{"href":"https:\/\/www.nievesviesca.com\/blog\/wp-json\/wp\/v2\/types\/post"}],"author":[{"embeddable":true,"href":"https:\/\/www.nievesviesca.com\/blog\/wp-json\/wp\/v2\/users\/2"}],"replies":[{"embeddable":true,"href":"https:\/\/www.nievesviesca.com\/blog\/wp-json\/wp\/v2\/comments?post=4665"}],"version-history":[{"count":4,"href":"https:\/\/www.nievesviesca.com\/blog\/wp-json\/wp\/v2\/posts\/4665\/revisions"}],"predecessor-version":[{"id":4671,"href":"https:\/\/www.nievesviesca.com\/blog\/wp-json\/wp\/v2\/posts\/4665\/revisions\/4671"}],"wp:attachment":[{"href":"https:\/\/www.nievesviesca.com\/blog\/wp-json\/wp\/v2\/media?parent=4665"}],"wp:term":[{"taxonomy":"category","embeddable":true,"href":"https:\/\/www.nievesviesca.com\/blog\/wp-json\/wp\/v2\/categories?post=4665"},{"taxonomy":"post_tag","embeddable":true,"href":"https:\/\/www.nievesviesca.com\/blog\/wp-json\/wp\/v2\/tags?post=4665"}],"curies":[{"name":"wp","href":"https:\/\/api.w.org\/{rel}","templated":true}]}}