{"id":4800,"date":"2016-03-10T14:47:41","date_gmt":"2016-03-10T13:47:41","guid":{"rendered":"http:\/\/www.nievesviesca.com\/blog\/?p=4800"},"modified":"2016-03-10T14:47:41","modified_gmt":"2016-03-10T13:47:41","slug":"ecos-de-poesia-lxxxi","status":"publish","type":"post","link":"https:\/\/www.nievesviesca.com\/blog\/2016\/03\/10\/ecos-de-poesia-lxxxi\/","title":{"rendered":"Ecos de Poes\u00eda (LXXXI)"},"content":{"rendered":"<p>&nbsp;<\/p>\n<h1 style=\"text-align: center;\"><strong><span style=\"color: #000000;\"><em>\u201cDesde la noche de los tiempos\u201d<\/em> <\/span><\/strong><\/h1>\n<p>&nbsp;<\/p>\n<p><a href=\"https:\/\/i0.wp.com\/www.nievesviesca.com\/blog\/wp-content\/uploads\/2016\/03\/IMG_2844.jpg?ssl=1\"><img decoding=\"async\" loading=\"lazy\" class=\"aligncenter  wp-image-4801\" src=\"https:\/\/i0.wp.com\/www.nievesviesca.com\/blog\/wp-content\/uploads\/2016\/03\/IMG_2844.jpg?resize=584%2C384&#038;ssl=1\" alt=\"IMG_2844\" width=\"584\" height=\"384\" srcset=\"https:\/\/i0.wp.com\/www.nievesviesca.com\/blog\/wp-content\/uploads\/2016\/03\/IMG_2844.jpg?resize=1024%2C673&amp;ssl=1 1024w, https:\/\/i0.wp.com\/www.nievesviesca.com\/blog\/wp-content\/uploads\/2016\/03\/IMG_2844.jpg?resize=300%2C197&amp;ssl=1 300w, https:\/\/i0.wp.com\/www.nievesviesca.com\/blog\/wp-content\/uploads\/2016\/03\/IMG_2844.jpg?resize=900%2C591&amp;ssl=1 900w, https:\/\/i0.wp.com\/www.nievesviesca.com\/blog\/wp-content\/uploads\/2016\/03\/IMG_2844.jpg?w=1600&amp;ssl=1 1600w, https:\/\/i0.wp.com\/www.nievesviesca.com\/blog\/wp-content\/uploads\/2016\/03\/IMG_2844.jpg?w=1168&amp;ssl=1 1168w\" sizes=\"(max-width: 584px) 100vw, 584px\" data-recalc-dims=\"1\" \/><\/a><\/p>\n<p style=\"text-align: justify;\">\n<span style=\"color: #000000;\">\u00a0\u00a0 Se ha clausurado el \u2018I Festival Internacional de Poes\u00eda Benidorm &amp; Costa Blanca\u2019 celebrado del 3 al 6 de marzo, organizado por el Liceo Po\u00e9tico y coordinado por Julio Pavanetti y Annabel Villar donde el verso, la m\u00fasica y la poes\u00eda cobraron cuerpo y vida en unas jornadas en las que\u00a0 LA PALABRA se dej\u00f3 escuchar con voz y eco a trav\u00e9s de todos y cada uno de los poetas participantes:<\/span><\/p>\n<h5 style=\"text-align: justify;\"><span style=\"color: #000080;\"><em>\u00c1ngela Nzambi (Guinea Ecuatorial), Silercy Adler (Brasil), Remedios \u00c1lvarez (Espa\u00f1a), Javier Claure (Bolivia\/Suecia), Wil Heeffer (Pa\u00edses Bajos), Joaqu\u00edn Juan (Espa\u00f1a), Begona Montes (Brasil\/Espa\u00f1a), Germnai Droogenbroodt (B\u00e9gica), G.G. Mastropasqua (Italia), Peter V\u00f6lker (Alemania), Flaminia Cruciani (Italia), Juan Carrizo (Argentina), Nieves Viesca (Espa\u00f1a), Dolan Mor (Cuba\/Espa\u00f1a), Jos\u00e9 Mart\u00ednez (Espa\u00f1a), Pietro Berra (Italia), Tomaso Kemeny (Hungr\u00eda\/Italia), Youssef Rzouga (T\u00fanez), Laura Garavaglia (Italia), Rica Elena Lupu (Ruman\u00eda), Maria Juliana Villafan\u00e9 (Puerto Rico) Mario Castro (Chile\/Suecia\/Ruman\u00eda) y Jos\u00e9 Mart\u00ednez Gim\u00e9nez (Espa\u00f1a).<\/em><\/span><\/h5>\n<p style=\"text-align: justify;\"><span style=\"color: #000000;\"><strong>\u201cLa poes\u00eda acompa\u00f1a a la humanidad desde la noche de los tiempos\u2026\u201d<\/strong> declaraba el presidente del Liceo Julio Pavanetti, en la presentaci\u00f3n del acto de clausura que ha contado con la presencia del alcalde de la ciudad de Benidorm Antonio P\u00e9rez y de la edil de Cultura Ana Pellicer, quienes acogieron con afectuosa admiraci\u00f3n La Po\u00e9tica.<\/span><\/p>\n<p style=\"text-align: justify;\">\n<p style=\"text-align: justify;\"><a href=\"https:\/\/i0.wp.com\/www.nievesviesca.com\/blog\/wp-content\/uploads\/2016\/03\/SALON-ACTOS-DE-BENIDORM.jpg?ssl=1\"><img decoding=\"async\" loading=\"lazy\" class=\"aligncenter  wp-image-4803\" src=\"https:\/\/i0.wp.com\/www.nievesviesca.com\/blog\/wp-content\/uploads\/2016\/03\/SALON-ACTOS-DE-BENIDORM.jpg?resize=584%2C438&#038;ssl=1\" alt=\"SALON ACTOS DE BENIDORM\" width=\"584\" height=\"438\" srcset=\"https:\/\/i0.wp.com\/www.nievesviesca.com\/blog\/wp-content\/uploads\/2016\/03\/SALON-ACTOS-DE-BENIDORM.jpg?w=960&amp;ssl=1 960w, https:\/\/i0.wp.com\/www.nievesviesca.com\/blog\/wp-content\/uploads\/2016\/03\/SALON-ACTOS-DE-BENIDORM.jpg?resize=300%2C225&amp;ssl=1 300w, https:\/\/i0.wp.com\/www.nievesviesca.com\/blog\/wp-content\/uploads\/2016\/03\/SALON-ACTOS-DE-BENIDORM.jpg?resize=900%2C675&amp;ssl=1 900w\" sizes=\"(max-width: 584px) 100vw, 584px\" data-recalc-dims=\"1\" \/><\/a><\/p>\n<p><span style=\"color: #000000;\">Este \u2018I Festival Internacional de Poes\u00eda Benidorm &amp; Costa Blanca\u2019 se ha desarrollado en diferentes enclaves de la comarca como El Torrej\u00f3, la Casa del Fester, I\u2019Hort de Col\u00f3n, el Llar del Pensionista de La Vila Joiosa y el Sal\u00f3n de Actos del Ayuntamiento de Benidorm, con sesiones de poes\u00eda recitada por los autores invitados de pa\u00edses de Am\u00e9rica, Europa y \u00c1frica con preludios e intervalos musicales, haciendo casi tangible el proverbio que dice: <\/span><br \/>\n<span style=\"color: #000000;\"><strong>\u201cEl coraz\u00f3n de la poes\u00eda es un gu\u00eda al que siguen los pies\u201d.<\/strong><\/span><\/p>\n<p>&nbsp;<\/p>\n<p><a href=\"https:\/\/i0.wp.com\/www.nievesviesca.com\/blog\/wp-content\/uploads\/2016\/03\/2016-03-04-14.10.35.jpg?ssl=1\"><img decoding=\"async\" loading=\"lazy\" class=\"aligncenter  wp-image-4804\" src=\"https:\/\/i0.wp.com\/www.nievesviesca.com\/blog\/wp-content\/uploads\/2016\/03\/2016-03-04-14.10.35.jpg?resize=584%2C402&#038;ssl=1\" alt=\"2016-03-04 14.10.35\" width=\"584\" height=\"402\" srcset=\"https:\/\/i0.wp.com\/www.nievesviesca.com\/blog\/wp-content\/uploads\/2016\/03\/2016-03-04-14.10.35.jpg?resize=1024%2C705&amp;ssl=1 1024w, https:\/\/i0.wp.com\/www.nievesviesca.com\/blog\/wp-content\/uploads\/2016\/03\/2016-03-04-14.10.35.jpg?resize=300%2C207&amp;ssl=1 300w, https:\/\/i0.wp.com\/www.nievesviesca.com\/blog\/wp-content\/uploads\/2016\/03\/2016-03-04-14.10.35.jpg?resize=900%2C620&amp;ssl=1 900w, https:\/\/i0.wp.com\/www.nievesviesca.com\/blog\/wp-content\/uploads\/2016\/03\/2016-03-04-14.10.35.jpg?w=1600&amp;ssl=1 1600w, https:\/\/i0.wp.com\/www.nievesviesca.com\/blog\/wp-content\/uploads\/2016\/03\/2016-03-04-14.10.35.jpg?w=1168&amp;ssl=1 1168w\" sizes=\"(max-width: 584px) 100vw, 584px\" data-recalc-dims=\"1\" \/><\/a><\/p>\n<p style=\"text-align: justify;\">\n","protected":false},"excerpt":{"rendered":"<p>&nbsp; \u201cDesde la noche de los tiempos\u201d &nbsp; \u00a0\u00a0 Se ha clausurado el \u2018I Festival Internacional de Poes\u00eda Benidorm &amp; Costa Blanca\u2019 celebrado del 3 al 6 de marzo, organizado por el Liceo Po\u00e9tico y coordinado por Julio Pavanetti y &hellip; <a href=\"https:\/\/www.nievesviesca.com\/blog\/2016\/03\/10\/ecos-de-poesia-lxxxi\/\">Sigue leyendo <span class=\"meta-nav\">&rarr;<\/span><\/a><\/p>\n","protected":false},"author":2,"featured_media":0,"comment_status":"open","ping_status":"open","sticky":false,"template":"","format":"standard","meta":{"_bbp_topic_count":0,"_bbp_reply_count":0,"_bbp_total_topic_count":0,"_bbp_total_reply_count":0,"_bbp_voice_count":0,"_bbp_anonymous_reply_count":0,"_bbp_topic_count_hidden":0,"_bbp_reply_count_hidden":0,"_bbp_forum_subforum_count":0,"om_disable_all_campaigns":false,"_monsterinsights_skip_tracking":false,"_monsterinsights_sitenote_active":false,"_monsterinsights_sitenote_note":"","_monsterinsights_sitenote_category":0,"jetpack_post_was_ever_published":false,"_jetpack_newsletter_access":"","_jetpack_newsletter_tier_id":0,"footnotes":"","jetpack_publicize_message":"","jetpack_is_tweetstorm":false,"jetpack_publicize_feature_enabled":true,"jetpack_social_post_already_shared":true,"jetpack_social_options":{"image_generator_settings":{"template":"highway","enabled":false}}},"categories":[4],"tags":[],"jetpack_publicize_connections":[],"aioseo_notices":[],"jetpack_featured_media_url":"","jetpack_sharing_enabled":true,"jetpack_shortlink":"https:\/\/wp.me\/p6xI8c-1fq","_links":{"self":[{"href":"https:\/\/www.nievesviesca.com\/blog\/wp-json\/wp\/v2\/posts\/4800"}],"collection":[{"href":"https:\/\/www.nievesviesca.com\/blog\/wp-json\/wp\/v2\/posts"}],"about":[{"href":"https:\/\/www.nievesviesca.com\/blog\/wp-json\/wp\/v2\/types\/post"}],"author":[{"embeddable":true,"href":"https:\/\/www.nievesviesca.com\/blog\/wp-json\/wp\/v2\/users\/2"}],"replies":[{"embeddable":true,"href":"https:\/\/www.nievesviesca.com\/blog\/wp-json\/wp\/v2\/comments?post=4800"}],"version-history":[{"count":4,"href":"https:\/\/www.nievesviesca.com\/blog\/wp-json\/wp\/v2\/posts\/4800\/revisions"}],"predecessor-version":[{"id":4807,"href":"https:\/\/www.nievesviesca.com\/blog\/wp-json\/wp\/v2\/posts\/4800\/revisions\/4807"}],"wp:attachment":[{"href":"https:\/\/www.nievesviesca.com\/blog\/wp-json\/wp\/v2\/media?parent=4800"}],"wp:term":[{"taxonomy":"category","embeddable":true,"href":"https:\/\/www.nievesviesca.com\/blog\/wp-json\/wp\/v2\/categories?post=4800"},{"taxonomy":"post_tag","embeddable":true,"href":"https:\/\/www.nievesviesca.com\/blog\/wp-json\/wp\/v2\/tags?post=4800"}],"curies":[{"name":"wp","href":"https:\/\/api.w.org\/{rel}","templated":true}]}}