{"id":4808,"date":"2016-03-15T14:50:32","date_gmt":"2016-03-15T13:50:32","guid":{"rendered":"http:\/\/www.nievesviesca.com\/blog\/?p=4808"},"modified":"2016-03-15T14:50:32","modified_gmt":"2016-03-15T13:50:32","slug":"ecos-de-poesia-lxxxii","status":"publish","type":"post","link":"https:\/\/www.nievesviesca.com\/blog\/2016\/03\/15\/ecos-de-poesia-lxxxii\/","title":{"rendered":"Ecos de Poes\u00eda (LXXXII)"},"content":{"rendered":"<p>&nbsp;<\/p>\n<h2 style=\"text-align: center;\"><span style=\"color: #000000;\">I Centenario del nacimiento de<\/span><\/h2>\n<p>&nbsp;<\/p>\n<h1 style=\"text-align: center;\"><span style=\"color: #000000;\">BLAS DE OTERO<\/span><\/h1>\n<p>&nbsp;<\/p>\n<p><a href=\"https:\/\/i0.wp.com\/www.nievesviesca.com\/blog\/wp-content\/uploads\/2016\/03\/Blas-de-Otero-8.jpg?ssl=1\"><img decoding=\"async\" loading=\"lazy\" class=\"aligncenter  wp-image-4809\" src=\"https:\/\/i0.wp.com\/www.nievesviesca.com\/blog\/wp-content\/uploads\/2016\/03\/Blas-de-Otero-8.jpg?resize=547%2C321&#038;ssl=1\" alt=\"Blas-de-Otero-8\" width=\"547\" height=\"321\" srcset=\"https:\/\/i0.wp.com\/www.nievesviesca.com\/blog\/wp-content\/uploads\/2016\/03\/Blas-de-Otero-8.jpg?w=780&amp;ssl=1 780w, https:\/\/i0.wp.com\/www.nievesviesca.com\/blog\/wp-content\/uploads\/2016\/03\/Blas-de-Otero-8.jpg?resize=300%2C176&amp;ssl=1 300w\" sizes=\"(max-width: 547px) 100vw, 547px\" data-recalc-dims=\"1\" \/><\/a><\/p>\n<p style=\"text-align: justify;\"><span style=\"color: #000000;\">Poeta existencialista y de tendencia metaf\u00edsica, a Blas de Otero (marzo 1916-1979) se le debe la aportaci\u00f3n esencial que hizo con su profunda y personal\u00edsima renovaci\u00f3n del lenguaje po\u00e9tico, por medio de juegos fon\u00e9ticos, sintaxis entrecortada, riqueza l\u00e9xica\u2026 dando como resultado una expresividad singular en la literatura espa\u00f1ola de posguerra.<\/span><br \/>\n<span style=\"color: #000000;\">Algunos de sus libros capitales <em>\u00c1ngel fieramente humano (1950)<\/em> y <em>Redoble de conciencia (1951)<\/em> fueron unidos en 1958 con el t\u00edtulo de <em>Ancia<\/em> (voz formada con la primera y la \u00faltima s\u00edlaba de los dos t\u00edtulos) mostrando y demostrando la voluntad de liberaci\u00f3n formal y conceptual de este insigne autor bilba\u00edno. <\/span><\/p>\n<p style=\"text-align: center;\"><span style=\"color: #000000;\"><em>EN EL PRINCIPIO<\/em><\/span><\/p>\n<p style=\"text-align: center;\"><span style=\"color: #000000;\"><em>Si he perdido la vida, el tiempo, todo<\/em><\/span><br \/>\n<span style=\"color: #000000;\"><em>lo que tir\u00e9, como un anillo, al agua;<\/em><\/span><br \/>\n<span style=\"color: #000000;\"><em>si he perdido la voz en la maleza,<\/em><\/span><br \/>\n<span style=\"color: #000000;\"><em>me queda la palabra.<\/em><\/span><br \/>\n<span style=\"color: #000000;\"><em>Si he sufrido la sed, el hambre, todo<\/em><\/span><br \/>\n<span style=\"color: #000000;\"><em>lo que era m\u00edo y result\u00f3 ser nada,<\/em><\/span><br \/>\n<span style=\"color: #000000;\"><em>si he segado las sombras en silencio,<\/em><\/span><br \/>\n<span style=\"color: #000000;\"><em>me queda la palabra.<\/em><\/span><br \/>\n<span style=\"color: #000000;\"><em>Si abr\u00ed los labios para ver el rostro<\/em><\/span><br \/>\n<span style=\"color: #000000;\"><em>puro y terrible de mi patria,<\/em><\/span><br \/>\n<span style=\"color: #000000;\"><em>si abr\u00ed los labios hasta desgarr\u00e1rmelos,<\/em><\/span><br \/>\n<span style=\"color: #000000;\"><em>me queda la palabra.<\/em><\/span><\/p>\n<p style=\"text-align: center;\">\n","protected":false},"excerpt":{"rendered":"<p>&nbsp; I Centenario del nacimiento de &nbsp; BLAS DE OTERO &nbsp; Poeta existencialista y de tendencia metaf\u00edsica, a Blas de Otero (marzo 1916-1979) se le debe la aportaci\u00f3n esencial que hizo con su profunda y personal\u00edsima renovaci\u00f3n del lenguaje po\u00e9tico, &hellip; <a href=\"https:\/\/www.nievesviesca.com\/blog\/2016\/03\/15\/ecos-de-poesia-lxxxii\/\">Sigue leyendo <span class=\"meta-nav\">&rarr;<\/span><\/a><\/p>\n","protected":false},"author":2,"featured_media":0,"comment_status":"open","ping_status":"open","sticky":false,"template":"","format":"standard","meta":{"_bbp_topic_count":0,"_bbp_reply_count":0,"_bbp_total_topic_count":0,"_bbp_total_reply_count":0,"_bbp_voice_count":0,"_bbp_anonymous_reply_count":0,"_bbp_topic_count_hidden":0,"_bbp_reply_count_hidden":0,"_bbp_forum_subforum_count":0,"om_disable_all_campaigns":false,"_monsterinsights_skip_tracking":false,"_monsterinsights_sitenote_active":false,"_monsterinsights_sitenote_note":"","_monsterinsights_sitenote_category":0,"jetpack_post_was_ever_published":false,"_jetpack_newsletter_access":"","_jetpack_newsletter_tier_id":0,"footnotes":"","jetpack_publicize_message":"","jetpack_is_tweetstorm":false,"jetpack_publicize_feature_enabled":true,"jetpack_social_post_already_shared":true,"jetpack_social_options":{"image_generator_settings":{"template":"highway","enabled":false}}},"categories":[4],"tags":[],"jetpack_publicize_connections":[],"aioseo_notices":[],"jetpack_featured_media_url":"","jetpack_sharing_enabled":true,"jetpack_shortlink":"https:\/\/wp.me\/p6xI8c-1fy","_links":{"self":[{"href":"https:\/\/www.nievesviesca.com\/blog\/wp-json\/wp\/v2\/posts\/4808"}],"collection":[{"href":"https:\/\/www.nievesviesca.com\/blog\/wp-json\/wp\/v2\/posts"}],"about":[{"href":"https:\/\/www.nievesviesca.com\/blog\/wp-json\/wp\/v2\/types\/post"}],"author":[{"embeddable":true,"href":"https:\/\/www.nievesviesca.com\/blog\/wp-json\/wp\/v2\/users\/2"}],"replies":[{"embeddable":true,"href":"https:\/\/www.nievesviesca.com\/blog\/wp-json\/wp\/v2\/comments?post=4808"}],"version-history":[{"count":4,"href":"https:\/\/www.nievesviesca.com\/blog\/wp-json\/wp\/v2\/posts\/4808\/revisions"}],"predecessor-version":[{"id":4813,"href":"https:\/\/www.nievesviesca.com\/blog\/wp-json\/wp\/v2\/posts\/4808\/revisions\/4813"}],"wp:attachment":[{"href":"https:\/\/www.nievesviesca.com\/blog\/wp-json\/wp\/v2\/media?parent=4808"}],"wp:term":[{"taxonomy":"category","embeddable":true,"href":"https:\/\/www.nievesviesca.com\/blog\/wp-json\/wp\/v2\/categories?post=4808"},{"taxonomy":"post_tag","embeddable":true,"href":"https:\/\/www.nievesviesca.com\/blog\/wp-json\/wp\/v2\/tags?post=4808"}],"curies":[{"name":"wp","href":"https:\/\/api.w.org\/{rel}","templated":true}]}}