{"id":4830,"date":"2016-03-24T19:18:03","date_gmt":"2016-03-24T18:18:03","guid":{"rendered":"http:\/\/www.nievesviesca.com\/blog\/?p=4830"},"modified":"2016-03-24T19:18:03","modified_gmt":"2016-03-24T18:18:03","slug":"ecos-de-poesia-lxxxiii","status":"publish","type":"post","link":"https:\/\/www.nievesviesca.com\/blog\/2016\/03\/24\/ecos-de-poesia-lxxxiii\/","title":{"rendered":"Ecos de Poes\u00eda (LXXXIII)"},"content":{"rendered":"<h2 style=\"text-align: center;\"><\/h2>\n<h2 style=\"text-align: center;\"><span style=\"color: #000000;\">HOMENAJE AL POETA MURCIANO<\/span><\/h2>\n<p>&nbsp;<\/p>\n<p><a href=\"https:\/\/i0.wp.com\/www.nievesviesca.com\/blog\/wp-content\/uploads\/2016\/03\/HOMENAJE-A-JOS\u00c9-MART\u00cdNEZ-GIM\u00c9NEZ.jpg?ssl=1\" rel=\"attachment wp-att-4831\"><img decoding=\"async\" loading=\"lazy\" class=\"aligncenter wp-image-4831\" src=\"https:\/\/i0.wp.com\/www.nievesviesca.com\/blog\/wp-content\/uploads\/2016\/03\/HOMENAJE-A-JOS\u00c9-MART\u00cdNEZ-GIM\u00c9NEZ.jpg?resize=584%2C390&#038;ssl=1\" alt=\"HOMENAJE A JOS\u00c9 MART\u00cdNEZ GIM\u00c9NEZ\" width=\"584\" height=\"390\" srcset=\"https:\/\/i0.wp.com\/www.nievesviesca.com\/blog\/wp-content\/uploads\/2016\/03\/HOMENAJE-A-JOS\u00c9-MART\u00cdNEZ-GIM\u00c9NEZ.jpg?resize=1024%2C685&amp;ssl=1 1024w, https:\/\/i0.wp.com\/www.nievesviesca.com\/blog\/wp-content\/uploads\/2016\/03\/HOMENAJE-A-JOS\u00c9-MART\u00cdNEZ-GIM\u00c9NEZ.jpg?resize=300%2C201&amp;ssl=1 300w, https:\/\/i0.wp.com\/www.nievesviesca.com\/blog\/wp-content\/uploads\/2016\/03\/HOMENAJE-A-JOS\u00c9-MART\u00cdNEZ-GIM\u00c9NEZ.jpg?resize=768%2C513&amp;ssl=1 768w, https:\/\/i0.wp.com\/www.nievesviesca.com\/blog\/wp-content\/uploads\/2016\/03\/HOMENAJE-A-JOS\u00c9-MART\u00cdNEZ-GIM\u00c9NEZ.jpg?w=1600&amp;ssl=1 1600w, https:\/\/i0.wp.com\/www.nievesviesca.com\/blog\/wp-content\/uploads\/2016\/03\/HOMENAJE-A-JOS\u00c9-MART\u00cdNEZ-GIM\u00c9NEZ.jpg?w=1168&amp;ssl=1 1168w\" sizes=\"(max-width: 584px) 100vw, 584px\" data-recalc-dims=\"1\" \/><\/a><\/p>\n<p>&nbsp;<\/p>\n<h1 style=\"text-align: center;\"><span style=\"color: #000000;\">Jos\u00e9 Mart\u00ednez Gim\u00e9nez<\/span><\/h1>\n<p>&nbsp;<\/p>\n<h4 style=\"text-align: justify;\"><span style=\"color: #333333;\">Organizado por el Foro Po\u00e9tico del Real Casino de Murcia y el C\u00edrculo de Historia y Cultura de la Regi\u00f3n de Murcia, tuvo lugar el pasado 11 de marzo el Homenaje al poeta Jos\u00e9 Mart\u00ednez Gim\u00e9nez, en reconocimiento a su obra po\u00e9tica y personal.<\/span><br \/>\n<span style=\"color: #000000;\"><span style=\"color: #333333;\">Autor de varios libros de poes\u00eda, es el delegado en Murcia de la<\/span> <span style=\"color: #0000ff;\">&#8216;<a style=\"color: #0000ff;\" href=\"http:\/\/www.regmurcia.com\/servlet\/s.Sl?sit=a,54,c,373,m,1935&amp;r=ReP-19600-DETALLE_REPORTAJES\">Fundaci\u00f3n Internacional Prix Antonio Machado Collioure<\/a>&#8216;<\/span><span style=\"color: #333333;\">desde<\/span> <span style=\"color: #333333;\">donde mantiene una importante labor divulgativa de la poes\u00eda y la literatur<\/span><\/span><\/h4>\n<p>&nbsp;<\/p>\n<p style=\"text-align: center;\"><span style=\"color: #000000;\"><strong>MADRID<\/strong><\/span><br \/>\n<span style=\"color: #000000;\"><em>Mi\u00e9rcoles 4\/2\/2004, 9,30 horas<\/em><\/span><\/p>\n<p style=\"text-align: center;\"><span style=\"color: #000000;\"><em>En estos momentos<\/em><\/span><br \/>\n<span style=\"color: #000000;\"><em>a otro actor de la escena<\/em><\/span><br \/>\n<span style=\"color: #000000;\"><em>que forja el hombre,<\/em><\/span><br \/>\n<span style=\"color: #000000;\"><em>a quien arena y petr\u00f3leo<\/em><\/span><br \/>\n<span style=\"color: #000000;\"><em>paralizaron su agudeza,<\/em><\/span><br \/>\n<span style=\"color: #000000;\"><em>hoy, se le ha callado la vida.<\/em><\/span><br \/>\n<span style=\"color: #000000;\"><em>Y ahora, solo se puede decir:<\/em><\/span><br \/>\n<span style=\"color: #000000;\"><em>\u201cfeliz invierno, silencio\u201d.<\/em><\/span><\/p>\n<p style=\"text-align: left;\">De su poemario <em><span style=\"color: #000000;\">Numen, viejo tesoro.<\/span><\/em><\/p>\n<p style=\"text-align: left;\"><span style=\"color: #0000ff;\"><a style=\"color: #0000ff;\" href=\"https:\/\/www.facebook.com\/jose.martinezgimenez.37?fref=ts\">LEER M\u00c1S&#8230;<\/a><\/span><\/p>\n","protected":false},"excerpt":{"rendered":"<p>HOMENAJE AL POETA MURCIANO &nbsp; &nbsp; Jos\u00e9 Mart\u00ednez Gim\u00e9nez &nbsp; Organizado por el Foro Po\u00e9tico del Real Casino de Murcia y el C\u00edrculo de Historia y Cultura de la Regi\u00f3n de Murcia, tuvo lugar el pasado 11 de marzo el &hellip; <a href=\"https:\/\/www.nievesviesca.com\/blog\/2016\/03\/24\/ecos-de-poesia-lxxxiii\/\">Sigue leyendo <span class=\"meta-nav\">&rarr;<\/span><\/a><\/p>\n","protected":false},"author":2,"featured_media":0,"comment_status":"open","ping_status":"open","sticky":false,"template":"","format":"standard","meta":{"_bbp_topic_count":0,"_bbp_reply_count":0,"_bbp_total_topic_count":0,"_bbp_total_reply_count":0,"_bbp_voice_count":0,"_bbp_anonymous_reply_count":0,"_bbp_topic_count_hidden":0,"_bbp_reply_count_hidden":0,"_bbp_forum_subforum_count":0,"om_disable_all_campaigns":false,"_monsterinsights_skip_tracking":false,"_monsterinsights_sitenote_active":false,"_monsterinsights_sitenote_note":"","_monsterinsights_sitenote_category":0,"jetpack_post_was_ever_published":false,"_jetpack_newsletter_access":"","_jetpack_newsletter_tier_id":0,"footnotes":"","jetpack_publicize_message":"","jetpack_is_tweetstorm":false,"jetpack_publicize_feature_enabled":true,"jetpack_social_post_already_shared":true,"jetpack_social_options":{"image_generator_settings":{"template":"highway","enabled":false}}},"categories":[4],"tags":[],"jetpack_publicize_connections":[],"aioseo_notices":[],"jetpack_featured_media_url":"","jetpack_sharing_enabled":true,"jetpack_shortlink":"https:\/\/wp.me\/p6xI8c-1fU","_links":{"self":[{"href":"https:\/\/www.nievesviesca.com\/blog\/wp-json\/wp\/v2\/posts\/4830"}],"collection":[{"href":"https:\/\/www.nievesviesca.com\/blog\/wp-json\/wp\/v2\/posts"}],"about":[{"href":"https:\/\/www.nievesviesca.com\/blog\/wp-json\/wp\/v2\/types\/post"}],"author":[{"embeddable":true,"href":"https:\/\/www.nievesviesca.com\/blog\/wp-json\/wp\/v2\/users\/2"}],"replies":[{"embeddable":true,"href":"https:\/\/www.nievesviesca.com\/blog\/wp-json\/wp\/v2\/comments?post=4830"}],"version-history":[{"count":19,"href":"https:\/\/www.nievesviesca.com\/blog\/wp-json\/wp\/v2\/posts\/4830\/revisions"}],"predecessor-version":[{"id":4864,"href":"https:\/\/www.nievesviesca.com\/blog\/wp-json\/wp\/v2\/posts\/4830\/revisions\/4864"}],"wp:attachment":[{"href":"https:\/\/www.nievesviesca.com\/blog\/wp-json\/wp\/v2\/media?parent=4830"}],"wp:term":[{"taxonomy":"category","embeddable":true,"href":"https:\/\/www.nievesviesca.com\/blog\/wp-json\/wp\/v2\/categories?post=4830"},{"taxonomy":"post_tag","embeddable":true,"href":"https:\/\/www.nievesviesca.com\/blog\/wp-json\/wp\/v2\/tags?post=4830"}],"curies":[{"name":"wp","href":"https:\/\/api.w.org\/{rel}","templated":true}]}}