{"id":4967,"date":"2016-04-23T14:07:04","date_gmt":"2016-04-23T12:07:04","guid":{"rendered":"http:\/\/www.nievesviesca.com\/blog\/?p=4967"},"modified":"2016-04-23T14:07:04","modified_gmt":"2016-04-23T12:07:04","slug":"ecos-de-poesia-lxxxv","status":"publish","type":"post","link":"https:\/\/www.nievesviesca.com\/blog\/2016\/04\/23\/ecos-de-poesia-lxxxv\/","title":{"rendered":"Ecos de Poes\u00eda (LXXXV)"},"content":{"rendered":"<h1 style=\"text-align: center;\"><span style=\"color: #000000;\">D\u00eda del LIBRO<\/span><\/h1>\n<p style=\"text-align: center;\"><span style=\"color: #000000;\">(Biblioteca P\u00e9rez de Ayala \u00abEl Font\u00e1n\u00bb)<\/span><\/p>\n<p>&nbsp;<\/p>\n<p><a href=\"https:\/\/i0.wp.com\/www.nievesviesca.com\/blog\/wp-content\/uploads\/2016\/04\/2016-04-22-19.12.03.jpg?ssl=1\" rel=\"attachment wp-att-4969\"><img decoding=\"async\" loading=\"lazy\" class=\"aligncenter wp-image-4969\" src=\"https:\/\/i0.wp.com\/www.nievesviesca.com\/blog\/wp-content\/uploads\/2016\/04\/2016-04-22-19.12.03.jpg?resize=537%2C403&#038;ssl=1\" alt=\"2016-04-22 19.12.03\" width=\"537\" height=\"403\" srcset=\"https:\/\/i0.wp.com\/www.nievesviesca.com\/blog\/wp-content\/uploads\/2016\/04\/2016-04-22-19.12.03.jpg?resize=1024%2C768&amp;ssl=1 1024w, https:\/\/i0.wp.com\/www.nievesviesca.com\/blog\/wp-content\/uploads\/2016\/04\/2016-04-22-19.12.03.jpg?resize=300%2C225&amp;ssl=1 300w, https:\/\/i0.wp.com\/www.nievesviesca.com\/blog\/wp-content\/uploads\/2016\/04\/2016-04-22-19.12.03.jpg?resize=768%2C576&amp;ssl=1 768w, https:\/\/i0.wp.com\/www.nievesviesca.com\/blog\/wp-content\/uploads\/2016\/04\/2016-04-22-19.12.03.jpg?w=1600&amp;ssl=1 1600w, https:\/\/i0.wp.com\/www.nievesviesca.com\/blog\/wp-content\/uploads\/2016\/04\/2016-04-22-19.12.03.jpg?w=1168&amp;ssl=1 1168w\" sizes=\"(max-width: 537px) 100vw, 537px\" data-recalc-dims=\"1\" \/><\/a><\/p>\n<h4 style=\"text-align: justify;\"><\/h4>\n<h4 style=\"text-align: justify;\"><span style=\"color: #000000;\">La Asociaci\u00f3n de Escritores de Asturias (AEA) se uni\u00f3 ayer viernes d\u00eda 22, a la celebraci\u00f3n del D\u00eda del Libro con un recital po\u00e9tico musical que tuvo lugar, a las siete de la tarde de la Biblioteca de El Font\u00e1n de Oviedo. Bajo el t\u00edtulo \u00abUmbral de sentimientos\u00bb, participaron en este acto poetas y escritores pertenecientes a la AEA y la violinista B\u00e1rbara Gonz\u00e1lez-Quevedo.<br \/>\n<\/span><\/h4>\n<p>&nbsp;<\/p>\n<h6 style=\"text-align: center;\"><\/h6>\n<h6 style=\"text-align: center;\"><a href=\"https:\/\/i0.wp.com\/www.nievesviesca.com\/blog\/wp-content\/uploads\/2016\/04\/2016-04-22-19.49.56.jpg?ssl=1\" rel=\"attachment wp-att-4971\"><img decoding=\"async\" loading=\"lazy\" class=\"wp-image-4971\" src=\"https:\/\/i0.wp.com\/www.nievesviesca.com\/blog\/wp-content\/uploads\/2016\/04\/2016-04-22-19.49.56.jpg?resize=527%2C396&#038;ssl=1\" alt=\"2016-04-22 19.49.56\" width=\"527\" height=\"396\" srcset=\"https:\/\/i0.wp.com\/www.nievesviesca.com\/blog\/wp-content\/uploads\/2016\/04\/2016-04-22-19.49.56.jpg?resize=1024%2C768&amp;ssl=1 1024w, https:\/\/i0.wp.com\/www.nievesviesca.com\/blog\/wp-content\/uploads\/2016\/04\/2016-04-22-19.49.56.jpg?resize=300%2C225&amp;ssl=1 300w, https:\/\/i0.wp.com\/www.nievesviesca.com\/blog\/wp-content\/uploads\/2016\/04\/2016-04-22-19.49.56.jpg?resize=768%2C576&amp;ssl=1 768w, https:\/\/i0.wp.com\/www.nievesviesca.com\/blog\/wp-content\/uploads\/2016\/04\/2016-04-22-19.49.56.jpg?w=1600&amp;ssl=1 1600w, https:\/\/i0.wp.com\/www.nievesviesca.com\/blog\/wp-content\/uploads\/2016\/04\/2016-04-22-19.49.56.jpg?w=1168&amp;ssl=1 1168w\" sizes=\"(max-width: 527px) 100vw, 527px\" data-recalc-dims=\"1\" \/><\/a><\/h6>\n<p style=\"text-align: center;\">Nieves Viesca<\/p>\n<p><span style=\"color: #0000ff;\"><a style=\"color: #0000ff;\" href=\"http:\/\/www.lne.es\/sociedad\/2016\/04\/23\/escritores-unen-fiesta-letras\/1915918.html\">Diario<em> \u00abLA NUEVA ESPA\u00d1A\u00bb<\/em><\/a><\/span><\/p>\n","protected":false},"excerpt":{"rendered":"<p>D\u00eda del LIBRO (Biblioteca P\u00e9rez de Ayala \u00abEl Font\u00e1n\u00bb) &nbsp; La Asociaci\u00f3n de Escritores de Asturias (AEA) se uni\u00f3 ayer viernes d\u00eda 22, a la celebraci\u00f3n del D\u00eda del Libro con un recital po\u00e9tico musical que tuvo lugar, a las &hellip; <a href=\"https:\/\/www.nievesviesca.com\/blog\/2016\/04\/23\/ecos-de-poesia-lxxxv\/\">Sigue leyendo <span class=\"meta-nav\">&rarr;<\/span><\/a><\/p>\n","protected":false},"author":2,"featured_media":0,"comment_status":"open","ping_status":"open","sticky":false,"template":"","format":"standard","meta":{"_bbp_topic_count":0,"_bbp_reply_count":0,"_bbp_total_topic_count":0,"_bbp_total_reply_count":0,"_bbp_voice_count":0,"_bbp_anonymous_reply_count":0,"_bbp_topic_count_hidden":0,"_bbp_reply_count_hidden":0,"_bbp_forum_subforum_count":0,"om_disable_all_campaigns":false,"_monsterinsights_skip_tracking":false,"_monsterinsights_sitenote_active":false,"_monsterinsights_sitenote_note":"","_monsterinsights_sitenote_category":0,"jetpack_post_was_ever_published":false,"_jetpack_newsletter_access":"","_jetpack_newsletter_tier_id":0,"footnotes":"","jetpack_publicize_message":"","jetpack_is_tweetstorm":false,"jetpack_publicize_feature_enabled":true,"jetpack_social_post_already_shared":true,"jetpack_social_options":{"image_generator_settings":{"template":"highway","enabled":false}}},"categories":[4],"tags":[],"jetpack_publicize_connections":[],"aioseo_notices":[],"jetpack_featured_media_url":"","jetpack_sharing_enabled":true,"jetpack_shortlink":"https:\/\/wp.me\/p6xI8c-1i7","_links":{"self":[{"href":"https:\/\/www.nievesviesca.com\/blog\/wp-json\/wp\/v2\/posts\/4967"}],"collection":[{"href":"https:\/\/www.nievesviesca.com\/blog\/wp-json\/wp\/v2\/posts"}],"about":[{"href":"https:\/\/www.nievesviesca.com\/blog\/wp-json\/wp\/v2\/types\/post"}],"author":[{"embeddable":true,"href":"https:\/\/www.nievesviesca.com\/blog\/wp-json\/wp\/v2\/users\/2"}],"replies":[{"embeddable":true,"href":"https:\/\/www.nievesviesca.com\/blog\/wp-json\/wp\/v2\/comments?post=4967"}],"version-history":[{"count":17,"href":"https:\/\/www.nievesviesca.com\/blog\/wp-json\/wp\/v2\/posts\/4967\/revisions"}],"predecessor-version":[{"id":4987,"href":"https:\/\/www.nievesviesca.com\/blog\/wp-json\/wp\/v2\/posts\/4967\/revisions\/4987"}],"wp:attachment":[{"href":"https:\/\/www.nievesviesca.com\/blog\/wp-json\/wp\/v2\/media?parent=4967"}],"wp:term":[{"taxonomy":"category","embeddable":true,"href":"https:\/\/www.nievesviesca.com\/blog\/wp-json\/wp\/v2\/categories?post=4967"},{"taxonomy":"post_tag","embeddable":true,"href":"https:\/\/www.nievesviesca.com\/blog\/wp-json\/wp\/v2\/tags?post=4967"}],"curies":[{"name":"wp","href":"https:\/\/api.w.org\/{rel}","templated":true}]}}