{"id":4989,"date":"2016-04-27T00:02:30","date_gmt":"2016-04-26T22:02:30","guid":{"rendered":"http:\/\/www.nievesviesca.com\/blog\/?p=4989"},"modified":"2016-04-27T00:02:30","modified_gmt":"2016-04-26T22:02:30","slug":"el-alba-de-los-libros-xxix","status":"publish","type":"post","link":"https:\/\/www.nievesviesca.com\/blog\/2016\/04\/27\/el-alba-de-los-libros-xxix\/","title":{"rendered":"El Alba de los Libros  (XXIX)"},"content":{"rendered":"<h1 style=\"text-align: center;\"><\/h1>\n<h1 style=\"text-align: center;\"><span style=\"color: #800000;\">ANTOLOG\u00cdA PO\u00c9TICA<\/span><\/h1>\n<p>&nbsp;<\/p>\n<h2 style=\"text-align: center;\"><span style=\"color: #000000;\">Traducci\u00f3n de<span style=\"color: #0000ff;\"><a style=\"color: #0000ff;\" href=\"https:\/\/www.youtube.com\/user\/ElenaRodicaLupu\"> Rodica Elena LUPU<\/a><\/span><\/span><\/h2>\n<p>&nbsp;<\/p>\n<p style=\"text-align: justify;\"><span style=\"color: #000000;\">Antolog\u00eda po\u00e9tica \u201c<em><strong>Non Multa Sed Multum<\/strong><\/em>\u201d (<em>No muchas cosas, sino mucho<\/em>)\u00a0publicada por la<em><strong> Editorial Anamarol<\/strong><\/em>, en Bucarest, Ruman\u00eda 2016.\u00a0\u00a0 La edici\u00f3n y compilaci\u00f3n de los poemas estuvo a cargo de\u00a0la escritora rumana,<em><strong>\u00a0Rodica Elena Lupu.<\/strong><\/em><\/span><\/p>\n<p>&nbsp;<\/p>\n<p>&nbsp;<\/p>\n<p><a href=\"https:\/\/i0.wp.com\/www.nievesviesca.com\/blog\/wp-content\/uploads\/2016\/04\/Portada-Antolog\u00eda-Non-Multa-Sed-Multum-2016.jpg?ssl=1\" rel=\"attachment wp-att-5011\"><img decoding=\"async\" loading=\"lazy\" class=\"aligncenter  wp-image-5011\" src=\"https:\/\/i0.wp.com\/www.nievesviesca.com\/blog\/wp-content\/uploads\/2016\/04\/Portada-Antolog\u00eda-Non-Multa-Sed-Multum-2016.jpg?resize=572%2C416&#038;ssl=1\" alt=\"Portada-Antolog\u00eda-Non-Multa-Sed-Multum-2016\" width=\"572\" height=\"416\" srcset=\"https:\/\/i0.wp.com\/www.nievesviesca.com\/blog\/wp-content\/uploads\/2016\/04\/Portada-Antolog\u00eda-Non-Multa-Sed-Multum-2016.jpg?w=525&amp;ssl=1 525w, https:\/\/i0.wp.com\/www.nievesviesca.com\/blog\/wp-content\/uploads\/2016\/04\/Portada-Antolog\u00eda-Non-Multa-Sed-Multum-2016.jpg?resize=300%2C218&amp;ssl=1 300w\" sizes=\"(max-width: 572px) 100vw, 572px\" data-recalc-dims=\"1\" \/><\/a><\/p>\n<p style=\"text-align: justify;\"><span style=\"color: #000000;\">Escritores antologados son <em><strong>Dilercy Adler <\/strong><\/em>(Brasil), <em><strong>Jun Carrizo <\/strong><\/em>(Argentina), <em><strong>Javier Claure Covarrubias<\/strong> <\/em>(Bolivia),<em><strong> Flaminia Cruciani<\/strong> <\/em>(Italia), <em><strong>Remedios \u00c1lvarez D\u00edaz<\/strong><\/em> (Espa\u00f1a), <em><strong>Germain Droogenbroodt<\/strong> <\/em>(B\u00e9lgica), <em><strong>Raluca Fara\u00f3n<\/strong> <\/em>(Ruman\u00eda), <em><strong>Laura Garavaglia<\/strong><\/em> (Italia), <em><strong>Jos\u00e9 Mart\u00ednez Gim\u00e9nez<\/strong> <\/em>(Espa\u00f1a), <em><strong>Wil Heeffer<\/strong> <\/em>(Holanda), <em><strong>Ligia Gabriela Janik<\/strong> <\/em>(Alemania), <em><strong>Rodica Elena Lupu<\/strong> <\/em>(Ruman\u00eda), <em><strong>Jos\u00e9 Luis Labad Mart\u00ednez<\/strong> <\/em>(Espa\u00f1a), <em><strong>Gianpaolo B. Mastropasqua<\/strong> <\/em>(Italia), <em><strong>Isabela Bianca Neagu<\/strong> <\/em>(Romania),<em><strong> Dolan Mor<\/strong> <\/em>(Cuba),<em><strong> Julio Pavanetti<\/strong> <\/em>(Uruguay-Espa\u00f1a), <em><strong>Joaqu\u00edn\u00a0Juan Penalva<\/strong><\/em> (Espa\u00f1a), <em><strong>Antonio Porpetta\u00a0<\/strong><\/em>(Espa\u00f1a),<span style=\"color: #0000ff;\"> <a style=\"color: #0000ff;\" href=\"http:\/\/www.nievesviesca.com\"><em><strong>Nieves Viesca<\/strong> <\/em>(Espa\u00f1a)<\/a><\/span>, <em><strong>Annabel Villar\u00a0<\/strong><\/em>(Uruguay-Espa\u00f1a), <em><strong>Mar\u00eda\u00a0Juliana Villafa\u00f1e<\/strong> <\/em>(Puerto Rico), <em><strong>Cezar\u00a0Catalin Viziniuck<\/strong><\/em> (Espa\u00f1a-Ruman\u00eda) y <em><strong>Peter Voelker<\/strong> <\/em>(Alemania).<\/span><\/p>\n<p style=\"text-align: center;\">\n<p><a href=\"https:\/\/i0.wp.com\/www.nievesviesca.com\/blog\/wp-content\/uploads\/2016\/04\/libro..jpg?ssl=1\" rel=\"attachment wp-att-4992\"><img decoding=\"async\" loading=\"lazy\" class=\"wp-image-4992 alignleft\" src=\"https:\/\/i0.wp.com\/www.nievesviesca.com\/blog\/wp-content\/uploads\/2016\/04\/libro..jpg?resize=214%2C371&#038;ssl=1\" alt=\"libro.\" width=\"214\" height=\"371\" srcset=\"https:\/\/i0.wp.com\/www.nievesviesca.com\/blog\/wp-content\/uploads\/2016\/04\/libro..jpg?w=463&amp;ssl=1 463w, https:\/\/i0.wp.com\/www.nievesviesca.com\/blog\/wp-content\/uploads\/2016\/04\/libro..jpg?resize=173%2C300&amp;ssl=1 173w\" sizes=\"(max-width: 214px) 100vw, 214px\" data-recalc-dims=\"1\" \/><\/a>\u00a0 <a href=\"https:\/\/i0.wp.com\/www.nievesviesca.com\/blog\/wp-content\/uploads\/2016\/04\/libro.jpg?ssl=1\" rel=\"attachment wp-att-4991\"><img decoding=\"async\" loading=\"lazy\" class=\"wp-image-4991 aligncenter\" src=\"https:\/\/i0.wp.com\/www.nievesviesca.com\/blog\/wp-content\/uploads\/2016\/04\/libro.jpg?resize=268%2C358&#038;ssl=1\" alt=\"libro\" width=\"268\" height=\"358\" srcset=\"https:\/\/i0.wp.com\/www.nievesviesca.com\/blog\/wp-content\/uploads\/2016\/04\/libro.jpg?w=600&amp;ssl=1 600w, https:\/\/i0.wp.com\/www.nievesviesca.com\/blog\/wp-content\/uploads\/2016\/04\/libro.jpg?resize=224%2C300&amp;ssl=1 224w\" sizes=\"(max-width: 268px) 100vw, 268px\" data-recalc-dims=\"1\" \/><\/a><\/p>\n<p>&nbsp;<\/p>\n<h3><span style=\"color: #993300;\"><em><strong>EDICI\u00d3N 2016\u00a0\u00a0\u00a0\u00a0\u00a0\u00a0\u00a0\u00a0\u00a0\u00a0\u00a0\u00a0\u00a0\u00a0\u00a0\u00a0\u00a0\u00a0\u00a0\u00a0\u00a0\u00a0\u00a0<span style=\"color: #0000ff;\">\u00a0\u00a0\u00a0<a style=\"color: #0000ff;\" href=\"http:\/\/www.librarie.net\/editura\/Anamarol\"> EDITORIAL ANAMAROL<\/a><\/span><\/strong><\/em><\/span><\/h3>\n<p>&nbsp;<\/p>\n<p>&nbsp;<\/p>\n","protected":false},"excerpt":{"rendered":"<p>ANTOLOG\u00cdA PO\u00c9TICA &nbsp; Traducci\u00f3n de Rodica Elena LUPU &nbsp; Antolog\u00eda po\u00e9tica \u201cNon Multa Sed Multum\u201d (No muchas cosas, sino mucho)\u00a0publicada por la Editorial Anamarol, en Bucarest, Ruman\u00eda 2016.\u00a0\u00a0 La edici\u00f3n y compilaci\u00f3n de los poemas estuvo a cargo de\u00a0la escritora &hellip; <a href=\"https:\/\/www.nievesviesca.com\/blog\/2016\/04\/27\/el-alba-de-los-libros-xxix\/\">Sigue leyendo <span class=\"meta-nav\">&rarr;<\/span><\/a><\/p>\n","protected":false},"author":2,"featured_media":0,"comment_status":"open","ping_status":"open","sticky":false,"template":"","format":"standard","meta":{"_bbp_topic_count":0,"_bbp_reply_count":0,"_bbp_total_topic_count":0,"_bbp_total_reply_count":0,"_bbp_voice_count":0,"_bbp_anonymous_reply_count":0,"_bbp_topic_count_hidden":0,"_bbp_reply_count_hidden":0,"_bbp_forum_subforum_count":0,"om_disable_all_campaigns":false,"_monsterinsights_skip_tracking":false,"_monsterinsights_sitenote_active":false,"_monsterinsights_sitenote_note":"","_monsterinsights_sitenote_category":0,"jetpack_post_was_ever_published":false,"_jetpack_newsletter_access":"","_jetpack_newsletter_tier_id":0,"footnotes":"","jetpack_publicize_message":"","jetpack_is_tweetstorm":false,"jetpack_publicize_feature_enabled":true,"jetpack_social_post_already_shared":true,"jetpack_social_options":{"image_generator_settings":{"template":"highway","enabled":false}}},"categories":[10],"tags":[],"jetpack_publicize_connections":[],"aioseo_notices":[],"jetpack_featured_media_url":"","jetpack_sharing_enabled":true,"jetpack_shortlink":"https:\/\/wp.me\/p6xI8c-1it","_links":{"self":[{"href":"https:\/\/www.nievesviesca.com\/blog\/wp-json\/wp\/v2\/posts\/4989"}],"collection":[{"href":"https:\/\/www.nievesviesca.com\/blog\/wp-json\/wp\/v2\/posts"}],"about":[{"href":"https:\/\/www.nievesviesca.com\/blog\/wp-json\/wp\/v2\/types\/post"}],"author":[{"embeddable":true,"href":"https:\/\/www.nievesviesca.com\/blog\/wp-json\/wp\/v2\/users\/2"}],"replies":[{"embeddable":true,"href":"https:\/\/www.nievesviesca.com\/blog\/wp-json\/wp\/v2\/comments?post=4989"}],"version-history":[{"count":20,"href":"https:\/\/www.nievesviesca.com\/blog\/wp-json\/wp\/v2\/posts\/4989\/revisions"}],"predecessor-version":[{"id":5014,"href":"https:\/\/www.nievesviesca.com\/blog\/wp-json\/wp\/v2\/posts\/4989\/revisions\/5014"}],"wp:attachment":[{"href":"https:\/\/www.nievesviesca.com\/blog\/wp-json\/wp\/v2\/media?parent=4989"}],"wp:term":[{"taxonomy":"category","embeddable":true,"href":"https:\/\/www.nievesviesca.com\/blog\/wp-json\/wp\/v2\/categories?post=4989"},{"taxonomy":"post_tag","embeddable":true,"href":"https:\/\/www.nievesviesca.com\/blog\/wp-json\/wp\/v2\/tags?post=4989"}],"curies":[{"name":"wp","href":"https:\/\/api.w.org\/{rel}","templated":true}]}}