{"id":5201,"date":"2016-06-03T14:22:51","date_gmt":"2016-06-03T12:22:51","guid":{"rendered":"http:\/\/www.nievesviesca.com\/blog\/?p=5201"},"modified":"2016-06-03T14:22:51","modified_gmt":"2016-06-03T12:22:51","slug":"ecos-de-poesia-lxxxvii","status":"publish","type":"post","link":"https:\/\/www.nievesviesca.com\/blog\/2016\/06\/03\/ecos-de-poesia-lxxxvii\/","title":{"rendered":"Ecos de Poes\u00eda (LXXXVII)"},"content":{"rendered":"<p>&nbsp;<\/p>\n<p><a href=\"https:\/\/i0.wp.com\/www.nievesviesca.com\/blog\/wp-content\/uploads\/2016\/06\/PRESENTACION-MINA-DE-PALABRAS.jpg?ssl=1\" rel=\"attachment wp-att-5202\"><img decoding=\"async\" loading=\"lazy\" class=\"aligncenter  wp-image-5202\" src=\"https:\/\/i0.wp.com\/www.nievesviesca.com\/blog\/wp-content\/uploads\/2016\/06\/PRESENTACION-MINA-DE-PALABRAS.jpg?resize=583%2C331&#038;ssl=1\" alt=\"PRESENTACION MINA DE PALABRAS\" width=\"583\" height=\"331\" srcset=\"https:\/\/i0.wp.com\/www.nievesviesca.com\/blog\/wp-content\/uploads\/2016\/06\/PRESENTACION-MINA-DE-PALABRAS.jpg?resize=1024%2C582&amp;ssl=1 1024w, https:\/\/i0.wp.com\/www.nievesviesca.com\/blog\/wp-content\/uploads\/2016\/06\/PRESENTACION-MINA-DE-PALABRAS.jpg?resize=300%2C170&amp;ssl=1 300w, https:\/\/i0.wp.com\/www.nievesviesca.com\/blog\/wp-content\/uploads\/2016\/06\/PRESENTACION-MINA-DE-PALABRAS.jpg?resize=768%2C436&amp;ssl=1 768w, https:\/\/i0.wp.com\/www.nievesviesca.com\/blog\/wp-content\/uploads\/2016\/06\/PRESENTACION-MINA-DE-PALABRAS.jpg?w=1600&amp;ssl=1 1600w, https:\/\/i0.wp.com\/www.nievesviesca.com\/blog\/wp-content\/uploads\/2016\/06\/PRESENTACION-MINA-DE-PALABRAS.jpg?w=1168&amp;ssl=1 1168w\" sizes=\"(max-width: 583px) 100vw, 583px\" data-recalc-dims=\"1\" \/><\/a><\/p>\n<p>&nbsp;<\/p>\n<h1 style=\"text-align: center;\"><span style=\"color: #000000;\"><strong><em>\u2018Mina de Palabras\u2019<\/em><\/strong><\/span><\/h1>\n<p>&nbsp;<\/p>\n<p style=\"text-align: justify;\"><span style=\"color: #000000;\"><strong>En el Club de Prensa La Nueva Espa\u00f1a de Oviedo<\/strong>, tuvo lugar el jueves 2 de junio la presentaci\u00f3n de la Antolog\u00eda <strong><em>Mina de Palabras<\/em><\/strong> de la Asociaci\u00f3n Escritores de Asturias, con la intervenci\u00f3n del historiador Luis Aurelio Gonz\u00e1lez; el ingeniero y director del Museo de la Mina de Arnao Guillermo La\u00edne San Rom\u00e1n, Esther Garc\u00eda L\u00f3pez presidenta de la AEA y Lauren Garc\u00eda poeta y secretario de la misma. Este libro re\u00fane una muestra de textos po\u00e9ticos y narrativos inspirados en la mina y su contexto, actividad y \u00e9pica, recuerdo e historia.<\/span><\/p>\n<p style=\"text-align: justify;\"><span style=\"color: #000000;\">Al acto po\u00e9tico-musical se sumaron <strong>lecturas de los autores del libro<\/strong> as\u00ed como canciones en espa\u00f1ol, franc\u00e9s y portugu\u00e9s del Grupu Mestura, contribuyendo con palabras, versos, sentimientos y an\u00e9cdotas a recordar en c\u00e1lido homenaje a todos los mineros de Asturias y por extensi\u00f3n, a toda la miner\u00eda y su modo de vida.<\/span><\/p>\n<p style=\"text-align: justify;\">\n<p style=\"text-align: justify;\">\n<h2 style=\"text-align: center;\"><span style=\"color: #000000;\"><strong><em><u>LA MINA<\/u><\/em><\/strong><\/span><\/h2>\n<p>&nbsp;<\/p>\n<h3 style=\"text-align: center;\"><span style=\"color: #000000;\"><em>La mina es la historia de una infancia<\/em><\/span><\/h3>\n<h3 style=\"text-align: center;\"><span style=\"color: #000000;\"><em>de carb\u00f3n, de leyenda,<\/em><\/span><\/h3>\n<h3 style=\"text-align: center;\"><span style=\"color: #000000;\"><em>\u00a0<\/em><\/span><\/h3>\n<h3 style=\"text-align: center;\"><span style=\"color: #000000;\"><em>de negras casas con luz siempre tibia<\/em><\/span><\/h3>\n<h3 style=\"text-align: center;\"><span style=\"color: #000000;\"><em>de naufragio, <\/em><\/span><\/h3>\n<h3 style=\"text-align: center;\"><span style=\"color: #000000;\"><em>\u00a0\u00a0\u00a0\u00a0\u00a0\u00a0\u00a0\u00a0\u00a0\u00a0\u00a0\u00a0\u00a0\u00a0\u00a0\u00a0\u00a0\u00a0\u00a0\u00a0\u00a0\u00a0\u00a0\u00a0\u00a0\u00a0\u00a0\u00a0\u00a0\u00a0\u00a0\u00a0\u00a0\u00a0\u00a0\u00a0 de barrios<\/em><\/span><\/h3>\n<h3 style=\"text-align: center;\"><span style=\"color: #000000;\"><em>donde el polvo y la piedra hulla<\/em><\/span><\/h3>\n<h3 style=\"text-align: center;\"><span style=\"color: #000000;\"><em>hu\u00eda como el aire<\/em><\/span><\/h3>\n<h3 style=\"text-align: center;\"><span style=\"color: #000000;\"><em>al lado de un canal de aguas turbias,<\/em><\/span><\/h3>\n<h3 style=\"text-align: center;\"><span style=\"color: #000000;\"><em>\u00a0<\/em><\/span><\/h3>\n<h3 style=\"text-align: center;\"><span style=\"color: #000000;\"><em>donde las zarzas y los juegos<\/em><\/span><\/h3>\n<h3 style=\"text-align: center;\"><span style=\"color: #000000;\"><em>nos nac\u00edan creciendo<\/em><\/span><\/h3>\n<h3 style=\"text-align: center;\"><span style=\"color: #000000;\"><em>con silvestres rosales de esperanza.<\/em><\/span><\/h3>\n<p style=\"text-align: center;\"><span style=\"color: #000000;\"><strong>\u00a0\u00a0\u00a0\u00a0\u00a0\u00a0\u00a0\u00a0\u00a0\u00a0\u00a0\u00a0\u00a0\u00a0\u00a0\u00a0\u00a0\u00a0\u00a0\u00a0\u00a0\u00a0\u00a0\u00a0\u00a0\u00a0\u00a0\u00a0\u00a0\u00a0\u00a0\u00a0\u00a0\u00a0\u00a0\u00a0\u00a0\u00a0\u00a0\u00a0\u00a0\u00a0\u00a0\u00a0\u00a0\u00a0\u00a0\u00a0\u00a0\u00a0\u00a0\u00a0\u00a0\u00a0 \u00a0 \u00a0 \u00a0 \u00a0 \u00a0 \u00a0 \u00a0 \u00a0 \u00a0 \u00a0 \u00a0 \u00a0 Nieves Viesca<\/strong><\/span><\/p>\n<p style=\"text-align: center;\">\n<p style=\"text-align: center;\">\n<p style=\"text-align: center;\">\n<p style=\"text-align: center;\">\n<p style=\"text-align: center;\">\n<p style=\"text-align: center;\">\n<p style=\"text-align: center;\">\n<p style=\"text-align: center;\"><a href=\"https:\/\/i0.wp.com\/www.nievesviesca.com\/blog\/wp-content\/uploads\/2016\/06\/FOTO-MINERA.jpg?ssl=1\" rel=\"attachment wp-att-5203\"><img decoding=\"async\" loading=\"lazy\" class=\"aligncenter  wp-image-5203\" src=\"https:\/\/i0.wp.com\/www.nievesviesca.com\/blog\/wp-content\/uploads\/2016\/06\/FOTO-MINERA.jpg?resize=584%2C438&#038;ssl=1\" alt=\"FOTO MINERA\" width=\"584\" height=\"438\" srcset=\"https:\/\/i0.wp.com\/www.nievesviesca.com\/blog\/wp-content\/uploads\/2016\/06\/FOTO-MINERA.jpg?w=1024&amp;ssl=1 1024w, https:\/\/i0.wp.com\/www.nievesviesca.com\/blog\/wp-content\/uploads\/2016\/06\/FOTO-MINERA.jpg?resize=300%2C225&amp;ssl=1 300w, https:\/\/i0.wp.com\/www.nievesviesca.com\/blog\/wp-content\/uploads\/2016\/06\/FOTO-MINERA.jpg?resize=768%2C576&amp;ssl=1 768w\" sizes=\"(max-width: 584px) 100vw, 584px\" data-recalc-dims=\"1\" \/><\/a><\/p>\n<p style=\"text-align: center;\">\n<p style=\"text-align: center;\">\n<p style=\"text-align: center;\">\n<p style=\"text-align: center;\">\n<p style=\"text-align: center;\">\n","protected":false},"excerpt":{"rendered":"<p>&nbsp; &nbsp; \u2018Mina de Palabras\u2019 &nbsp; En el Club de Prensa La Nueva Espa\u00f1a de Oviedo, tuvo lugar el jueves 2 de junio la presentaci\u00f3n de la Antolog\u00eda Mina de Palabras de la Asociaci\u00f3n Escritores de Asturias, con la intervenci\u00f3n &hellip; <a href=\"https:\/\/www.nievesviesca.com\/blog\/2016\/06\/03\/ecos-de-poesia-lxxxvii\/\">Sigue leyendo <span class=\"meta-nav\">&rarr;<\/span><\/a><\/p>\n","protected":false},"author":2,"featured_media":0,"comment_status":"open","ping_status":"open","sticky":false,"template":"","format":"standard","meta":{"_bbp_topic_count":0,"_bbp_reply_count":0,"_bbp_total_topic_count":0,"_bbp_total_reply_count":0,"_bbp_voice_count":0,"_bbp_anonymous_reply_count":0,"_bbp_topic_count_hidden":0,"_bbp_reply_count_hidden":0,"_bbp_forum_subforum_count":0,"om_disable_all_campaigns":false,"_monsterinsights_skip_tracking":false,"_monsterinsights_sitenote_active":false,"_monsterinsights_sitenote_note":"","_monsterinsights_sitenote_category":0,"jetpack_post_was_ever_published":false,"_jetpack_newsletter_access":"","_jetpack_newsletter_tier_id":0,"footnotes":"","jetpack_publicize_message":"","jetpack_is_tweetstorm":false,"jetpack_publicize_feature_enabled":true,"jetpack_social_post_already_shared":true,"jetpack_social_options":{"image_generator_settings":{"template":"highway","enabled":false}}},"categories":[4],"tags":[],"jetpack_publicize_connections":[],"aioseo_notices":[],"jetpack_featured_media_url":"","jetpack_sharing_enabled":true,"jetpack_shortlink":"https:\/\/wp.me\/p6xI8c-1lT","_links":{"self":[{"href":"https:\/\/www.nievesviesca.com\/blog\/wp-json\/wp\/v2\/posts\/5201"}],"collection":[{"href":"https:\/\/www.nievesviesca.com\/blog\/wp-json\/wp\/v2\/posts"}],"about":[{"href":"https:\/\/www.nievesviesca.com\/blog\/wp-json\/wp\/v2\/types\/post"}],"author":[{"embeddable":true,"href":"https:\/\/www.nievesviesca.com\/blog\/wp-json\/wp\/v2\/users\/2"}],"replies":[{"embeddable":true,"href":"https:\/\/www.nievesviesca.com\/blog\/wp-json\/wp\/v2\/comments?post=5201"}],"version-history":[{"count":17,"href":"https:\/\/www.nievesviesca.com\/blog\/wp-json\/wp\/v2\/posts\/5201\/revisions"}],"predecessor-version":[{"id":5220,"href":"https:\/\/www.nievesviesca.com\/blog\/wp-json\/wp\/v2\/posts\/5201\/revisions\/5220"}],"wp:attachment":[{"href":"https:\/\/www.nievesviesca.com\/blog\/wp-json\/wp\/v2\/media?parent=5201"}],"wp:term":[{"taxonomy":"category","embeddable":true,"href":"https:\/\/www.nievesviesca.com\/blog\/wp-json\/wp\/v2\/categories?post=5201"},{"taxonomy":"post_tag","embeddable":true,"href":"https:\/\/www.nievesviesca.com\/blog\/wp-json\/wp\/v2\/tags?post=5201"}],"curies":[{"name":"wp","href":"https:\/\/api.w.org\/{rel}","templated":true}]}}