{"id":5223,"date":"2016-06-14T14:19:37","date_gmt":"2016-06-14T12:19:37","guid":{"rendered":"http:\/\/www.nievesviesca.com\/blog\/?p=5223"},"modified":"2016-06-14T14:19:37","modified_gmt":"2016-06-14T12:19:37","slug":"ecos-de-poesia-lxxxviii","status":"publish","type":"post","link":"https:\/\/www.nievesviesca.com\/blog\/2016\/06\/14\/ecos-de-poesia-lxxxviii\/","title":{"rendered":"Ecos de Poes\u00eda (LXXXVIII)"},"content":{"rendered":"<p>&nbsp;<\/p>\n<h1 style=\"text-align: center;\"><span style=\"color: #000000;\">VII Encuentro Nacional<\/span><\/h1>\n<h1 style=\"text-align: center;\"><span style=\"color: #000000;\">y<\/span><\/h1>\n<h1 style=\"text-align: center;\"><span style=\"color: #000000;\">XIV Provincial de Poes\u00eda<\/span><\/h1>\n<h1 style=\"text-align: center;\"><\/h1>\n<p>&nbsp;<\/p>\n<h1 style=\"text-align: center;\"><em><span style=\"color: #000000;\">\u00a0\u00a0 <a href=\"https:\/\/i0.wp.com\/www.nievesviesca.com\/blog\/wp-content\/uploads\/2016\/06\/EspejodeAlicante2.jpg?ssl=1\" rel=\"attachment wp-att-5242\"><img decoding=\"async\" loading=\"lazy\" class=\"wp-image-5242 alignnone\" src=\"https:\/\/i0.wp.com\/www.nievesviesca.com\/blog\/wp-content\/uploads\/2016\/06\/EspejodeAlicante2.jpg?resize=188%2C46&#038;ssl=1\" alt=\"Espejo+de+Alicante2\" width=\"188\" height=\"46\" data-recalc-dims=\"1\" \/><\/a><br \/>\n<\/span><\/em><\/h1>\n<p>&nbsp;<\/p>\n<p><a href=\"https:\/\/i0.wp.com\/www.nievesviesca.com\/blog\/wp-content\/uploads\/2016\/06\/ALICANTE.gif?ssl=1\" rel=\"attachment wp-att-5226\"><img decoding=\"async\" loading=\"lazy\" class=\"aligncenter wp-image-5226\" src=\"https:\/\/i0.wp.com\/www.nievesviesca.com\/blog\/wp-content\/uploads\/2016\/06\/ALICANTE.gif?resize=584%2C527&#038;ssl=1\" alt=\"ALICANTE\" width=\"584\" height=\"527\" data-recalc-dims=\"1\" \/><\/a><\/p>\n<p>&nbsp;<\/p>\n<h4 style=\"text-align: center;\"><span style=\"color: #000000;\">\u00a0\u00a0\u00a0\u00a0\u00a0\u00a0\u00a0\u00a0\u00a0\u00a0\u00a0\u00a0\u00a0\u00a0\u00a0\u00a0\u00a0\u00a0\u00a0\u00a0\u00a0\u00a0\u00a0\u00a0\u00a0 Queridos Poetas,\u00a0\u00a0\u00a0\u00a0\u00a0\u00a0 \u00a0 \u00a0 <a href=\"https:\/\/i0.wp.com\/www.nievesviesca.com\/blog\/wp-content\/uploads\/2016\/06\/JORNADAS-DE-PRAVIA.jpg?ssl=1\" rel=\"attachment wp-att-5248\"><img decoding=\"async\" loading=\"lazy\" class=\"wp-image-5248 alignright\" src=\"https:\/\/i0.wp.com\/www.nievesviesca.com\/blog\/wp-content\/uploads\/2016\/06\/JORNADAS-DE-PRAVIA.jpg?resize=124%2C156&#038;ssl=1\" alt=\"JORNADAS DE PRAVIA\" width=\"124\" height=\"156\" data-recalc-dims=\"1\" \/><\/a>\u00a0 \u00a0 \u00a0 \u00a0 \u00a0 \u00a0 \u00a0 \u00a0 \u00a0\u00a0<\/span><\/h4>\n<p>&nbsp;<\/p>\n<h5><\/h5>\n<h4 style=\"text-align: center;\"><span style=\"color: #000000;\">all\u00ed estar\u00e9 compartiendo VERSOS Y POES\u00cdA los d\u00edas 17 y 18 de junio,<\/span><\/h4>\n<h5 style=\"text-align: center;\"><\/h5>\n<h5><\/h5>\n<p>&nbsp;<\/p>\n<h4 style=\"text-align: justify;\"><span style=\"color: #000000;\">en el Casino Mediterr\u00e1neo y en el Colegio de Doctores y Licenciados de Alicante, la &#8216;AURORA del poeta\u2019.<\/span><\/h4>\n<h5><\/h5>\n<p>&nbsp;<\/p>\n<p>&nbsp;<\/p>\n","protected":false},"excerpt":{"rendered":"<p>&nbsp; VII Encuentro Nacional y XIV Provincial de Poes\u00eda &nbsp; \u00a0\u00a0 &nbsp; &nbsp; \u00a0\u00a0\u00a0\u00a0\u00a0\u00a0\u00a0\u00a0\u00a0\u00a0\u00a0\u00a0\u00a0\u00a0\u00a0\u00a0\u00a0\u00a0\u00a0\u00a0\u00a0\u00a0\u00a0\u00a0\u00a0 Queridos Poetas,\u00a0\u00a0\u00a0\u00a0\u00a0\u00a0 \u00a0 \u00a0 \u00a0 \u00a0 \u00a0 \u00a0 \u00a0 \u00a0 \u00a0 \u00a0 \u00a0\u00a0 &nbsp; all\u00ed estar\u00e9 compartiendo VERSOS Y POES\u00cdA los d\u00edas 17 y 18 de &hellip; <a href=\"https:\/\/www.nievesviesca.com\/blog\/2016\/06\/14\/ecos-de-poesia-lxxxviii\/\">Sigue leyendo <span class=\"meta-nav\">&rarr;<\/span><\/a><\/p>\n","protected":false},"author":2,"featured_media":0,"comment_status":"open","ping_status":"open","sticky":false,"template":"","format":"standard","meta":{"_bbp_topic_count":0,"_bbp_reply_count":0,"_bbp_total_topic_count":0,"_bbp_total_reply_count":0,"_bbp_voice_count":0,"_bbp_anonymous_reply_count":0,"_bbp_topic_count_hidden":0,"_bbp_reply_count_hidden":0,"_bbp_forum_subforum_count":0,"om_disable_all_campaigns":false,"_monsterinsights_skip_tracking":false,"_monsterinsights_sitenote_active":false,"_monsterinsights_sitenote_note":"","_monsterinsights_sitenote_category":0,"jetpack_post_was_ever_published":false,"_jetpack_newsletter_access":"","_jetpack_newsletter_tier_id":0,"footnotes":"","jetpack_publicize_message":"","jetpack_is_tweetstorm":false,"jetpack_publicize_feature_enabled":true,"jetpack_social_post_already_shared":true,"jetpack_social_options":{"image_generator_settings":{"template":"highway","enabled":false}}},"categories":[4],"tags":[],"jetpack_publicize_connections":[],"aioseo_notices":[],"jetpack_featured_media_url":"","jetpack_sharing_enabled":true,"jetpack_shortlink":"https:\/\/wp.me\/p6xI8c-1mf","_links":{"self":[{"href":"https:\/\/www.nievesviesca.com\/blog\/wp-json\/wp\/v2\/posts\/5223"}],"collection":[{"href":"https:\/\/www.nievesviesca.com\/blog\/wp-json\/wp\/v2\/posts"}],"about":[{"href":"https:\/\/www.nievesviesca.com\/blog\/wp-json\/wp\/v2\/types\/post"}],"author":[{"embeddable":true,"href":"https:\/\/www.nievesviesca.com\/blog\/wp-json\/wp\/v2\/users\/2"}],"replies":[{"embeddable":true,"href":"https:\/\/www.nievesviesca.com\/blog\/wp-json\/wp\/v2\/comments?post=5223"}],"version-history":[{"count":47,"href":"https:\/\/www.nievesviesca.com\/blog\/wp-json\/wp\/v2\/posts\/5223\/revisions"}],"predecessor-version":[{"id":5273,"href":"https:\/\/www.nievesviesca.com\/blog\/wp-json\/wp\/v2\/posts\/5223\/revisions\/5273"}],"wp:attachment":[{"href":"https:\/\/www.nievesviesca.com\/blog\/wp-json\/wp\/v2\/media?parent=5223"}],"wp:term":[{"taxonomy":"category","embeddable":true,"href":"https:\/\/www.nievesviesca.com\/blog\/wp-json\/wp\/v2\/categories?post=5223"},{"taxonomy":"post_tag","embeddable":true,"href":"https:\/\/www.nievesviesca.com\/blog\/wp-json\/wp\/v2\/tags?post=5223"}],"curies":[{"name":"wp","href":"https:\/\/api.w.org\/{rel}","templated":true}]}}