{"id":5281,"date":"2016-06-29T11:05:07","date_gmt":"2016-06-29T09:05:07","guid":{"rendered":"http:\/\/www.nievesviesca.com\/blog\/?p=5281"},"modified":"2016-06-29T11:43:46","modified_gmt":"2016-06-29T09:43:46","slug":"ecos-de-poesia-lxxxix","status":"publish","type":"post","link":"https:\/\/www.nievesviesca.com\/blog\/2016\/06\/29\/ecos-de-poesia-lxxxix\/","title":{"rendered":"Ecos de Poes\u00eda (LXXXIX)"},"content":{"rendered":"<p>&nbsp;<\/p>\n<h1 style=\"text-align: center;\"><span style=\"color: #000000;\">REFLEJOS<\/span><\/h1>\n<p>&nbsp;<\/p>\n<h3 style=\"text-align: center;\"><span style=\"color: #000000;\">de POES\u00cdA<\/span><\/h3>\n<p>&nbsp;<\/p>\n<p style=\"text-align: justify;\"><a href=\"https:\/\/i0.wp.com\/www.nievesviesca.com\/blog\/wp-content\/uploads\/2016\/06\/encuentro-espejo-de-alicante-junio-2016-16.jpg?ssl=1\" rel=\"attachment wp-att-5282\"><img decoding=\"async\" loading=\"lazy\" class=\"aligncenter wp-image-5282\" src=\"https:\/\/i0.wp.com\/www.nievesviesca.com\/blog\/wp-content\/uploads\/2016\/06\/encuentro-espejo-de-alicante-junio-2016-16.jpg?resize=552%2C414&#038;ssl=1\" alt=\"encuentro espejo de alicante junio 2016 (16)\" width=\"552\" height=\"414\" srcset=\"https:\/\/i0.wp.com\/www.nievesviesca.com\/blog\/wp-content\/uploads\/2016\/06\/encuentro-espejo-de-alicante-junio-2016-16.jpg?resize=1024%2C768&amp;ssl=1 1024w, https:\/\/i0.wp.com\/www.nievesviesca.com\/blog\/wp-content\/uploads\/2016\/06\/encuentro-espejo-de-alicante-junio-2016-16.jpg?resize=300%2C225&amp;ssl=1 300w, https:\/\/i0.wp.com\/www.nievesviesca.com\/blog\/wp-content\/uploads\/2016\/06\/encuentro-espejo-de-alicante-junio-2016-16.jpg?resize=768%2C576&amp;ssl=1 768w, https:\/\/i0.wp.com\/www.nievesviesca.com\/blog\/wp-content\/uploads\/2016\/06\/encuentro-espejo-de-alicante-junio-2016-16.jpg?w=1600&amp;ssl=1 1600w, https:\/\/i0.wp.com\/www.nievesviesca.com\/blog\/wp-content\/uploads\/2016\/06\/encuentro-espejo-de-alicante-junio-2016-16.jpg?w=1168&amp;ssl=1 1168w\" sizes=\"(max-width: 552px) 100vw, 552px\" data-recalc-dims=\"1\" \/><\/a><\/p>\n<p style=\"text-align: justify;\"><span style=\"color: #000000;\">En el Casino Mediterr\u00e1neo de Alicante, se clausur\u00f3 el pasado viernes el VII Encuentro Nacional y el XIV Encuentro Provincial de Poes\u00eda de la Asociaci\u00f3n Cultural Espejo de Alicante, con unas veladas donde poetas, pintores, m\u00fasicos y artistas concurrieron los d\u00edas 16, 17 y 18 de junio para recitar, escucharse y compartir versos y poes\u00eda, haciendo tangible el aforismo po\u00e9tico que dice<\/span><em><span style=\"color: #000000;\">: \u201cLa palabra es mitad de quien la pronuncia y mitad de quien la escucha\u201d.\u00a0\u00a0<\/span> <\/em><\/p>\n<p><em>\u00a0<a href=\"https:\/\/i0.wp.com\/www.nievesviesca.com\/blog\/wp-content\/uploads\/2016\/06\/encuentro-espejo-de-alicante-junio-2016-39-1.jpg?ssl=1\" rel=\"attachment wp-att-5290\"><img decoding=\"async\" loading=\"lazy\" class=\"aligncenter wp-image-5290\" src=\"https:\/\/i0.wp.com\/www.nievesviesca.com\/blog\/wp-content\/uploads\/2016\/06\/encuentro-espejo-de-alicante-junio-2016-39-1.jpg?resize=560%2C243&#038;ssl=1\" alt=\"encuentro espejo de alicante junio 2016 (39)\" width=\"560\" height=\"243\" srcset=\"https:\/\/i0.wp.com\/www.nievesviesca.com\/blog\/wp-content\/uploads\/2016\/06\/encuentro-espejo-de-alicante-junio-2016-39-1.jpg?resize=1024%2C445&amp;ssl=1 1024w, https:\/\/i0.wp.com\/www.nievesviesca.com\/blog\/wp-content\/uploads\/2016\/06\/encuentro-espejo-de-alicante-junio-2016-39-1.jpg?resize=300%2C130&amp;ssl=1 300w, https:\/\/i0.wp.com\/www.nievesviesca.com\/blog\/wp-content\/uploads\/2016\/06\/encuentro-espejo-de-alicante-junio-2016-39-1.jpg?resize=768%2C334&amp;ssl=1 768w, https:\/\/i0.wp.com\/www.nievesviesca.com\/blog\/wp-content\/uploads\/2016\/06\/encuentro-espejo-de-alicante-junio-2016-39-1.jpg?w=1599&amp;ssl=1 1599w, https:\/\/i0.wp.com\/www.nievesviesca.com\/blog\/wp-content\/uploads\/2016\/06\/encuentro-espejo-de-alicante-junio-2016-39-1.jpg?w=1168&amp;ssl=1 1168w\" sizes=\"(max-width: 560px) 100vw, 560px\" data-recalc-dims=\"1\" \/><\/a><\/em><\/p>\n<p style=\"text-align: justify;\"><span style=\"color: #000000;\">Ante un numeroso p\u00fablico y presentados por Consuelo Giner, presidenta de EDA y los vocales de cultura Maravillas Cano, Pilar L\u00f3pez Momp\u00f3 y Jos\u00e9 Antonio Asensio, un jurado (compuesto por miembros expertos) har\u00e1 una selecci\u00f3n con todos los poemas recitados editando pr\u00f3ximamente la VII Antolog\u00eda <em>\u2018HABLAN LOS POETAS\u2019 <\/em>ilustrada por los artistas pl\u00e1sticos de EDA.<\/span><\/p>\n<p style=\"text-align: justify;\"><a href=\"https:\/\/i0.wp.com\/www.nievesviesca.com\/blog\/wp-content\/uploads\/2016\/06\/encuentro-espejo-de-alicante-junio-2016-40.jpg?ssl=1\" rel=\"attachment wp-att-5284\"><img decoding=\"async\" loading=\"lazy\" class=\"aligncenter wp-image-5284\" src=\"https:\/\/i0.wp.com\/www.nievesviesca.com\/blog\/wp-content\/uploads\/2016\/06\/encuentro-espejo-de-alicante-junio-2016-40.jpg?resize=458%2C650&#038;ssl=1\" alt=\"encuentro espejo de alicante junio 2016 (40)\" width=\"458\" height=\"650\" srcset=\"https:\/\/i0.wp.com\/www.nievesviesca.com\/blog\/wp-content\/uploads\/2016\/06\/encuentro-espejo-de-alicante-junio-2016-40.jpg?resize=721%2C1024&amp;ssl=1 721w, https:\/\/i0.wp.com\/www.nievesviesca.com\/blog\/wp-content\/uploads\/2016\/06\/encuentro-espejo-de-alicante-junio-2016-40.jpg?resize=211%2C300&amp;ssl=1 211w, https:\/\/i0.wp.com\/www.nievesviesca.com\/blog\/wp-content\/uploads\/2016\/06\/encuentro-espejo-de-alicante-junio-2016-40.jpg?resize=768%2C1091&amp;ssl=1 768w, https:\/\/i0.wp.com\/www.nievesviesca.com\/blog\/wp-content\/uploads\/2016\/06\/encuentro-espejo-de-alicante-junio-2016-40.jpg?w=1126&amp;ssl=1 1126w\" sizes=\"(max-width: 458px) 100vw, 458px\" data-recalc-dims=\"1\" \/><\/a><\/p>\n<p>&nbsp;<\/p>\n","protected":false},"excerpt":{"rendered":"<p>&nbsp; REFLEJOS &nbsp; de POES\u00cdA &nbsp; En el Casino Mediterr\u00e1neo de Alicante, se clausur\u00f3 el pasado viernes el VII Encuentro Nacional y el XIV Encuentro Provincial de Poes\u00eda de la Asociaci\u00f3n Cultural Espejo de Alicante, con unas veladas donde poetas, &hellip; <a href=\"https:\/\/www.nievesviesca.com\/blog\/2016\/06\/29\/ecos-de-poesia-lxxxix\/\">Sigue leyendo <span class=\"meta-nav\">&rarr;<\/span><\/a><\/p>\n","protected":false},"author":2,"featured_media":0,"comment_status":"open","ping_status":"open","sticky":false,"template":"","format":"standard","meta":{"_bbp_topic_count":0,"_bbp_reply_count":0,"_bbp_total_topic_count":0,"_bbp_total_reply_count":0,"_bbp_voice_count":0,"_bbp_anonymous_reply_count":0,"_bbp_topic_count_hidden":0,"_bbp_reply_count_hidden":0,"_bbp_forum_subforum_count":0,"om_disable_all_campaigns":false,"_monsterinsights_skip_tracking":false,"_monsterinsights_sitenote_active":false,"_monsterinsights_sitenote_note":"","_monsterinsights_sitenote_category":0,"jetpack_post_was_ever_published":false,"_jetpack_newsletter_access":"","_jetpack_newsletter_tier_id":0,"footnotes":"","jetpack_publicize_message":"","jetpack_is_tweetstorm":false,"jetpack_publicize_feature_enabled":true,"jetpack_social_post_already_shared":true,"jetpack_social_options":{"image_generator_settings":{"template":"highway","enabled":false}}},"categories":[4],"tags":[],"jetpack_publicize_connections":[],"aioseo_notices":[],"jetpack_featured_media_url":"","jetpack_sharing_enabled":true,"jetpack_shortlink":"https:\/\/wp.me\/p6xI8c-1nb","_links":{"self":[{"href":"https:\/\/www.nievesviesca.com\/blog\/wp-json\/wp\/v2\/posts\/5281"}],"collection":[{"href":"https:\/\/www.nievesviesca.com\/blog\/wp-json\/wp\/v2\/posts"}],"about":[{"href":"https:\/\/www.nievesviesca.com\/blog\/wp-json\/wp\/v2\/types\/post"}],"author":[{"embeddable":true,"href":"https:\/\/www.nievesviesca.com\/blog\/wp-json\/wp\/v2\/users\/2"}],"replies":[{"embeddable":true,"href":"https:\/\/www.nievesviesca.com\/blog\/wp-json\/wp\/v2\/comments?post=5281"}],"version-history":[{"count":7,"href":"https:\/\/www.nievesviesca.com\/blog\/wp-json\/wp\/v2\/posts\/5281\/revisions"}],"predecessor-version":[{"id":5293,"href":"https:\/\/www.nievesviesca.com\/blog\/wp-json\/wp\/v2\/posts\/5281\/revisions\/5293"}],"wp:attachment":[{"href":"https:\/\/www.nievesviesca.com\/blog\/wp-json\/wp\/v2\/media?parent=5281"}],"wp:term":[{"taxonomy":"category","embeddable":true,"href":"https:\/\/www.nievesviesca.com\/blog\/wp-json\/wp\/v2\/categories?post=5281"},{"taxonomy":"post_tag","embeddable":true,"href":"https:\/\/www.nievesviesca.com\/blog\/wp-json\/wp\/v2\/tags?post=5281"}],"curies":[{"name":"wp","href":"https:\/\/api.w.org\/{rel}","templated":true}]}}