{"id":5341,"date":"2016-07-16T11:45:22","date_gmt":"2016-07-16T09:45:22","guid":{"rendered":"http:\/\/www.nievesviesca.com\/blog\/?p=5341"},"modified":"2016-07-16T11:45:22","modified_gmt":"2016-07-16T09:45:22","slug":"ecos-de-poesia-xc","status":"publish","type":"post","link":"https:\/\/www.nievesviesca.com\/blog\/2016\/07\/16\/ecos-de-poesia-xc\/","title":{"rendered":"Ecos de Poes\u00eda (XC)"},"content":{"rendered":"<p>&nbsp;<\/p>\n<h1 style=\"text-align: center;\"><span style=\"color: #000000;\"><strong>Trash Tornados<\/strong><\/span><\/h1>\n<p>&nbsp;<\/p>\n<p><a href=\"https:\/\/i0.wp.com\/www.nievesviesca.com\/blog\/wp-content\/uploads\/2016\/07\/Foto-16-7-16-0-37-31.jpg?ssl=1\" rel=\"attachment wp-att-5342\"><img decoding=\"async\" loading=\"lazy\" class=\"aligncenter  wp-image-5342\" src=\"https:\/\/i0.wp.com\/www.nievesviesca.com\/blog\/wp-content\/uploads\/2016\/07\/Foto-16-7-16-0-37-31.jpg?resize=584%2C437&#038;ssl=1\" alt=\"Foto 16-7-16 0 37 31\" width=\"584\" height=\"437\" srcset=\"https:\/\/i0.wp.com\/www.nievesviesca.com\/blog\/wp-content\/uploads\/2016\/07\/Foto-16-7-16-0-37-31.jpg?resize=1024%2C765&amp;ssl=1 1024w, https:\/\/i0.wp.com\/www.nievesviesca.com\/blog\/wp-content\/uploads\/2016\/07\/Foto-16-7-16-0-37-31.jpg?resize=300%2C224&amp;ssl=1 300w, https:\/\/i0.wp.com\/www.nievesviesca.com\/blog\/wp-content\/uploads\/2016\/07\/Foto-16-7-16-0-37-31.jpg?resize=768%2C573&amp;ssl=1 768w, https:\/\/i0.wp.com\/www.nievesviesca.com\/blog\/wp-content\/uploads\/2016\/07\/Foto-16-7-16-0-37-31.jpg?w=1600&amp;ssl=1 1600w, https:\/\/i0.wp.com\/www.nievesviesca.com\/blog\/wp-content\/uploads\/2016\/07\/Foto-16-7-16-0-37-31.jpg?w=1168&amp;ssl=1 1168w\" sizes=\"(max-width: 584px) 100vw, 584px\" data-recalc-dims=\"1\" \/><\/a><\/p>\n<p>&nbsp;<\/p>\n<h3 style=\"text-align: center;\"><span style=\"color: #000000;\"><strong>Dec\u00eda Jos\u00e9 Mart\u00ed que <em>\u201cLa poes\u00eda vive de honra\u201d<\/em>.<\/strong><\/span><\/h3>\n<p>&nbsp;<\/p>\n<p style=\"text-align: justify;\"><span style=\"color: #000000;\">Con lucidez preclara y sin atisbos de opacidad, se escucharon los poemas de <strong>Luis Eduardo Aute<\/strong>, <strong>Fernando Beltr\u00e1n<\/strong> y <strong>Miguel Mun\u00e1rriz<\/strong> en la Velada Po\u00e9tica de la XXIX Edici\u00f3n de la Semana Negra gijonesa, albergando la madrugada de este s\u00e1bado a m\u00e1s de doscientas personas reunidas de todas partes en la Carpa de Encuentros del recinto, ante un clamoroso silencio interrumpido \u2018<strong><em>\u00fanicaMente\u2019 <\/em><\/strong>por los numerosos y merecidos aplausos.<\/span><\/p>\n<p style=\"text-align: justify;\">\n<p style=\"text-align: justify;\"><a href=\"https:\/\/i0.wp.com\/www.nievesviesca.com\/blog\/wp-content\/uploads\/2016\/07\/Foto-16-7-16-0-37-12.jpg?ssl=1\" rel=\"attachment wp-att-5344\"><img decoding=\"async\" loading=\"lazy\" class=\"aligncenter  wp-image-5344\" src=\"https:\/\/i0.wp.com\/www.nievesviesca.com\/blog\/wp-content\/uploads\/2016\/07\/Foto-16-7-16-0-37-12.jpg?resize=584%2C584&#038;ssl=1\" alt=\"Foto 16-7-16 0 37 12\" width=\"584\" height=\"584\" srcset=\"https:\/\/i0.wp.com\/www.nievesviesca.com\/blog\/wp-content\/uploads\/2016\/07\/Foto-16-7-16-0-37-12.jpg?resize=1024%2C1024&amp;ssl=1 1024w, https:\/\/i0.wp.com\/www.nievesviesca.com\/blog\/wp-content\/uploads\/2016\/07\/Foto-16-7-16-0-37-12.jpg?resize=150%2C150&amp;ssl=1 150w, https:\/\/i0.wp.com\/www.nievesviesca.com\/blog\/wp-content\/uploads\/2016\/07\/Foto-16-7-16-0-37-12.jpg?resize=300%2C300&amp;ssl=1 300w, https:\/\/i0.wp.com\/www.nievesviesca.com\/blog\/wp-content\/uploads\/2016\/07\/Foto-16-7-16-0-37-12.jpg?resize=768%2C768&amp;ssl=1 768w, https:\/\/i0.wp.com\/www.nievesviesca.com\/blog\/wp-content\/uploads\/2016\/07\/Foto-16-7-16-0-37-12.jpg?resize=250%2C250&amp;ssl=1 250w, https:\/\/i0.wp.com\/www.nievesviesca.com\/blog\/wp-content\/uploads\/2016\/07\/Foto-16-7-16-0-37-12.jpg?resize=75%2C75&amp;ssl=1 75w, https:\/\/i0.wp.com\/www.nievesviesca.com\/blog\/wp-content\/uploads\/2016\/07\/Foto-16-7-16-0-37-12.jpg?resize=144%2C144&amp;ssl=1 144w, https:\/\/i0.wp.com\/www.nievesviesca.com\/blog\/wp-content\/uploads\/2016\/07\/Foto-16-7-16-0-37-12.jpg?w=1600&amp;ssl=1 1600w, https:\/\/i0.wp.com\/www.nievesviesca.com\/blog\/wp-content\/uploads\/2016\/07\/Foto-16-7-16-0-37-12.jpg?w=1168&amp;ssl=1 1168w\" sizes=\"(max-width: 584px) 100vw, 584px\" data-recalc-dims=\"1\" \/><\/a><\/p>\n<p style=\"text-align: justify;\">\n<p style=\"text-align: justify;\"><a href=\"https:\/\/i0.wp.com\/www.nievesviesca.com\/blog\/wp-content\/uploads\/2016\/07\/SEMANA-NEGRA-DE-GIJON.jpg?ssl=1\" rel=\"attachment wp-att-5320\"><img decoding=\"async\" loading=\"lazy\" class=\"wp-image-5320 alignright\" src=\"https:\/\/i0.wp.com\/www.nievesviesca.com\/blog\/wp-content\/uploads\/2016\/07\/SEMANA-NEGRA-DE-GIJON.jpg?resize=74%2C71&#038;ssl=1\" alt=\"SEMANA NEGRA DE GIJON\" width=\"74\" height=\"71\" data-recalc-dims=\"1\" \/><\/a><\/p>\n","protected":false},"excerpt":{"rendered":"<p>&nbsp; Trash Tornados &nbsp; &nbsp; Dec\u00eda Jos\u00e9 Mart\u00ed que \u201cLa poes\u00eda vive de honra\u201d. &nbsp; Con lucidez preclara y sin atisbos de opacidad, se escucharon los poemas de Luis Eduardo Aute, Fernando Beltr\u00e1n y Miguel Mun\u00e1rriz en la Velada Po\u00e9tica &hellip; <a href=\"https:\/\/www.nievesviesca.com\/blog\/2016\/07\/16\/ecos-de-poesia-xc\/\">Sigue leyendo <span class=\"meta-nav\">&rarr;<\/span><\/a><\/p>\n","protected":false},"author":2,"featured_media":0,"comment_status":"open","ping_status":"open","sticky":false,"template":"","format":"standard","meta":{"_bbp_topic_count":0,"_bbp_reply_count":0,"_bbp_total_topic_count":0,"_bbp_total_reply_count":0,"_bbp_voice_count":0,"_bbp_anonymous_reply_count":0,"_bbp_topic_count_hidden":0,"_bbp_reply_count_hidden":0,"_bbp_forum_subforum_count":0,"om_disable_all_campaigns":false,"_monsterinsights_skip_tracking":false,"_monsterinsights_sitenote_active":false,"_monsterinsights_sitenote_note":"","_monsterinsights_sitenote_category":0,"jetpack_post_was_ever_published":false,"_jetpack_newsletter_access":"","_jetpack_newsletter_tier_id":0,"footnotes":"","jetpack_publicize_message":"","jetpack_is_tweetstorm":false,"jetpack_publicize_feature_enabled":true,"jetpack_social_post_already_shared":true,"jetpack_social_options":{"image_generator_settings":{"template":"highway","enabled":false}}},"categories":[4],"tags":[],"jetpack_publicize_connections":[],"aioseo_notices":[],"jetpack_featured_media_url":"","jetpack_sharing_enabled":true,"jetpack_shortlink":"https:\/\/wp.me\/p6xI8c-1o9","_links":{"self":[{"href":"https:\/\/www.nievesviesca.com\/blog\/wp-json\/wp\/v2\/posts\/5341"}],"collection":[{"href":"https:\/\/www.nievesviesca.com\/blog\/wp-json\/wp\/v2\/posts"}],"about":[{"href":"https:\/\/www.nievesviesca.com\/blog\/wp-json\/wp\/v2\/types\/post"}],"author":[{"embeddable":true,"href":"https:\/\/www.nievesviesca.com\/blog\/wp-json\/wp\/v2\/users\/2"}],"replies":[{"embeddable":true,"href":"https:\/\/www.nievesviesca.com\/blog\/wp-json\/wp\/v2\/comments?post=5341"}],"version-history":[{"count":4,"href":"https:\/\/www.nievesviesca.com\/blog\/wp-json\/wp\/v2\/posts\/5341\/revisions"}],"predecessor-version":[{"id":5347,"href":"https:\/\/www.nievesviesca.com\/blog\/wp-json\/wp\/v2\/posts\/5341\/revisions\/5347"}],"wp:attachment":[{"href":"https:\/\/www.nievesviesca.com\/blog\/wp-json\/wp\/v2\/media?parent=5341"}],"wp:term":[{"taxonomy":"category","embeddable":true,"href":"https:\/\/www.nievesviesca.com\/blog\/wp-json\/wp\/v2\/categories?post=5341"},{"taxonomy":"post_tag","embeddable":true,"href":"https:\/\/www.nievesviesca.com\/blog\/wp-json\/wp\/v2\/tags?post=5341"}],"curies":[{"name":"wp","href":"https:\/\/api.w.org\/{rel}","templated":true}]}}