{"id":5562,"date":"2016-10-02T20:28:39","date_gmt":"2016-10-02T18:28:39","guid":{"rendered":"http:\/\/www.nievesviesca.com\/blog\/?p=5562"},"modified":"2016-10-02T20:28:39","modified_gmt":"2016-10-02T18:28:39","slug":"ecos-de-poesia-xciv","status":"publish","type":"post","link":"https:\/\/www.nievesviesca.com\/blog\/2016\/10\/02\/ecos-de-poesia-xciv\/","title":{"rendered":"Ecos de Poes\u00eda (XCIV)"},"content":{"rendered":"<p>&nbsp;<\/p>\n<p style=\"text-align: center;\"><a href=\"https:\/\/i0.wp.com\/www.nievesviesca.com\/blog\/wp-content\/uploads\/2016\/10\/PRESENTACION-JULIO-PAVANETTI.jpg?ssl=1\" rel=\"attachment wp-att-5563\"><img decoding=\"async\" loading=\"lazy\" class=\"aligncenter wp-image-5563\" src=\"https:\/\/i0.wp.com\/www.nievesviesca.com\/blog\/wp-content\/uploads\/2016\/10\/PRESENTACION-JULIO-PAVANETTI.jpg?resize=582%2C463&#038;ssl=1\" alt=\"presentacion-julio-pavanetti\" width=\"582\" height=\"463\" srcset=\"https:\/\/i0.wp.com\/www.nievesviesca.com\/blog\/wp-content\/uploads\/2016\/10\/PRESENTACION-JULIO-PAVANETTI.jpg?resize=1024%2C815&amp;ssl=1 1024w, https:\/\/i0.wp.com\/www.nievesviesca.com\/blog\/wp-content\/uploads\/2016\/10\/PRESENTACION-JULIO-PAVANETTI.jpg?resize=300%2C239&amp;ssl=1 300w, https:\/\/i0.wp.com\/www.nievesviesca.com\/blog\/wp-content\/uploads\/2016\/10\/PRESENTACION-JULIO-PAVANETTI.jpg?resize=768%2C611&amp;ssl=1 768w, https:\/\/i0.wp.com\/www.nievesviesca.com\/blog\/wp-content\/uploads\/2016\/10\/PRESENTACION-JULIO-PAVANETTI.jpg?w=1108&amp;ssl=1 1108w\" sizes=\"(max-width: 582px) 100vw, 582px\" data-recalc-dims=\"1\" \/><\/a><\/p>\n<p style=\"text-align: center;\"><span style=\"color: #000000;\">En el Sal\u00f3n de Actos del Ayuntamiento de Benidorm, con el autor <em>Julio Pavanetti<\/em> y el guitarrista <em>Kike Argando\u00f1a<\/em>, en la presentaci\u00f3n del poemario<\/span><\/p>\n<h2 style=\"text-align: center;\"><\/h2>\n<h2 style=\"text-align: center;\"><span style=\"color: #000000;\">LA \u00daLTIMA CURVA DEL DRAG\u00d3N.<\/span><\/h2>\n<p>&nbsp;<\/p>\n<p>&nbsp;<\/p>\n","protected":false},"excerpt":{"rendered":"<p>&nbsp; En el Sal\u00f3n de Actos del Ayuntamiento de Benidorm, con el autor Julio Pavanetti y el guitarrista Kike Argando\u00f1a, en la presentaci\u00f3n del poemario LA \u00daLTIMA CURVA DEL DRAG\u00d3N. &nbsp; &nbsp;<\/p>\n","protected":false},"author":2,"featured_media":0,"comment_status":"open","ping_status":"open","sticky":false,"template":"","format":"standard","meta":{"_bbp_topic_count":0,"_bbp_reply_count":0,"_bbp_total_topic_count":0,"_bbp_total_reply_count":0,"_bbp_voice_count":0,"_bbp_anonymous_reply_count":0,"_bbp_topic_count_hidden":0,"_bbp_reply_count_hidden":0,"_bbp_forum_subforum_count":0,"om_disable_all_campaigns":false,"_monsterinsights_skip_tracking":false,"_monsterinsights_sitenote_active":false,"_monsterinsights_sitenote_note":"","_monsterinsights_sitenote_category":0,"jetpack_post_was_ever_published":false,"_jetpack_newsletter_access":"","_jetpack_newsletter_tier_id":0,"footnotes":"","jetpack_publicize_message":"","jetpack_is_tweetstorm":false,"jetpack_publicize_feature_enabled":true,"jetpack_social_post_already_shared":true,"jetpack_social_options":{"image_generator_settings":{"template":"highway","enabled":false}}},"categories":[4],"tags":[],"jetpack_publicize_connections":[],"aioseo_notices":[],"jetpack_featured_media_url":"","jetpack_sharing_enabled":true,"jetpack_shortlink":"https:\/\/wp.me\/p6xI8c-1rI","_links":{"self":[{"href":"https:\/\/www.nievesviesca.com\/blog\/wp-json\/wp\/v2\/posts\/5562"}],"collection":[{"href":"https:\/\/www.nievesviesca.com\/blog\/wp-json\/wp\/v2\/posts"}],"about":[{"href":"https:\/\/www.nievesviesca.com\/blog\/wp-json\/wp\/v2\/types\/post"}],"author":[{"embeddable":true,"href":"https:\/\/www.nievesviesca.com\/blog\/wp-json\/wp\/v2\/users\/2"}],"replies":[{"embeddable":true,"href":"https:\/\/www.nievesviesca.com\/blog\/wp-json\/wp\/v2\/comments?post=5562"}],"version-history":[{"count":3,"href":"https:\/\/www.nievesviesca.com\/blog\/wp-json\/wp\/v2\/posts\/5562\/revisions"}],"predecessor-version":[{"id":5566,"href":"https:\/\/www.nievesviesca.com\/blog\/wp-json\/wp\/v2\/posts\/5562\/revisions\/5566"}],"wp:attachment":[{"href":"https:\/\/www.nievesviesca.com\/blog\/wp-json\/wp\/v2\/media?parent=5562"}],"wp:term":[{"taxonomy":"category","embeddable":true,"href":"https:\/\/www.nievesviesca.com\/blog\/wp-json\/wp\/v2\/categories?post=5562"},{"taxonomy":"post_tag","embeddable":true,"href":"https:\/\/www.nievesviesca.com\/blog\/wp-json\/wp\/v2\/tags?post=5562"}],"curies":[{"name":"wp","href":"https:\/\/api.w.org\/{rel}","templated":true}]}}