{"id":5708,"date":"2016-11-17T21:09:03","date_gmt":"2016-11-17T20:09:03","guid":{"rendered":"http:\/\/www.nievesviesca.com\/blog\/?p=5708"},"modified":"2016-11-20T23:28:55","modified_gmt":"2016-11-20T22:28:55","slug":"ecos-de-poesia-c","status":"publish","type":"post","link":"https:\/\/www.nievesviesca.com\/blog\/2016\/11\/17\/ecos-de-poesia-c\/","title":{"rendered":"Ecos de Poes\u00eda (C)"},"content":{"rendered":"<div class=\"antetitulo\"><\/div>\n<div class=\"antetitulo\"><\/div>\n<div class=\"antetitulo\"><\/div>\n<div class=\"antetitulo\"><span style=\"color: #0000ff;\"><strong><span class=\"contenido\"><a style=\"color: #0000ff;\" title=\"Rinc\u00f3n Literario\" href=\"http:\/\/cadenaser.com\/tag\/libros\/a\/\">Rinc\u00f3n Literario<\/a> <\/span><\/strong><\/span><\/div>\n<div class=\"hgroup\">\n<h4 style=\"text-align: center;\"><\/h4>\n<h4 id=\"titulo_noticia\" style=\"text-align: center;\"><span style=\"color: #000000;\">La poes\u00eda minimalista<\/span><\/h4>\n<p>&nbsp;<\/p>\n<h3 style=\"text-align: center;\"><span style=\"color: #000000;\">La poetisa Nieves Viesca ha explorado este g\u00e9nero en &#8216;Manual de tinta\u2019<\/span><\/h3>\n<\/div>\n<p>&nbsp;<\/p>\n<h6 style=\"text-align: center;\"><a href=\"https:\/\/i0.wp.com\/www.nievesviesca.com\/blog\/wp-content\/uploads\/2016\/11\/RINCON-LITERARIO-J.-Manuel-Contreras.jpg?ssl=1\"><img decoding=\"async\" loading=\"lazy\" class=\"aligncenter wp-image-5709\" src=\"https:\/\/i0.wp.com\/www.nievesviesca.com\/blog\/wp-content\/uploads\/2016\/11\/RINCON-LITERARIO-J.-Manuel-Contreras.jpg?resize=584%2C341&#038;ssl=1\" alt=\"rincon-literario-j-manuel-contreras\" width=\"584\" height=\"341\" srcset=\"https:\/\/i0.wp.com\/www.nievesviesca.com\/blog\/wp-content\/uploads\/2016\/11\/RINCON-LITERARIO-J.-Manuel-Contreras.jpg?w=770&amp;ssl=1 770w, https:\/\/i0.wp.com\/www.nievesviesca.com\/blog\/wp-content\/uploads\/2016\/11\/RINCON-LITERARIO-J.-Manuel-Contreras.jpg?resize=300%2C175&amp;ssl=1 300w, https:\/\/i0.wp.com\/www.nievesviesca.com\/blog\/wp-content\/uploads\/2016\/11\/RINCON-LITERARIO-J.-Manuel-Contreras.jpg?resize=768%2C449&amp;ssl=1 768w\" sizes=\"(max-width: 584px) 100vw, 584px\" data-recalc-dims=\"1\" \/><\/a>Chema Contreras nos habla hoy en &#8216;El Rinc\u00f3n Literario&#8217; sobre poes\u00eda minimalista. \/ <span class=\"firma\">SER Madrid Sur<\/span><\/h6>\n<p>&nbsp;<\/p>\n<p style=\"text-align: justify;\"><span style=\"color: #000000;\">Editada por Vitruvio es todo un homenaje a la literatura; tambi\u00e9n ha sido nuestra recomendaci\u00f3n literaria de este semana. Para los \u2019j\u00f3venes la propuesta es <strong>\u2018\u00a1Qu\u00e9 tirria!\u2018 (ed. Milratones) de Javier Fern\u00e1ndez Rubio.<\/strong><\/span><\/p>\n<div id=\"sumario_1|audio\" class=\"centro\">\n<p><a name=\"sumario_1\"><\/a><\/p>\n<div id=\"audionoticia\" class=\"media\">\n<div class=\"foto figure\">\n<div class=\"video_bc\">\n<div id=\"multimediaPlayer_202099714\" data-hj-ignore-attributes=\"\"><iframe loading=\"lazy\" id=\"AudioPlayer_570976193\" src=\"http:\/\/play.cadenaser.com\/widget\/audio\/1479390553_272633\/81?sec=widget\" width=\"545\" height=\"92\" frameborder=\"0\" scrolling=\"no\" data-mce-fragment=\"1\"><\/iframe><\/div>\n<\/div>\n<\/div>\n<\/div>\n<div class=\"datos_sumario\"><\/div>\n<\/div>\n<div id=\"cadenaser_gpt-INTEXT\" data-google-query-id=\"CNzo8YHDsNACFcKnUQodbP0KAw\"><\/div>\n<p style=\"text-align: justify;\"><span style=\"color: #000000;\">Las p\u00e1ginas Web que recomendamos tambi\u00e9n las dividimos para adultos o j\u00f3venes; para mayores es <span style=\"color: #0000ff;\"><a style=\"color: #0000ff;\" href=\"http:\/\/www.nievesviesca.com\">www.nievesviesca.com<\/a>\/<\/span><strong>.<\/strong> P\u00e1gina oficial de la escritora y poeta Nieves Viesca, donde vais a conocer m\u00e1s sobre el trabajo que realiza dentro del mundo de la cultura y desde donde podr\u00e9is acceder a su blog.<\/span><\/p>\n<h1 style=\"text-align: center;\"><span style=\"color: #0000ff;\"><a style=\"color: #0000ff;\" href=\"http:\/\/cadenaser.com\/emisora\/2016\/11\/17\/ser_madrid_sur\/1479372911_185595.html\">SER Madrid Sur<\/a><\/span><\/h1>\n<p>&nbsp;<\/p>\n","protected":false},"excerpt":{"rendered":"<p>Rinc\u00f3n Literario La poes\u00eda minimalista &nbsp; La poetisa Nieves Viesca ha explorado este g\u00e9nero en &#8216;Manual de tinta\u2019 &nbsp; Chema Contreras nos habla hoy en &#8216;El Rinc\u00f3n Literario&#8217; sobre poes\u00eda minimalista. \/ SER Madrid Sur &nbsp; Editada por Vitruvio es &hellip; <a href=\"https:\/\/www.nievesviesca.com\/blog\/2016\/11\/17\/ecos-de-poesia-c\/\">Sigue leyendo <span class=\"meta-nav\">&rarr;<\/span><\/a><\/p>\n","protected":false},"author":1,"featured_media":0,"comment_status":"open","ping_status":"open","sticky":false,"template":"","format":"standard","meta":{"_bbp_topic_count":0,"_bbp_reply_count":0,"_bbp_total_topic_count":0,"_bbp_total_reply_count":0,"_bbp_voice_count":0,"_bbp_anonymous_reply_count":0,"_bbp_topic_count_hidden":0,"_bbp_reply_count_hidden":0,"_bbp_forum_subforum_count":0,"om_disable_all_campaigns":false,"_monsterinsights_skip_tracking":false,"_monsterinsights_sitenote_active":false,"_monsterinsights_sitenote_note":"","_monsterinsights_sitenote_category":0,"jetpack_post_was_ever_published":false,"_jetpack_newsletter_access":"","_jetpack_newsletter_tier_id":0,"footnotes":"","jetpack_publicize_message":"","jetpack_is_tweetstorm":false,"jetpack_publicize_feature_enabled":true,"jetpack_social_post_already_shared":true,"jetpack_social_options":{"image_generator_settings":{"template":"highway","enabled":false}}},"categories":[4],"tags":[],"jetpack_publicize_connections":[],"aioseo_notices":[],"jetpack_featured_media_url":"","jetpack_sharing_enabled":true,"jetpack_shortlink":"https:\/\/wp.me\/p6xI8c-1u4","_links":{"self":[{"href":"https:\/\/www.nievesviesca.com\/blog\/wp-json\/wp\/v2\/posts\/5708"}],"collection":[{"href":"https:\/\/www.nievesviesca.com\/blog\/wp-json\/wp\/v2\/posts"}],"about":[{"href":"https:\/\/www.nievesviesca.com\/blog\/wp-json\/wp\/v2\/types\/post"}],"author":[{"embeddable":true,"href":"https:\/\/www.nievesviesca.com\/blog\/wp-json\/wp\/v2\/users\/1"}],"replies":[{"embeddable":true,"href":"https:\/\/www.nievesviesca.com\/blog\/wp-json\/wp\/v2\/comments?post=5708"}],"version-history":[{"count":15,"href":"https:\/\/www.nievesviesca.com\/blog\/wp-json\/wp\/v2\/posts\/5708\/revisions"}],"predecessor-version":[{"id":5727,"href":"https:\/\/www.nievesviesca.com\/blog\/wp-json\/wp\/v2\/posts\/5708\/revisions\/5727"}],"wp:attachment":[{"href":"https:\/\/www.nievesviesca.com\/blog\/wp-json\/wp\/v2\/media?parent=5708"}],"wp:term":[{"taxonomy":"category","embeddable":true,"href":"https:\/\/www.nievesviesca.com\/blog\/wp-json\/wp\/v2\/categories?post=5708"},{"taxonomy":"post_tag","embeddable":true,"href":"https:\/\/www.nievesviesca.com\/blog\/wp-json\/wp\/v2\/tags?post=5708"}],"curies":[{"name":"wp","href":"https:\/\/api.w.org\/{rel}","templated":true}]}}