{"id":5744,"date":"2016-12-11T21:00:41","date_gmt":"2016-12-11T20:00:41","guid":{"rendered":"http:\/\/www.nievesviesca.com\/blog\/?p=5744"},"modified":"2016-12-11T21:00:41","modified_gmt":"2016-12-11T20:00:41","slug":"ecos-de-poesia-ci","status":"publish","type":"post","link":"https:\/\/www.nievesviesca.com\/blog\/2016\/12\/11\/ecos-de-poesia-ci\/","title":{"rendered":"Ecos de Poes\u00eda (CI)"},"content":{"rendered":"<h1 class=\"txt2\" style=\"text-align: center;\"><span style=\"color: #000000;\">Coleccci\u00f3n ANAQUEL DE POES\u00cdA, n\u00ba 64<\/span><\/h1>\n<h4 class=\"txt2\" style=\"text-align: center;\"><\/h4>\n<p>&nbsp;<\/p>\n<p>&nbsp;<\/p>\n<h4 class=\"txt2\" style=\"text-align: center;\"><span style=\"color: #000000;\"> I.S.B.N: 978-84-946262-7-2 \u2022 128 p\u00e1ginas \u2022 10\u20ac<\/span><\/h4>\n<div class=\"comprar\" style=\"text-align: center;\"><\/div>\n<div class=\"comprar\" style=\"text-align: center;\"><\/div>\n<div class=\"comprar\" style=\"text-align: center;\"><\/div>\n<div class=\"comprar\" style=\"text-align: center;\"><\/div>\n<div class=\"comprar\" style=\"text-align: center;\"><span style=\"color: #0000ff;\"><a class=\"comprar\" style=\"color: #0000ff;\" href=\"http:\/\/www.cuadernosdelaberinto.com\/Poesia\/navidad.html#\" target=\"_blank\">&lt;&lt;A LA VENTA EL 12 DICIEMBRE&gt;<\/a><\/span><\/div>\n<div class=\"rojo\" style=\"text-align: center;\"><span style=\"color: #0000ff;\"><a class=\"rojo\" style=\"color: #0000ff;\" href=\"http:\/\/www.cuadernosdelaberinto.com\/Inicios\/NAVIDAD_antologia.pdf\" target=\"_blank\">&lt;&lt;Descargar PDF primeras p\u00e1ginas&gt;&gt;<\/a><\/span><\/div>\n<p>&nbsp;<\/p>\n<p>&nbsp;<\/p>\n<p><a href=\"https:\/\/i0.wp.com\/www.nievesviesca.com\/blog\/wp-content\/uploads\/2016\/11\/PRESENTACI\u00d3N-ME-GUSTA-LA-NAVIDAD.jpg?ssl=1\"><img decoding=\"async\" loading=\"lazy\" class=\"aligncenter wp-image-5766\" src=\"https:\/\/i0.wp.com\/www.nievesviesca.com\/blog\/wp-content\/uploads\/2016\/11\/PRESENTACI\u00d3N-ME-GUSTA-LA-NAVIDAD.jpg?resize=431%2C544&#038;ssl=1\" alt=\"presentacion-me-gusta-la-navidad\" width=\"431\" height=\"544\" srcset=\"https:\/\/i0.wp.com\/www.nievesviesca.com\/blog\/wp-content\/uploads\/2016\/11\/PRESENTACI\u00d3N-ME-GUSTA-LA-NAVIDAD.jpg?w=274&amp;ssl=1 274w, https:\/\/i0.wp.com\/www.nievesviesca.com\/blog\/wp-content\/uploads\/2016\/11\/PRESENTACI\u00d3N-ME-GUSTA-LA-NAVIDAD.jpg?resize=238%2C300&amp;ssl=1 238w\" sizes=\"(max-width: 431px) 100vw, 431px\" data-recalc-dims=\"1\" \/><\/a><\/p>\n<h1 class=\"titulo_d\" style=\"text-align: center;\"><span style=\"color: #000000;\">Los autores:<\/span><\/h1>\n<p>&nbsp;<\/p>\n<p><span style=\"color: #0000ff;\"><a class=\"rojo\" style=\"color: #0000ff;\" href=\"http:\/\/www.cuadernosdelaberinto.com\/autores\/paginas\/LuisAlbertodeCuenca.html\" target=\"_self\">Luis Alberto de Cuenca<\/a> \u2022 <a class=\"rojo\" style=\"color: #0000ff;\" href=\"http:\/\/www.cuadernosdelaberinto.com\/autores\/paginas\/GARCIAaresLUIS.html\" target=\"_self\">Luis Garc\u00eda Ar\u00e9s<\/a> \u2022 <a class=\"rojo\" style=\"color: #0000ff;\" href=\"http:\/\/www.cuadernosdelaberinto.com\/autores\/paginas\/TUNDIDOR.html\" target=\"_self\">Jes\u00fas Hilario Tundidor<\/a> \u2022 <a class=\"rojo\" style=\"color: #0000ff;\" href=\"http:\/\/www.cuadernosdelaberinto.com\/autores\/paginas\/raquel_lanseros.html\" target=\"_parent\">Raquel Lanseros <\/a> \u2022 <a class=\"rojo\" style=\"color: #0000ff;\" href=\"http:\/\/www.cuadernosdelaberinto.com\/autores\/paginas\/manuel_guerrero_cabrera.html\" target=\"_self\">Manuel Guerrero Cabrera<\/a><\/span><br \/>\n<span style=\"color: #0000ff;\"> <a class=\"rojo\" style=\"color: #0000ff;\" href=\"http:\/\/www.cuadernosdelaberinto.com\/autores\/paginas\/AngelaMartindelBurgo.html\" target=\"_self\">\u00c1ngela Mart\u00edn del Burgo<\/a> \u2022 <a class=\"rojo\" style=\"color: #0000ff;\" href=\"http:\/\/www.cuadernosdelaberinto.com\/autores\/paginas\/NievesViesca.html\" target=\"_self\">Nieves Viesca <\/a> \u2022 <a class=\"rojo\" style=\"color: #0000ff;\" href=\"http:\/\/www.cuadernosdelaberinto.com\/autores\/paginas\/angel_alvaro_martindelburgo.html\" target=\"_self\">\u00c1ngel \u00c1lvaro Mart\u00edn del Burgo<\/a> \u2022 <a class=\"rojo\" style=\"color: #0000ff;\" href=\"http:\/\/www.cuadernosdelaberinto.com\/autores\/paginas\/Daniel_Velarde_Ruiz.html\" target=\"_self\">Daniel Velarde Ruiz<\/a> \u2022 <a class=\"rojo\" style=\"color: #0000ff;\" href=\"http:\/\/www.cuadernosdelaberinto.com\/autores\/paginas\/CARLOS_TEJERO.html\" target=\"_self\">Carlos Tejero <\/a><\/span><br \/>\n<span style=\"color: #0000ff;\"> <a class=\"rojo\" style=\"color: #0000ff;\" href=\"http:\/\/www.cuadernosdelaberinto.com\/autores\/paginas\/MariaJoseCortes.html\" target=\"_self\">Mar\u00eda Jos\u00e9 Cort\u00e9s<\/a> \u2022 <a class=\"rojo\" style=\"color: #0000ff;\" href=\"http:\/\/www.cuadernosdelaberinto.com\/autores\/paginas\/SOLdeDIEGO.html\" target=\"_self\">Sol de Diego<\/a> \u2022 <a class=\"rojo\" style=\"color: #0000ff;\" href=\"http:\/\/www.cuadernosdelaberinto.com\/autores\/paginas\/RAMON_HERNANDEZ.html\" target=\"_self\">Ram\u00f3n Hern\u00e1ndez <\/a> \u2022 <a class=\"rojo\" style=\"color: #0000ff;\" href=\"http:\/\/www.cuadernosdelaberinto.com\/autores\/paginas\/UrceloyJesus.html\" target=\"_self\">Jes\u00fas Urceloy <\/a> \u2022 <a class=\"rojo\" style=\"color: #0000ff;\" href=\"http:\/\/www.cuadernosdelaberinto.com\/autores\/paginas\/pilarPASTOR.html\" target=\"_self\">Pilar Pastor<\/a> \u2022 <a class=\"rojo\" style=\"color: #0000ff;\" href=\"http:\/\/www.cuadernosdelaberinto.com\/autores\/paginas\/khedija_gadhoum.html\" target=\"_self\"> Kh\u00e9dija Gadhoum<\/a><\/span><br \/>\n<span style=\"color: #0000ff;\"> <a class=\"rojo\" style=\"color: #0000ff;\" href=\"http:\/\/www.cuadernosdelaberinto.com\/autores\/paginas\/Nieves_Alvarez_Martin.html\" target=\"_self\">Nieves \u00c1lvarez Mart\u00edn<\/a> \u2022 <a class=\"rojo\" style=\"color: #0000ff;\" href=\"http:\/\/www.cuadernosdelaberinto.com\/autores\/paginas\/JulietaPellicer.html\" target=\"_self\">Julieta Pellicer<\/a> \u2022 <a class=\"rojo\" style=\"color: #0000ff;\" href=\"http:\/\/www.cuadernosdelaberinto.com\/autores\/paginas\/ESTERbuenoPalacios.html\" target=\"_self\">Ester Bueno Palacios <\/a>\u2022 <a class=\"rojo\" style=\"color: #0000ff;\" href=\"http:\/\/www.cuadernosdelaberinto.com\/autores\/paginas\/diego_agundez.html\" target=\"_self\">Diego Ag\u00fandez <\/a> \u2022 <a class=\"rojo\" style=\"color: #0000ff;\" href=\"http:\/\/www.cuadernosdelaberinto.com\/autores\/paginas\/MariaJesusFuentes.html\" target=\"_self\">Mar\u00eda Jes\u00fas Fuentes<\/a><\/span><br \/>\n<span style=\"color: #0000ff;\"> <a class=\"rojo\" style=\"color: #0000ff;\" href=\"http:\/\/www.cuadernosdelaberinto.com\/autores\/paginas\/Paloma_Serra.html\" target=\"_self\">Paloma Serra <\/a> \u2022 <a class=\"rojo\" style=\"color: #0000ff;\" href=\"http:\/\/www.cuadernosdelaberinto.com\/autores\/paginas\/JOSEMARIACARNEROMONTESINOS.html\" target=\"_self\">Jos\u00e9 Mar\u00eda Carnero Montesinos<\/a> \u2022 <a class=\"rojo\" style=\"color: #0000ff;\" href=\"http:\/\/www.cuadernosdelaberinto.com\/autores\/paginas\/Julian_Garvin_Serrano.html\" target=\"_self\">Juli\u00e1n Garv\u00edn Serrano<\/a> \u2022 <a class=\"rojo\" style=\"color: #0000ff;\" href=\"http:\/\/www.cuadernosdelaberinto.com\/autores\/paginas\/MARIATorvisco.html\" target=\"_self\">Mar\u00eda Torvisco<\/a> <a class=\"rojo\" style=\"color: #0000ff;\" href=\"http:\/\/www.cuadernosdelaberinto.com\/autores\/paginas\/Jose_Miguel_Garcia_Conde.html\" target=\"_self\"><br \/>\nJos\u00e9 Miguel Garc\u00eda Conde <\/a>\u2022 <a class=\"rojo\" style=\"color: #0000ff;\" href=\"http:\/\/www.cuadernosdelaberinto.com\/autores\/paginas\/MARIO_PEREZ_ANTOLIN.html\" target=\"_self\">Mario P\u00e9rez Antol\u00edn<\/a> y <a class=\"rojo\" style=\"color: #0000ff;\" href=\"http:\/\/www.cuadernosdelaberinto.com\/autores\/paginas\/FernandoGilVilla.html\" target=\"_self\">Fernando Gil Villa<\/a>.<\/span><\/p>\n<p>&nbsp;<\/p>\n<p>&nbsp;<\/p>\n<p><a href=\"http:\/\/www.cuadernosdelaberinto.com\/Poesia\/navidad.html\"><img decoding=\"async\" loading=\"lazy\" class=\"aligncenter wp-image-5747\" src=\"https:\/\/i0.wp.com\/www.nievesviesca.com\/blog\/wp-content\/uploads\/2016\/11\/navidad_antologia_poetas.jpg?resize=563%2C1335&#038;ssl=1\" alt=\"navidad_antologia_poetas\" width=\"563\" height=\"1335\" srcset=\"https:\/\/i0.wp.com\/www.nievesviesca.com\/blog\/wp-content\/uploads\/2016\/11\/navidad_antologia_poetas.jpg?w=633&amp;ssl=1 633w, https:\/\/i0.wp.com\/www.nievesviesca.com\/blog\/wp-content\/uploads\/2016\/11\/navidad_antologia_poetas.jpg?resize=126%2C300&amp;ssl=1 126w, https:\/\/i0.wp.com\/www.nievesviesca.com\/blog\/wp-content\/uploads\/2016\/11\/navidad_antologia_poetas.jpg?resize=432%2C1024&amp;ssl=1 432w\" sizes=\"(max-width: 563px) 100vw, 563px\" data-recalc-dims=\"1\" \/><\/a><\/p>\n<p>&nbsp;<\/p>\n<p><a href=\"http:\/\/www.cuadernosdelaberinto.com\/Poesia\/navidad.html\"><img decoding=\"async\" loading=\"lazy\" class=\"wp-image-5758 aligncenter\" src=\"https:\/\/i0.wp.com\/www.nievesviesca.com\/blog\/wp-content\/uploads\/2016\/11\/logo1.gif?resize=100%2C89&#038;ssl=1\" alt=\"logo1\" width=\"100\" height=\"89\" data-recalc-dims=\"1\" \/><\/a><span style=\"color: #0000ff;\"><a style=\"color: #0000ff;\" href=\"http:\/\/www.cuadernosdelaberinto.com\/Poesia\/navidad.html\"> EDITORIAL CUADERNOS DEL LABERINTO<\/a><\/span><\/p>\n","protected":false},"excerpt":{"rendered":"<p>Coleccci\u00f3n ANAQUEL DE POES\u00cdA, n\u00ba 64 &nbsp; &nbsp; I.S.B.N: 978-84-946262-7-2 \u2022 128 p\u00e1ginas \u2022 10\u20ac &lt;&lt;A LA VENTA EL 12 DICIEMBRE&gt; &lt;&lt;Descargar PDF primeras p\u00e1ginas&gt;&gt; &nbsp; &nbsp; Los autores: &nbsp; Luis Alberto de Cuenca \u2022 Luis Garc\u00eda Ar\u00e9s \u2022 Jes\u00fas &hellip; <a href=\"https:\/\/www.nievesviesca.com\/blog\/2016\/12\/11\/ecos-de-poesia-ci\/\">Sigue leyendo <span class=\"meta-nav\">&rarr;<\/span><\/a><\/p>\n","protected":false},"author":1,"featured_media":0,"comment_status":"open","ping_status":"open","sticky":false,"template":"","format":"standard","meta":{"_bbp_topic_count":0,"_bbp_reply_count":0,"_bbp_total_topic_count":0,"_bbp_total_reply_count":0,"_bbp_voice_count":0,"_bbp_anonymous_reply_count":0,"_bbp_topic_count_hidden":0,"_bbp_reply_count_hidden":0,"_bbp_forum_subforum_count":0,"om_disable_all_campaigns":false,"_monsterinsights_skip_tracking":false,"_monsterinsights_sitenote_active":false,"_monsterinsights_sitenote_note":"","_monsterinsights_sitenote_category":0,"jetpack_post_was_ever_published":false,"_jetpack_newsletter_access":"","_jetpack_newsletter_tier_id":0,"footnotes":"","jetpack_publicize_message":"","jetpack_is_tweetstorm":false,"jetpack_publicize_feature_enabled":true,"jetpack_social_post_already_shared":true,"jetpack_social_options":{"image_generator_settings":{"template":"highway","enabled":false}}},"categories":[4],"tags":[],"jetpack_publicize_connections":[],"aioseo_notices":[],"jetpack_featured_media_url":"","jetpack_sharing_enabled":true,"jetpack_shortlink":"https:\/\/wp.me\/p6xI8c-1uE","_links":{"self":[{"href":"https:\/\/www.nievesviesca.com\/blog\/wp-json\/wp\/v2\/posts\/5744"}],"collection":[{"href":"https:\/\/www.nievesviesca.com\/blog\/wp-json\/wp\/v2\/posts"}],"about":[{"href":"https:\/\/www.nievesviesca.com\/blog\/wp-json\/wp\/v2\/types\/post"}],"author":[{"embeddable":true,"href":"https:\/\/www.nievesviesca.com\/blog\/wp-json\/wp\/v2\/users\/1"}],"replies":[{"embeddable":true,"href":"https:\/\/www.nievesviesca.com\/blog\/wp-json\/wp\/v2\/comments?post=5744"}],"version-history":[{"count":25,"href":"https:\/\/www.nievesviesca.com\/blog\/wp-json\/wp\/v2\/posts\/5744\/revisions"}],"predecessor-version":[{"id":5813,"href":"https:\/\/www.nievesviesca.com\/blog\/wp-json\/wp\/v2\/posts\/5744\/revisions\/5813"}],"wp:attachment":[{"href":"https:\/\/www.nievesviesca.com\/blog\/wp-json\/wp\/v2\/media?parent=5744"}],"wp:term":[{"taxonomy":"category","embeddable":true,"href":"https:\/\/www.nievesviesca.com\/blog\/wp-json\/wp\/v2\/categories?post=5744"},{"taxonomy":"post_tag","embeddable":true,"href":"https:\/\/www.nievesviesca.com\/blog\/wp-json\/wp\/v2\/tags?post=5744"}],"curies":[{"name":"wp","href":"https:\/\/api.w.org\/{rel}","templated":true}]}}