{"id":5833,"date":"2016-12-20T23:12:45","date_gmt":"2016-12-20T22:12:45","guid":{"rendered":"http:\/\/www.nievesviesca.com\/blog\/?p=5833"},"modified":"2016-12-20T23:12:45","modified_gmt":"2016-12-20T22:12:45","slug":"ecos-de-poesia-cii","status":"publish","type":"post","link":"https:\/\/www.nievesviesca.com\/blog\/2016\/12\/20\/ecos-de-poesia-cii\/","title":{"rendered":"Ecos de Poes\u00eda ( CII)"},"content":{"rendered":"<h1 style=\"text-align: center;\"><a href=\"https:\/\/i0.wp.com\/www.nievesviesca.com\/blog\/wp-content\/uploads\/2016\/12\/ME-GUSTA-LA-NAVIDAD-38.jpg?ssl=1\"><img decoding=\"async\" loading=\"lazy\" class=\"aligncenter  wp-image-5834\" src=\"https:\/\/i0.wp.com\/www.nievesviesca.com\/blog\/wp-content\/uploads\/2016\/12\/ME-GUSTA-LA-NAVIDAD-38.jpg?resize=584%2C281&#038;ssl=1\" alt=\"\" width=\"584\" height=\"281\" srcset=\"https:\/\/i0.wp.com\/www.nievesviesca.com\/blog\/wp-content\/uploads\/2016\/12\/ME-GUSTA-LA-NAVIDAD-38.jpg?w=999&amp;ssl=1 999w, https:\/\/i0.wp.com\/www.nievesviesca.com\/blog\/wp-content\/uploads\/2016\/12\/ME-GUSTA-LA-NAVIDAD-38.jpg?resize=300%2C144&amp;ssl=1 300w, https:\/\/i0.wp.com\/www.nievesviesca.com\/blog\/wp-content\/uploads\/2016\/12\/ME-GUSTA-LA-NAVIDAD-38.jpg?resize=768%2C369&amp;ssl=1 768w\" sizes=\"(max-width: 584px) 100vw, 584px\" data-recalc-dims=\"1\" \/><\/a><\/h1>\n<p>&nbsp;<\/p>\n<h1 style=\"text-align: center;\"><span style=\"color: #000000;\">Presentaci\u00f3n de la Antolog\u00eda<\/span><\/h1>\n<h1 style=\"text-align: center;\"><\/h1>\n<p>&nbsp;<\/p>\n<h1 style=\"text-align: center;\"><a href=\"http:\/\/www.cuadernosdelaberinto.com\/Poesia\/navidad.html\"><span style=\"color: #ff0000;\">\u00abMe gusta la Navidad\u00bb<\/span><\/a><\/h1>\n<p style=\"text-align: center;\">\n<h3 style=\"text-align: center;\"><span style=\"color: #000000;\">Poes\u00eda navide\u00f1a contempor\u00e1nea<\/span><\/h3>\n<p>&nbsp;<\/p>\n<p><a href=\"https:\/\/i0.wp.com\/www.nievesviesca.com\/blog\/wp-content\/uploads\/2016\/12\/84.jpg?ssl=1\"><img decoding=\"async\" loading=\"lazy\" class=\"wp-image-5835 alignleft\" src=\"https:\/\/i0.wp.com\/www.nievesviesca.com\/blog\/wp-content\/uploads\/2016\/12\/84.jpg?resize=254%2C226&#038;ssl=1\" alt=\"\" width=\"254\" height=\"226\" srcset=\"https:\/\/i0.wp.com\/www.nievesviesca.com\/blog\/wp-content\/uploads\/2016\/12\/84.jpg?w=499&amp;ssl=1 499w, https:\/\/i0.wp.com\/www.nievesviesca.com\/blog\/wp-content\/uploads\/2016\/12\/84.jpg?resize=300%2C267&amp;ssl=1 300w\" sizes=\"(max-width: 254px) 100vw, 254px\" data-recalc-dims=\"1\" \/><\/a>\u00a0\u00a0\u00a0\u00a0\u00a0\u00a0\u00a0\u00a0\u00a0\u00a0\u00a0\u00a0\u00a0\u00a0\u00a0\u00a0\u00a0\u00a0\u00a0\u00a0\u00a0\u00a0\u00a0\u00a0\u00a0\u00a0 <a href=\"https:\/\/i0.wp.com\/www.nievesviesca.com\/blog\/wp-content\/uploads\/2016\/12\/ME-GUSTA-LA-NAVIDAD-39.jpg?ssl=1\"><img decoding=\"async\" loading=\"lazy\" class=\"aligncenter  wp-image-5836\" src=\"https:\/\/i0.wp.com\/www.nievesviesca.com\/blog\/wp-content\/uploads\/2016\/12\/ME-GUSTA-LA-NAVIDAD-39.jpg?resize=231%2C244&#038;ssl=1\" alt=\"\" width=\"231\" height=\"244\" srcset=\"https:\/\/i0.wp.com\/www.nievesviesca.com\/blog\/wp-content\/uploads\/2016\/12\/ME-GUSTA-LA-NAVIDAD-39.jpg?w=568&amp;ssl=1 568w, https:\/\/i0.wp.com\/www.nievesviesca.com\/blog\/wp-content\/uploads\/2016\/12\/ME-GUSTA-LA-NAVIDAD-39.jpg?resize=284%2C300&amp;ssl=1 284w\" sizes=\"(max-width: 231px) 100vw, 231px\" data-recalc-dims=\"1\" \/><\/a><\/p>\n<p>&nbsp;<\/p>\n<h1 style=\"text-align: center;\"><span style=\"color: #000000;\">En la Biblioteca de Madrid<\/span><\/h1>\n<p>&nbsp;<\/p>\n<h1 style=\"text-align: center;\"><span style=\"color: #000000;\">EUGENIO TR\u00cdAS<\/span><\/h1>\n<p>&nbsp;<\/p>\n<p><a href=\"https:\/\/i0.wp.com\/www.nievesviesca.com\/blog\/wp-content\/uploads\/2016\/12\/ME-GUSTA-LA-NAVIDAD-10.jpg?ssl=1\"><img decoding=\"async\" loading=\"lazy\" class=\"wp-image-5838 alignleft\" src=\"https:\/\/i0.wp.com\/www.nievesviesca.com\/blog\/wp-content\/uploads\/2016\/12\/ME-GUSTA-LA-NAVIDAD-10.jpg?resize=240%2C180&#038;ssl=1\" alt=\"\" width=\"240\" height=\"180\" srcset=\"https:\/\/i0.wp.com\/www.nievesviesca.com\/blog\/wp-content\/uploads\/2016\/12\/ME-GUSTA-LA-NAVIDAD-10.jpg?w=1600&amp;ssl=1 1600w, https:\/\/i0.wp.com\/www.nievesviesca.com\/blog\/wp-content\/uploads\/2016\/12\/ME-GUSTA-LA-NAVIDAD-10.jpg?resize=300%2C225&amp;ssl=1 300w, https:\/\/i0.wp.com\/www.nievesviesca.com\/blog\/wp-content\/uploads\/2016\/12\/ME-GUSTA-LA-NAVIDAD-10.jpg?resize=768%2C576&amp;ssl=1 768w, https:\/\/i0.wp.com\/www.nievesviesca.com\/blog\/wp-content\/uploads\/2016\/12\/ME-GUSTA-LA-NAVIDAD-10.jpg?resize=1024%2C768&amp;ssl=1 1024w, https:\/\/i0.wp.com\/www.nievesviesca.com\/blog\/wp-content\/uploads\/2016\/12\/ME-GUSTA-LA-NAVIDAD-10.jpg?w=1168&amp;ssl=1 1168w\" sizes=\"(max-width: 240px) 100vw, 240px\" data-recalc-dims=\"1\" \/><\/a><\/p>\n<p><a href=\"https:\/\/i0.wp.com\/www.nievesviesca.com\/blog\/wp-content\/uploads\/2016\/12\/ME-GUSTA-LA-NAVIDAD-36.jpg?ssl=1\"><img decoding=\"async\" loading=\"lazy\" class=\"aligncenter  wp-image-5841\" src=\"https:\/\/i0.wp.com\/www.nievesviesca.com\/blog\/wp-content\/uploads\/2016\/12\/ME-GUSTA-LA-NAVIDAD-36.jpg?resize=331%2C166&#038;ssl=1\" alt=\"\" width=\"331\" height=\"166\" srcset=\"https:\/\/i0.wp.com\/www.nievesviesca.com\/blog\/wp-content\/uploads\/2016\/12\/ME-GUSTA-LA-NAVIDAD-36.jpg?w=700&amp;ssl=1 700w, https:\/\/i0.wp.com\/www.nievesviesca.com\/blog\/wp-content\/uploads\/2016\/12\/ME-GUSTA-LA-NAVIDAD-36.jpg?resize=300%2C150&amp;ssl=1 300w\" sizes=\"(max-width: 331px) 100vw, 331px\" data-recalc-dims=\"1\" \/><\/a><span style=\"color: #000000;\"> \u00a0\u00a0\u00a0\u00a0\u00a0\u00a0\u00a0\u00a0 <\/span><\/p>\n<p>&nbsp;<\/p>\n<p style=\"text-align: center;\"><span style=\"color: #000000;\"><strong>La Poes\u00eda es como La Palabra, mitad de quien la escribe y mitad de quien la escucha.<\/strong><\/span><\/p>\n<p style=\"text-align: center;\">\n<p style=\"text-align: center;\"><a href=\"https:\/\/i0.wp.com\/www.nievesviesca.com\/blog\/wp-content\/uploads\/2016\/12\/ME-GUSTA-LA-NAVIDAD-15.jpg?ssl=1\"><img decoding=\"async\" loading=\"lazy\" class=\"aligncenter  wp-image-5843\" src=\"https:\/\/i0.wp.com\/www.nievesviesca.com\/blog\/wp-content\/uploads\/2016\/12\/ME-GUSTA-LA-NAVIDAD-15.jpg?resize=584%2C382&#038;ssl=1\" alt=\"\" width=\"584\" height=\"382\" srcset=\"https:\/\/i0.wp.com\/www.nievesviesca.com\/blog\/wp-content\/uploads\/2016\/12\/ME-GUSTA-LA-NAVIDAD-15.jpg?w=1600&amp;ssl=1 1600w, https:\/\/i0.wp.com\/www.nievesviesca.com\/blog\/wp-content\/uploads\/2016\/12\/ME-GUSTA-LA-NAVIDAD-15.jpg?resize=300%2C196&amp;ssl=1 300w, https:\/\/i0.wp.com\/www.nievesviesca.com\/blog\/wp-content\/uploads\/2016\/12\/ME-GUSTA-LA-NAVIDAD-15.jpg?resize=768%2C502&amp;ssl=1 768w, https:\/\/i0.wp.com\/www.nievesviesca.com\/blog\/wp-content\/uploads\/2016\/12\/ME-GUSTA-LA-NAVIDAD-15.jpg?resize=1024%2C670&amp;ssl=1 1024w, https:\/\/i0.wp.com\/www.nievesviesca.com\/blog\/wp-content\/uploads\/2016\/12\/ME-GUSTA-LA-NAVIDAD-15.jpg?w=1168&amp;ssl=1 1168w\" sizes=\"(max-width: 584px) 100vw, 584px\" data-recalc-dims=\"1\" \/><\/a><\/p>\n<p>&nbsp;<\/p>\n<p style=\"text-align: center;\"><span style=\"color: #0000ff;\"><a style=\"color: #0000ff;\" href=\"http:\/\/www.cuadernosdelaberinto.com\/Poesia\/navidad.html\">EDITORIAL CUADERNOS DEL LABERINTO<\/a><\/span><\/p>\n<p style=\"text-align: center;\"><span style=\"color: #0000ff;\"><a style=\"color: #0000ff;\" href=\"https:\/\/www.facebook.com\/Editorial-Cuadernos-del-Laberinto-191682414212887\/photos\/?tab=album&amp;album_id=1227569907290794\"> M\u00c1S FOTOGRAF\u00cdAS&#8230;<\/a><\/span><\/p>\n","protected":false},"excerpt":{"rendered":"<p>&nbsp; Presentaci\u00f3n de la Antolog\u00eda &nbsp; \u00abMe gusta la Navidad\u00bb Poes\u00eda navide\u00f1a contempor\u00e1nea &nbsp; \u00a0\u00a0\u00a0\u00a0\u00a0\u00a0\u00a0\u00a0\u00a0\u00a0\u00a0\u00a0\u00a0\u00a0\u00a0\u00a0\u00a0\u00a0\u00a0\u00a0\u00a0\u00a0\u00a0\u00a0\u00a0\u00a0 &nbsp; En la Biblioteca de Madrid &nbsp; EUGENIO TR\u00cdAS &nbsp; \u00a0\u00a0\u00a0\u00a0\u00a0\u00a0\u00a0\u00a0 &nbsp; La Poes\u00eda es como La Palabra, mitad de quien la escribe y mitad &hellip; <a href=\"https:\/\/www.nievesviesca.com\/blog\/2016\/12\/20\/ecos-de-poesia-cii\/\">Sigue leyendo <span class=\"meta-nav\">&rarr;<\/span><\/a><\/p>\n","protected":false},"author":1,"featured_media":0,"comment_status":"open","ping_status":"open","sticky":false,"template":"","format":"standard","meta":{"_bbp_topic_count":0,"_bbp_reply_count":0,"_bbp_total_topic_count":0,"_bbp_total_reply_count":0,"_bbp_voice_count":0,"_bbp_anonymous_reply_count":0,"_bbp_topic_count_hidden":0,"_bbp_reply_count_hidden":0,"_bbp_forum_subforum_count":0,"om_disable_all_campaigns":false,"_monsterinsights_skip_tracking":false,"_monsterinsights_sitenote_active":false,"_monsterinsights_sitenote_note":"","_monsterinsights_sitenote_category":0,"jetpack_post_was_ever_published":false,"_jetpack_newsletter_access":"","_jetpack_newsletter_tier_id":0,"footnotes":"","jetpack_publicize_message":"","jetpack_is_tweetstorm":false,"jetpack_publicize_feature_enabled":true,"jetpack_social_post_already_shared":true,"jetpack_social_options":{"image_generator_settings":{"template":"highway","enabled":false}}},"categories":[4],"tags":[],"jetpack_publicize_connections":[],"aioseo_notices":[],"jetpack_featured_media_url":"","jetpack_sharing_enabled":true,"jetpack_shortlink":"https:\/\/wp.me\/p6xI8c-1w5","_links":{"self":[{"href":"https:\/\/www.nievesviesca.com\/blog\/wp-json\/wp\/v2\/posts\/5833"}],"collection":[{"href":"https:\/\/www.nievesviesca.com\/blog\/wp-json\/wp\/v2\/posts"}],"about":[{"href":"https:\/\/www.nievesviesca.com\/blog\/wp-json\/wp\/v2\/types\/post"}],"author":[{"embeddable":true,"href":"https:\/\/www.nievesviesca.com\/blog\/wp-json\/wp\/v2\/users\/1"}],"replies":[{"embeddable":true,"href":"https:\/\/www.nievesviesca.com\/blog\/wp-json\/wp\/v2\/comments?post=5833"}],"version-history":[{"count":15,"href":"https:\/\/www.nievesviesca.com\/blog\/wp-json\/wp\/v2\/posts\/5833\/revisions"}],"predecessor-version":[{"id":5855,"href":"https:\/\/www.nievesviesca.com\/blog\/wp-json\/wp\/v2\/posts\/5833\/revisions\/5855"}],"wp:attachment":[{"href":"https:\/\/www.nievesviesca.com\/blog\/wp-json\/wp\/v2\/media?parent=5833"}],"wp:term":[{"taxonomy":"category","embeddable":true,"href":"https:\/\/www.nievesviesca.com\/blog\/wp-json\/wp\/v2\/categories?post=5833"},{"taxonomy":"post_tag","embeddable":true,"href":"https:\/\/www.nievesviesca.com\/blog\/wp-json\/wp\/v2\/tags?post=5833"}],"curies":[{"name":"wp","href":"https:\/\/api.w.org\/{rel}","templated":true}]}}