{"id":6052,"date":"2017-03-05T18:06:11","date_gmt":"2017-03-05T17:06:11","guid":{"rendered":"http:\/\/www.nievesviesca.com\/blog\/?p=6052"},"modified":"2017-03-05T18:06:11","modified_gmt":"2017-03-05T17:06:11","slug":"ecos-de-poesia-civ","status":"publish","type":"post","link":"https:\/\/www.nievesviesca.com\/blog\/2017\/03\/05\/ecos-de-poesia-civ\/","title":{"rendered":"Ecos de Poes\u00eda (CIV)"},"content":{"rendered":"<p>&nbsp;<\/p>\n<div class=\"summary\" style=\"text-align: center;\"><span style=\"color: #000000;\">\u00a0<\/span><\/div>\n<h1 style=\"text-align: center;\"><span style=\"color: #000000;\">SOY VOY. Inspiraci\u00f3n. Nadie en mi.<\/span><\/h1>\n<h1 style=\"text-align: center;\"><span style=\"color: #000000;\">\u00a0\u00a0<\/span><\/h1>\n<div class=\"txt\">\n<div class=\"image\">\n<div>\n<div class=\"lugar\" style=\"text-align: center;\"><span style=\"color: #000080;\">MARTES\u00a0 7 de Marzo<\/span><\/div>\n<div class=\"lugar\" style=\"text-align: center;\"><span style=\"color: #000000;\"><span style=\"color: #000080;\">A las 19,30h en<\/span> <\/span><\/div>\n<div><\/div>\n<\/div>\n<\/div>\n<div class=\"content-destacado\">\n<div class=\"datos-interes\">\n<div class=\"lugar\">\n<p><strong><strong>\u00a0\u00a0\u00a0\u00a0\u00a0\u00a0\u00a0\u00a0\u00a0\u00a0\u00a0\u00a0\u00a0\u00a0\u00a0\u00a0\u00a0\u00a0\u00a0\u00a0\u00a0\u00a0\u00a0\u00a0\u00a0\u00a0\u00a0\u00a0\u00a0\u00a0\u00a0\u00a0\u00a0\u00a0\u00a0\u00a0\u00a0\u00a0\u00a0\u00a0\u00a0\u00a0\u00a0 <\/strong><\/strong><\/p>\n<\/div>\n<\/div>\n<\/div>\n<p>&nbsp;<\/p>\n<div class=\"content-destacado\">\n<div class=\"datos-interes\">\n<div class=\"lugar\"><\/div>\n<p>&nbsp;<\/p>\n<div class=\"lugar\" style=\"text-align: center;\"><\/div>\n<div class=\"lugar\" style=\"text-align: center;\"><\/div>\n<div class=\"lugar\" style=\"text-align: center;\"><a href=\"https:\/\/i0.wp.com\/www.nievesviesca.com\/blog\/wp-content\/uploads\/2017\/02\/Soy-Voy-portada-poemario.jpg?ssl=1\"><img decoding=\"async\" loading=\"lazy\" class=\" wp-image-6096 alignleft\" src=\"https:\/\/i0.wp.com\/www.nievesviesca.com\/blog\/wp-content\/uploads\/2017\/02\/Soy-Voy-portada-poemario.jpg?resize=244%2C339&#038;ssl=1\" alt=\"\" width=\"244\" height=\"339\" data-recalc-dims=\"1\" \/><\/a><\/div>\n<div class=\"lugar\" style=\"text-align: left;\"><span style=\"color: #000000;\"><span style=\"color: #000000;\"><b>LA COLEGIATA DE SAN JUAN BAUTISTA.\u00a0\u00a0 (GIJ\u00d3N)<br \/>\n<\/b><\/span><\/span><\/p>\n<div class=\"lugar\">\n<div><img decoding=\"async\" loading=\"lazy\" class=\"nicedit_sin-alinear alignright\" src=\"https:\/\/i0.wp.com\/www.elateneo.es\/images\/image\/2473\/coro_de_la_bodega.jpg?resize=575%2C382\" alt=\"Coro de la Bodega\" width=\"575\" height=\"382\" data-recalc-dims=\"1\" \/><\/div>\n<\/div>\n<p>&nbsp;<\/p>\n<\/div>\n<\/div>\n<\/div>\n<div class=\"text\" style=\"text-align: left;\">\n<p style=\"text-align: left;\"><span style=\"color: #000000;\">\u00a0A cargo de su autor<b> D. MARCELO PALACIOS<\/b>, escritor, m\u00e9dico\u00a0\u00a0 y presidente de la SIBI. Presenta el poeta, escritor y colaborador de los medios de comunicaci\u00f3n <b>D. JOSE MARCELINO GARC\u00cdA<\/b>.\u00a0<\/span><\/p>\n<div><span style=\"color: #000000;\">El acto comenzar\u00e1 con la presentaci\u00f3n por la Presidenta del Ateneo Jovellanos, \u00a0Isabel Moro, del poemario \u00abSOY VOY. Inspiraci\u00f3n. Nadie en m\u00ed\u00bb, del que es autor Marcelo Palacios, y a continuaci\u00f3n varios poetas y escritores, entre ellos \u00a0 <b>Nieves Viesca, \u00a0 Marcelino Garc\u00eda,\u00a0 J. M\u00aa Ruil\u00f3pez<\/b> y otros dar\u00e1n lectura a algunos pasajes del poemario.<\/span><\/div>\n<div><span style=\"color: #000000;\">En la segunda parte el\u00a0 <b>CORO DE LA BODEGA<\/b>, de Cand\u00e1s, \u00a0con unas 33 voces y m\u00fasicos, y dirigido por <b>D.\u00a0 <\/b><b>Salvador Cuervo<\/b>, interpretar\u00e1 un repertorio de canciones marineras, y, por primera vez, \u00a0la canci\u00f3n Pescadera candasina, de Marcelo Palacios, incluida en su poemario y con m\u00fasica coral compuesta por Salvador Cuervo.<\/span><\/div>\n<div><\/div>\n<\/div>\n<\/div>\n<div><\/div>\n<div><\/div>\n<div><\/div>\n<div><\/div>\n<div><\/div>\n<div class=\"txt\">\n<div class=\"text\" style=\"text-align: left;\">\n<div style=\"text-align: center;\">\n<div class=\"txt\">\n<div class=\"text\">\n<div>\n<h4><span style=\"color: #000000;\">\u00abEl destino grab\u00f3 en m\u00ed<\/span><\/h4>\n<h4><span style=\"color: #000000;\">su sello y el remar afanoso,<\/span><\/h4>\n<h4><span style=\"color: #000000;\">y siempre viv\u00ed orgulloso<\/span><\/h4>\n<h4><span style=\"color: #000000;\">de quien y donde nac\u00ed\u201d.<\/span><\/h4>\n<\/div>\n<p>&nbsp;<\/p>\n<\/div>\n<\/div>\n<\/div>\n<\/div>\n<\/div>\n<div style=\"text-align: center;\"><\/div>\n<div class=\"txt\">\n<div class=\"text\">\n<div><span style=\"color: #000000;\">As\u00ed comienza \u00abSoy Voy. Nadie en m\u00ed\u00bb, este exquisito y turbador poemario en que Marcelo Palacios invita a honrar las ra\u00edces y el lugar del que venimos, y recordar las huellas que deja la vida, perpetuando cada historia \u201centre los pliegues vetustos y api\u00f1ados, donde guarda sus cenizas la memoria\u201d.<\/span><\/div>\n<div><span style=\"color: #000000;\">Nacer del polen en f\u00e9rtil y entra\u00f1able seno; ir entre la muchedumbre solitaria a la que nos abocan la necedad y el ego\u00edsmo; admitir que el bien y el mal est\u00e1n en nosotros; aceptar c\u00f3mo cambia la personalidad con las experiencias vitales; hallar en la poes\u00eda inspiraci\u00f3n, alivio, redenci\u00f3n y cauce de queja contra las injusticias; situar la realidad del sexo, la amistad y el amor en t\u00e9rminos naturales; mostrar las deidades que gu\u00edan la conducta de muchas buenas gentes; morir en paz con uno mismo y con los dem\u00e1s, con los aciertos y los errores; y el devenir o el olvido, son algunas de las cuentas del rosario conductor del poemario, m\u00e1s atento intencionadamente al mensaje \u00edntimo y social que a la ortodoxia de su composici\u00f3n.<\/span><\/div>\n<div><span style=\"color: #000000;\">La reflexi\u00f3n po\u00e9tica libre de ataduras establece sus reglas:<\/span><\/div>\n<div><\/div>\n<\/div>\n<\/div>\n<div><\/div>\n<div class=\"txt\"><\/div>\n<div>\n<div class=\"txt\">\n<div class=\"text\">\n<h4 style=\"text-align: left;\"><\/h4>\n<p>&nbsp;<\/p>\n<h4 style=\"text-align: center;\"><span style=\"color: #000000;\">\u201cExisto, y puedo y quiero pensar<\/span><\/h4>\n<h4 style=\"text-align: center;\"><span style=\"color: #000000;\">al no sufrir las menguas del talento,<\/span><\/h4>\n<h4 style=\"text-align: center;\"><span style=\"color: #000000;\">y si el mundo causara impedimento<\/span><\/h4>\n<h4 style=\"text-align: center;\"><span style=\"color: #000000;\">en la raz\u00f3n expedita est\u00e1 mi hogar.\u201d<\/span><\/h4>\n<\/div>\n<\/div>\n<\/div>\n<div><\/div>\n<div class=\"txt\"><\/div>\n<p>&nbsp;<\/p>\n<p>&nbsp;<\/p>\n<p style=\"text-align: center;\"><strong><span style=\"color: #0000ff;\"><a style=\"color: #0000ff;\" href=\"http:\/\/www.elateneo.es\/eventos\/show\/soy-voy-inspiracion-nadie-en-mi\">El Ateneo Jovellanos<\/a><\/span><\/strong><span style=\"color: #0000ff;\">\u00a0<\/span><strong>Todos los derechos reservados. <\/strong>Centro Cultural Cajastur Colegiata de San Juan Bautista de Gij\u00f3n, C\/ La Colegiata, 2-\u00a0 33201 Gij\u00f3n &#8211; Principado de Asturias &#8211; Espa\u00f1a.<\/p>\n<p>&nbsp;<\/p>\n<p>&nbsp;<\/p>\n<div style=\"text-align: center;\"><\/div>\n<div style=\"text-align: center;\"><\/div>\n<div style=\"text-align: center;\"><\/div>\n<div style=\"text-align: center;\"><\/div>\n<div style=\"text-align: center;\"><\/div>\n<div style=\"text-align: center;\"><\/div>\n<div style=\"text-align: center;\"><\/div>\n<div style=\"text-align: center;\"><\/div>\n<div style=\"text-align: center;\"><\/div>\n<div class=\"txt\"><\/div>\n","protected":false},"excerpt":{"rendered":"<p>&nbsp; \u00a0 SOY VOY. Inspiraci\u00f3n. Nadie en mi. \u00a0\u00a0 MARTES\u00a0 7 de Marzo A las 19,30h en \u00a0\u00a0\u00a0\u00a0\u00a0\u00a0\u00a0\u00a0\u00a0\u00a0\u00a0\u00a0\u00a0\u00a0\u00a0\u00a0\u00a0\u00a0\u00a0\u00a0\u00a0\u00a0\u00a0\u00a0\u00a0\u00a0\u00a0\u00a0\u00a0\u00a0\u00a0\u00a0\u00a0\u00a0\u00a0\u00a0\u00a0\u00a0\u00a0\u00a0\u00a0\u00a0\u00a0 &nbsp; &nbsp; LA COLEGIATA DE SAN JUAN BAUTISTA.\u00a0\u00a0 (GIJ\u00d3N) &nbsp; \u00a0A cargo de su autor D. MARCELO PALACIOS, escritor, m\u00e9dico\u00a0\u00a0 y presidente &hellip; <a href=\"https:\/\/www.nievesviesca.com\/blog\/2017\/03\/05\/ecos-de-poesia-civ\/\">Sigue leyendo <span class=\"meta-nav\">&rarr;<\/span><\/a><\/p>\n","protected":false},"author":1,"featured_media":0,"comment_status":"open","ping_status":"open","sticky":false,"template":"","format":"standard","meta":{"_bbp_topic_count":0,"_bbp_reply_count":0,"_bbp_total_topic_count":0,"_bbp_total_reply_count":0,"_bbp_voice_count":0,"_bbp_anonymous_reply_count":0,"_bbp_topic_count_hidden":0,"_bbp_reply_count_hidden":0,"_bbp_forum_subforum_count":0,"om_disable_all_campaigns":false,"_monsterinsights_skip_tracking":false,"_monsterinsights_sitenote_active":false,"_monsterinsights_sitenote_note":"","_monsterinsights_sitenote_category":0,"jetpack_post_was_ever_published":false,"_jetpack_newsletter_access":"","_jetpack_newsletter_tier_id":0,"footnotes":"","jetpack_publicize_message":"","jetpack_is_tweetstorm":false,"jetpack_publicize_feature_enabled":true,"jetpack_social_post_already_shared":true,"jetpack_social_options":{"image_generator_settings":{"template":"highway","enabled":false}}},"categories":[4],"tags":[],"jetpack_publicize_connections":[],"aioseo_notices":[],"jetpack_featured_media_url":"","jetpack_sharing_enabled":true,"jetpack_shortlink":"https:\/\/wp.me\/p6xI8c-1zC","_links":{"self":[{"href":"https:\/\/www.nievesviesca.com\/blog\/wp-json\/wp\/v2\/posts\/6052"}],"collection":[{"href":"https:\/\/www.nievesviesca.com\/blog\/wp-json\/wp\/v2\/posts"}],"about":[{"href":"https:\/\/www.nievesviesca.com\/blog\/wp-json\/wp\/v2\/types\/post"}],"author":[{"embeddable":true,"href":"https:\/\/www.nievesviesca.com\/blog\/wp-json\/wp\/v2\/users\/1"}],"replies":[{"embeddable":true,"href":"https:\/\/www.nievesviesca.com\/blog\/wp-json\/wp\/v2\/comments?post=6052"}],"version-history":[{"count":69,"href":"https:\/\/www.nievesviesca.com\/blog\/wp-json\/wp\/v2\/posts\/6052\/revisions"}],"predecessor-version":[{"id":6131,"href":"https:\/\/www.nievesviesca.com\/blog\/wp-json\/wp\/v2\/posts\/6052\/revisions\/6131"}],"wp:attachment":[{"href":"https:\/\/www.nievesviesca.com\/blog\/wp-json\/wp\/v2\/media?parent=6052"}],"wp:term":[{"taxonomy":"category","embeddable":true,"href":"https:\/\/www.nievesviesca.com\/blog\/wp-json\/wp\/v2\/categories?post=6052"},{"taxonomy":"post_tag","embeddable":true,"href":"https:\/\/www.nievesviesca.com\/blog\/wp-json\/wp\/v2\/tags?post=6052"}],"curies":[{"name":"wp","href":"https:\/\/api.w.org\/{rel}","templated":true}]}}