{"id":6139,"date":"2017-03-14T13:43:31","date_gmt":"2017-03-14T12:43:31","guid":{"rendered":"http:\/\/www.nievesviesca.com\/blog\/?p=6139"},"modified":"2017-03-14T13:43:31","modified_gmt":"2017-03-14T12:43:31","slug":"ecos-de-poesia-cv","status":"publish","type":"post","link":"https:\/\/www.nievesviesca.com\/blog\/2017\/03\/14\/ecos-de-poesia-cv\/","title":{"rendered":"Ecos de Poes\u00eda (CV)"},"content":{"rendered":"<p><img decoding=\"async\" loading=\"lazy\" class=\"alignright\" src=\"https:\/\/i0.wp.com\/www.palimpalem.com\/2\/LiceoPoeticodeBenidorm\/userfiles\/viewer.png?resize=148%2C45\" width=\"148\" height=\"45\" border=\"0\" data-recalc-dims=\"1\" \/><\/p>\n<p><a href=\"https:\/\/i0.wp.com\/www.nievesviesca.com\/blog\/wp-content\/uploads\/2017\/03\/2017-03-11-22.47.12.jpg?ssl=1\"><img decoding=\"async\" loading=\"lazy\" class=\"aligncenter wp-image-6140\" src=\"https:\/\/i0.wp.com\/www.nievesviesca.com\/blog\/wp-content\/uploads\/2017\/03\/2017-03-11-22.47.12.jpg?resize=584%2C370&#038;ssl=1\" alt=\"\" width=\"584\" height=\"370\" srcset=\"https:\/\/i0.wp.com\/www.nievesviesca.com\/blog\/wp-content\/uploads\/2017\/03\/2017-03-11-22.47.12.jpg?w=1600&amp;ssl=1 1600w, https:\/\/i0.wp.com\/www.nievesviesca.com\/blog\/wp-content\/uploads\/2017\/03\/2017-03-11-22.47.12.jpg?resize=300%2C190&amp;ssl=1 300w, https:\/\/i0.wp.com\/www.nievesviesca.com\/blog\/wp-content\/uploads\/2017\/03\/2017-03-11-22.47.12.jpg?resize=768%2C487&amp;ssl=1 768w, https:\/\/i0.wp.com\/www.nievesviesca.com\/blog\/wp-content\/uploads\/2017\/03\/2017-03-11-22.47.12.jpg?resize=1024%2C650&amp;ssl=1 1024w, https:\/\/i0.wp.com\/www.nievesviesca.com\/blog\/wp-content\/uploads\/2017\/03\/2017-03-11-22.47.12.jpg?w=1168&amp;ssl=1 1168w\" sizes=\"(max-width: 584px) 100vw, 584px\" data-recalc-dims=\"1\" \/><\/a><\/p>\n<h1 style=\"text-align: center;\"><span style=\"color: #000000;\"><strong><em>HALCONES<\/em><\/strong> de las palabras<\/span><\/h1>\n<p>&nbsp;<\/p>\n<p><a href=\"https:\/\/i0.wp.com\/www.nievesviesca.com\/blog\/wp-content\/uploads\/2017\/03\/2017-03-11-21.13.11.jpg?ssl=1\"><img decoding=\"async\" loading=\"lazy\" class=\"aligncenter wp-image-6141\" src=\"https:\/\/i0.wp.com\/www.nievesviesca.com\/blog\/wp-content\/uploads\/2017\/03\/2017-03-11-21.13.11.jpg?resize=584%2C457&#038;ssl=1\" alt=\"\" width=\"584\" height=\"457\" srcset=\"https:\/\/i0.wp.com\/www.nievesviesca.com\/blog\/wp-content\/uploads\/2017\/03\/2017-03-11-21.13.11.jpg?w=1437&amp;ssl=1 1437w, https:\/\/i0.wp.com\/www.nievesviesca.com\/blog\/wp-content\/uploads\/2017\/03\/2017-03-11-21.13.11.jpg?resize=300%2C235&amp;ssl=1 300w, https:\/\/i0.wp.com\/www.nievesviesca.com\/blog\/wp-content\/uploads\/2017\/03\/2017-03-11-21.13.11.jpg?resize=768%2C602&amp;ssl=1 768w, https:\/\/i0.wp.com\/www.nievesviesca.com\/blog\/wp-content\/uploads\/2017\/03\/2017-03-11-21.13.11.jpg?resize=1024%2C803&amp;ssl=1 1024w, https:\/\/i0.wp.com\/www.nievesviesca.com\/blog\/wp-content\/uploads\/2017\/03\/2017-03-11-21.13.11.jpg?w=1168&amp;ssl=1 1168w\" sizes=\"(max-width: 584px) 100vw, 584px\" data-recalc-dims=\"1\" \/><\/a><\/p>\n<p>&nbsp;<\/p>\n<p style=\"text-align: center;\"><span style=\"color: #000000;\">En<strong> Madrid<\/strong>, el pasado s\u00e1bado 11 de marzo tuvo lugar la conmemoraci\u00f3n del 14 Aniversario del <strong>Liceo Po\u00e9tico de Benidorm<\/strong> junto al VII Festival Internacional<strong> Grito de Mujer<\/strong><\/span><\/p>\n<p style=\"text-align: center;\"><span style=\"color: #000000;\">y el <strong>D\u00eda Mundial de la Poes\u00eda (UNESCO,<\/strong> 21 de marzo).<\/span><\/p>\n<p style=\"text-align: center;\"><span style=\"color: #000000;\">Un recital donde los poetas, el verso y la palabra se unieron para formar, en tonos corales, una misma voz, un mismo latir,<\/span><\/p>\n<p style=\"text-align: center;\"><span style=\"color: #000000;\">un mismo vuelo, para disfrute del p\u00fablico amigo del libro<\/span><\/p>\n<p style=\"text-align: center;\"><span style=\"color: #000000;\">y la buena literatura.<\/span><\/p>\n<p style=\"text-align: center;\"><a href=\"https:\/\/i0.wp.com\/www.nievesviesca.com\/blog\/wp-content\/uploads\/2017\/03\/Madrid-1.jpg?ssl=1\"><img decoding=\"async\" loading=\"lazy\" class=\"aligncenter wp-image-6142\" src=\"https:\/\/i0.wp.com\/www.nievesviesca.com\/blog\/wp-content\/uploads\/2017\/03\/Madrid-1.jpg?resize=584%2C438&#038;ssl=1\" alt=\"\" width=\"584\" height=\"438\" srcset=\"https:\/\/i0.wp.com\/www.nievesviesca.com\/blog\/wp-content\/uploads\/2017\/03\/Madrid-1.jpg?w=960&amp;ssl=1 960w, https:\/\/i0.wp.com\/www.nievesviesca.com\/blog\/wp-content\/uploads\/2017\/03\/Madrid-1.jpg?resize=300%2C225&amp;ssl=1 300w, https:\/\/i0.wp.com\/www.nievesviesca.com\/blog\/wp-content\/uploads\/2017\/03\/Madrid-1.jpg?resize=768%2C576&amp;ssl=1 768w\" sizes=\"(max-width: 584px) 100vw, 584px\" data-recalc-dims=\"1\" \/><\/a><\/p>\n","protected":false},"excerpt":{"rendered":"<p>HALCONES de las palabras &nbsp; &nbsp; En Madrid, el pasado s\u00e1bado 11 de marzo tuvo lugar la conmemoraci\u00f3n del 14 Aniversario del Liceo Po\u00e9tico de Benidorm junto al VII Festival Internacional Grito de Mujer y el D\u00eda Mundial de la &hellip; <a href=\"https:\/\/www.nievesviesca.com\/blog\/2017\/03\/14\/ecos-de-poesia-cv\/\">Sigue leyendo <span class=\"meta-nav\">&rarr;<\/span><\/a><\/p>\n","protected":false},"author":1,"featured_media":0,"comment_status":"open","ping_status":"open","sticky":false,"template":"","format":"standard","meta":{"_bbp_topic_count":0,"_bbp_reply_count":0,"_bbp_total_topic_count":0,"_bbp_total_reply_count":0,"_bbp_voice_count":0,"_bbp_anonymous_reply_count":0,"_bbp_topic_count_hidden":0,"_bbp_reply_count_hidden":0,"_bbp_forum_subforum_count":0,"om_disable_all_campaigns":false,"_monsterinsights_skip_tracking":false,"_monsterinsights_sitenote_active":false,"_monsterinsights_sitenote_note":"","_monsterinsights_sitenote_category":0,"jetpack_post_was_ever_published":false,"_jetpack_newsletter_access":"","_jetpack_newsletter_tier_id":0,"footnotes":"","jetpack_publicize_message":"","jetpack_is_tweetstorm":false,"jetpack_publicize_feature_enabled":true,"jetpack_social_post_already_shared":true,"jetpack_social_options":{"image_generator_settings":{"template":"highway","enabled":false}}},"categories":[4],"tags":[],"jetpack_publicize_connections":[],"aioseo_notices":[],"jetpack_featured_media_url":"","jetpack_sharing_enabled":true,"jetpack_shortlink":"https:\/\/wp.me\/p6xI8c-1B1","_links":{"self":[{"href":"https:\/\/www.nievesviesca.com\/blog\/wp-json\/wp\/v2\/posts\/6139"}],"collection":[{"href":"https:\/\/www.nievesviesca.com\/blog\/wp-json\/wp\/v2\/posts"}],"about":[{"href":"https:\/\/www.nievesviesca.com\/blog\/wp-json\/wp\/v2\/types\/post"}],"author":[{"embeddable":true,"href":"https:\/\/www.nievesviesca.com\/blog\/wp-json\/wp\/v2\/users\/1"}],"replies":[{"embeddable":true,"href":"https:\/\/www.nievesviesca.com\/blog\/wp-json\/wp\/v2\/comments?post=6139"}],"version-history":[{"count":6,"href":"https:\/\/www.nievesviesca.com\/blog\/wp-json\/wp\/v2\/posts\/6139\/revisions"}],"predecessor-version":[{"id":6148,"href":"https:\/\/www.nievesviesca.com\/blog\/wp-json\/wp\/v2\/posts\/6139\/revisions\/6148"}],"wp:attachment":[{"href":"https:\/\/www.nievesviesca.com\/blog\/wp-json\/wp\/v2\/media?parent=6139"}],"wp:term":[{"taxonomy":"category","embeddable":true,"href":"https:\/\/www.nievesviesca.com\/blog\/wp-json\/wp\/v2\/categories?post=6139"},{"taxonomy":"post_tag","embeddable":true,"href":"https:\/\/www.nievesviesca.com\/blog\/wp-json\/wp\/v2\/tags?post=6139"}],"curies":[{"name":"wp","href":"https:\/\/api.w.org\/{rel}","templated":true}]}}