{"id":6235,"date":"2017-04-22T17:07:59","date_gmt":"2017-04-22T15:07:59","guid":{"rendered":"http:\/\/www.nievesviesca.com\/blog\/?p=6235"},"modified":"2017-04-22T17:07:59","modified_gmt":"2017-04-22T15:07:59","slug":"ecos-de-poesia-cvii","status":"publish","type":"post","link":"https:\/\/www.nievesviesca.com\/blog\/2017\/04\/22\/ecos-de-poesia-cvii\/","title":{"rendered":"Ecos de Poes\u00eda (CVII)"},"content":{"rendered":"<h1 style=\"text-align: center;\"><span style=\"color: #000000;\"><strong>Palabras y sones al viento<\/strong><\/span><\/h1>\n<p>&nbsp;<\/p>\n<p>&nbsp;<\/p>\n<p><span style=\"color: #000000;\"><a href=\"https:\/\/i0.wp.com\/www.nievesviesca.com\/blog\/wp-content\/uploads\/2017\/04\/2017-04-18-21.31.01.jpg?ssl=1\"><img decoding=\"async\" loading=\"lazy\" class=\"aligncenter  wp-image-6258\" src=\"https:\/\/i0.wp.com\/www.nievesviesca.com\/blog\/wp-content\/uploads\/2017\/04\/2017-04-18-21.31.01.jpg?resize=584%2C304&#038;ssl=1\" alt=\"\" width=\"584\" height=\"304\" srcset=\"https:\/\/i0.wp.com\/www.nievesviesca.com\/blog\/wp-content\/uploads\/2017\/04\/2017-04-18-21.31.01.jpg?w=1541&amp;ssl=1 1541w, https:\/\/i0.wp.com\/www.nievesviesca.com\/blog\/wp-content\/uploads\/2017\/04\/2017-04-18-21.31.01.jpg?resize=300%2C157&amp;ssl=1 300w, https:\/\/i0.wp.com\/www.nievesviesca.com\/blog\/wp-content\/uploads\/2017\/04\/2017-04-18-21.31.01.jpg?resize=768%2C401&amp;ssl=1 768w, https:\/\/i0.wp.com\/www.nievesviesca.com\/blog\/wp-content\/uploads\/2017\/04\/2017-04-18-21.31.01.jpg?resize=1024%2C534&amp;ssl=1 1024w, https:\/\/i0.wp.com\/www.nievesviesca.com\/blog\/wp-content\/uploads\/2017\/04\/2017-04-18-21.31.01.jpg?w=1168&amp;ssl=1 1168w\" sizes=\"(max-width: 584px) 100vw, 584px\" data-recalc-dims=\"1\" \/><\/a><\/span><\/p>\n<p>&nbsp;<\/p>\n<p><span style=\"color: #000000;\">Con p\u00e1ginas de m\u00fasica, relatos y poemas la <span style=\"color: #ff0000;\">A<\/span>sociaci\u00f3n de <span style=\"color: #ff0000;\">E<\/span>scritores de<span style=\"color: #ff0000;\"> A<\/span>sturias ha querido sumarse a los actos conmemorativos del d\u00eda 23 de abril D\u00eda Internacional del Libro, organizando un recital en el Antiguo Instituto de Gij\u00f3n con:<\/span><\/p>\n<p style=\"text-align: center;\"><span style=\"color: #000000;\"><strong><em>Agust\u00edn Alonso Biscayar, Carmen Cabeza, Ignaciu Gal\u00e1n, Esther Garc\u00eda, Virginia Gil, Armando Murias, Antonio Merayo <\/em><\/strong>y<strong><em> Nieves Viesca, <\/em><\/strong>entre otros autores.<\/span><\/p>\n<p><span style=\"color: #000000;\">La m\u00fasica del cantautor <strong><em>Diego Carrera<\/em><\/strong> puso principio y fin a un acto con palabras y sones al viento.<\/span><\/p>\n<p>&nbsp;<\/p>\n<p><a href=\"https:\/\/i0.wp.com\/www.nievesviesca.com\/blog\/wp-content\/uploads\/2017\/04\/2017-04-18-20.18.58.jpg?ssl=1\"><img decoding=\"async\" loading=\"lazy\" class=\"wp-image-6237 alignleft\" src=\"https:\/\/i0.wp.com\/www.nievesviesca.com\/blog\/wp-content\/uploads\/2017\/04\/2017-04-18-20.18.58.jpg?resize=236%2C188&#038;ssl=1\" alt=\"\" width=\"236\" height=\"188\" srcset=\"https:\/\/i0.wp.com\/www.nievesviesca.com\/blog\/wp-content\/uploads\/2017\/04\/2017-04-18-20.18.58.jpg?w=1536&amp;ssl=1 1536w, https:\/\/i0.wp.com\/www.nievesviesca.com\/blog\/wp-content\/uploads\/2017\/04\/2017-04-18-20.18.58.jpg?resize=300%2C239&amp;ssl=1 300w, https:\/\/i0.wp.com\/www.nievesviesca.com\/blog\/wp-content\/uploads\/2017\/04\/2017-04-18-20.18.58.jpg?resize=768%2C612&amp;ssl=1 768w, https:\/\/i0.wp.com\/www.nievesviesca.com\/blog\/wp-content\/uploads\/2017\/04\/2017-04-18-20.18.58.jpg?resize=1024%2C816&amp;ssl=1 1024w, https:\/\/i0.wp.com\/www.nievesviesca.com\/blog\/wp-content\/uploads\/2017\/04\/2017-04-18-20.18.58.jpg?w=1168&amp;ssl=1 1168w\" sizes=\"(max-width: 236px) 100vw, 236px\" data-recalc-dims=\"1\" \/><\/a><a href=\"https:\/\/i0.wp.com\/www.nievesviesca.com\/blog\/wp-content\/uploads\/2017\/04\/ANT.-INSTIT..jpg?ssl=1\"><img decoding=\"async\" loading=\"lazy\" class=\"aligncenter wp-image-6242\" src=\"https:\/\/i0.wp.com\/www.nievesviesca.com\/blog\/wp-content\/uploads\/2017\/04\/ANT.-INSTIT..jpg?resize=315%2C205&#038;ssl=1\" alt=\"\" width=\"315\" height=\"205\" srcset=\"https:\/\/i0.wp.com\/www.nievesviesca.com\/blog\/wp-content\/uploads\/2017\/04\/ANT.-INSTIT..jpg?w=1600&amp;ssl=1 1600w, https:\/\/i0.wp.com\/www.nievesviesca.com\/blog\/wp-content\/uploads\/2017\/04\/ANT.-INSTIT..jpg?resize=300%2C196&amp;ssl=1 300w, https:\/\/i0.wp.com\/www.nievesviesca.com\/blog\/wp-content\/uploads\/2017\/04\/ANT.-INSTIT..jpg?resize=768%2C501&amp;ssl=1 768w, https:\/\/i0.wp.com\/www.nievesviesca.com\/blog\/wp-content\/uploads\/2017\/04\/ANT.-INSTIT..jpg?resize=1024%2C668&amp;ssl=1 1024w, https:\/\/i0.wp.com\/www.nievesviesca.com\/blog\/wp-content\/uploads\/2017\/04\/ANT.-INSTIT..jpg?w=1168&amp;ssl=1 1168w\" sizes=\"(max-width: 315px) 100vw, 315px\" data-recalc-dims=\"1\" \/><\/a><\/p>\n<p>&nbsp;<\/p>\n<p>&nbsp;<\/p>\n","protected":false},"excerpt":{"rendered":"<p>Palabras y sones al viento &nbsp; &nbsp; &nbsp; Con p\u00e1ginas de m\u00fasica, relatos y poemas la Asociaci\u00f3n de Escritores de Asturias ha querido sumarse a los actos conmemorativos del d\u00eda 23 de abril D\u00eda Internacional del Libro, organizando un recital &hellip; <a href=\"https:\/\/www.nievesviesca.com\/blog\/2017\/04\/22\/ecos-de-poesia-cvii\/\">Sigue leyendo <span class=\"meta-nav\">&rarr;<\/span><\/a><\/p>\n","protected":false},"author":1,"featured_media":0,"comment_status":"open","ping_status":"open","sticky":false,"template":"","format":"standard","meta":{"_bbp_topic_count":0,"_bbp_reply_count":0,"_bbp_total_topic_count":0,"_bbp_total_reply_count":0,"_bbp_voice_count":0,"_bbp_anonymous_reply_count":0,"_bbp_topic_count_hidden":0,"_bbp_reply_count_hidden":0,"_bbp_forum_subforum_count":0,"om_disable_all_campaigns":false,"_monsterinsights_skip_tracking":false,"_monsterinsights_sitenote_active":false,"_monsterinsights_sitenote_note":"","_monsterinsights_sitenote_category":0,"jetpack_post_was_ever_published":false,"_jetpack_newsletter_access":"","_jetpack_newsletter_tier_id":0,"footnotes":"","jetpack_publicize_message":"","jetpack_is_tweetstorm":false,"jetpack_publicize_feature_enabled":true,"jetpack_social_post_already_shared":true,"jetpack_social_options":{"image_generator_settings":{"template":"highway","enabled":false}}},"categories":[4],"tags":[],"jetpack_publicize_connections":[],"aioseo_notices":[],"jetpack_featured_media_url":"","jetpack_sharing_enabled":true,"jetpack_shortlink":"https:\/\/wp.me\/p6xI8c-1Cz","_links":{"self":[{"href":"https:\/\/www.nievesviesca.com\/blog\/wp-json\/wp\/v2\/posts\/6235"}],"collection":[{"href":"https:\/\/www.nievesviesca.com\/blog\/wp-json\/wp\/v2\/posts"}],"about":[{"href":"https:\/\/www.nievesviesca.com\/blog\/wp-json\/wp\/v2\/types\/post"}],"author":[{"embeddable":true,"href":"https:\/\/www.nievesviesca.com\/blog\/wp-json\/wp\/v2\/users\/1"}],"replies":[{"embeddable":true,"href":"https:\/\/www.nievesviesca.com\/blog\/wp-json\/wp\/v2\/comments?post=6235"}],"version-history":[{"count":13,"href":"https:\/\/www.nievesviesca.com\/blog\/wp-json\/wp\/v2\/posts\/6235\/revisions"}],"predecessor-version":[{"id":6263,"href":"https:\/\/www.nievesviesca.com\/blog\/wp-json\/wp\/v2\/posts\/6235\/revisions\/6263"}],"wp:attachment":[{"href":"https:\/\/www.nievesviesca.com\/blog\/wp-json\/wp\/v2\/media?parent=6235"}],"wp:term":[{"taxonomy":"category","embeddable":true,"href":"https:\/\/www.nievesviesca.com\/blog\/wp-json\/wp\/v2\/categories?post=6235"},{"taxonomy":"post_tag","embeddable":true,"href":"https:\/\/www.nievesviesca.com\/blog\/wp-json\/wp\/v2\/tags?post=6235"}],"curies":[{"name":"wp","href":"https:\/\/api.w.org\/{rel}","templated":true}]}}