{"id":628,"date":"2011-04-11T22:02:38","date_gmt":"2011-04-11T20:02:38","guid":{"rendered":"http:\/\/www.nievesviesca.com\/blog\/?p=628"},"modified":"2011-05-11T13:34:31","modified_gmt":"2011-05-11T11:34:31","slug":"el-alba-de-los-libros-2","status":"publish","type":"post","link":"https:\/\/www.nievesviesca.com\/blog\/2011\/04\/11\/el-alba-de-los-libros-2\/","title":{"rendered":"EL ALBA DE LOS LIBROS"},"content":{"rendered":"<p><a href=\"https:\/\/i0.wp.com\/www.nievesviesca.com\/blog\/wp-content\/uploads\/2011\/04\/EL-ALBA-DE-LOS-LIBROS.jpg?ssl=1\"><img decoding=\"async\" loading=\"lazy\" class=\"aligncenter size-medium wp-image-630\" title=\"EL ALBA DE LOS LIBROS\" src=\"https:\/\/i0.wp.com\/www.nievesviesca.com\/blog\/wp-content\/uploads\/2011\/04\/EL-ALBA-DE-LOS-LIBROS.jpg?resize=300%2C153&#038;ssl=1\" alt=\"\" width=\"300\" height=\"153\" srcset=\"https:\/\/i0.wp.com\/www.nievesviesca.com\/blog\/wp-content\/uploads\/2011\/04\/EL-ALBA-DE-LOS-LIBROS.jpg?resize=300%2C153&amp;ssl=1 300w, https:\/\/i0.wp.com\/www.nievesviesca.com\/blog\/wp-content\/uploads\/2011\/04\/EL-ALBA-DE-LOS-LIBROS.jpg?w=708&amp;ssl=1 708w\" sizes=\"(max-width: 300px) 100vw, 300px\" data-recalc-dims=\"1\" \/><\/a><\/p>\n<h3 style=\"text-align: center;\">Indignaos<\/h3>\n<h3 style=\"text-align: center;\">con<\/h3>\n<h1 style=\"text-align: center;\"><strong><br \/>\n<\/strong><\/h1>\n<h1 style=\"text-align: center;\"><strong><em>\u00a1Indignaos!<\/em><\/strong><\/h1>\n<h2 style=\"text-align: center;\"><em>de<\/em><\/h2>\n<h3 style=\"text-align: center;\"><strong>St\u00e9phane Hessel<\/strong><em> <\/em><\/h3>\n<p><em><br \/>\n<\/em><\/p>\n<p style=\"text-align: justify;\">Dec\u00eda Pedro Salinas en <strong><em>Aprecio y defensa del lenguaje<\/em><\/strong> que \u201c<em>no habr\u00e1 ser humano completo, es decir, que se conozca y se d\u00e9 a conocer, sin un grado avanzado de posesi\u00f3n del lenguaje\u201d.<\/em> En la actualidad \u00bfpuede el individuo explicarse a s\u00ed mismo? En verdad se le deja que comprenda lo que lleva dentro, su circunstancia y cuanto le rodea si se nos muestran las ideas desde \u00a0la manca y tullida expresi\u00f3n de un imperativo mensaje\/titular, transformado con\u00a0 lectura posterior en coja y panfletaria palabra?<\/p>\n<p style=\"text-align: center;\"><a href=\"https:\/\/i0.wp.com\/www.nievesviesca.com\/blog\/wp-content\/uploads\/2011\/04\/indignaos.jpg?ssl=1\"><img decoding=\"async\" loading=\"lazy\" class=\"size-thumbnail wp-image-629    aligncenter\" title=\"indignaos\" src=\"https:\/\/i0.wp.com\/www.nievesviesca.com\/blog\/wp-content\/uploads\/2011\/04\/indignaos.jpg?resize=157%2C169&#038;ssl=1\" alt=\"\" width=\"157\" height=\"169\" data-recalc-dims=\"1\" \/><\/a><\/p>\n<p style=\"text-align: justify;\">A trav\u00e9s de las columnas literarias de peri\u00f3dicos, revistas y culturales nos anunciaron a bombo y platillo el fen\u00f3meno editorial \u00a1Indignaos!, un best seller nacido en el pa\u00eds galo con m\u00e1s de un mill\u00f3n de ejemplares vendidos en apenas cuatro meses. Algo verdaderamente meritorio si tenemos en cuenta que el libro (de apenas 30 p\u00e1ginas) es un manifiesto pol\u00edtico, \u201c<em>Un alegato contra la indiferencia y a favor de la insurrecci\u00f3n pac\u00edfica\u201d. <\/em><\/p>\n<p style=\"text-align: justify;\">Su autor St\u00e9phane Hessel de 93 a\u00f1os, miembro de La Resistencia francesa, superviviente de Buchenwald, militante a favor de la independencia argelina y defensor de la causa palestina, este eterno luchador \u00fanico redactor a\u00fan vivo de la Declaraci\u00f3n Universal de los Derechos Humanos de 1948 parec\u00eda, en principio, saber lo que se hac\u00eda cuando en un librito (con\u00a0 simb\u00f3lico precio en Espa\u00f1a de 5 euros y pr\u00f3logo de Jos\u00e9 Luis Sampedro) incitaba a los j\u00f3venes <em>de esa generaci\u00f3n<\/em> <em>acomodada<\/em> o <em>dejada <\/em>para que emprendieran la revoluci\u00f3n pac\u00edfica, <em>para que digan \u201cno\u201d <\/em>se desperecen y cambien la indiferencia por la indignaci\u00f3n<em> <\/em>activa<em> \u201cpues se est\u00e1n jugando su libertad y los valores humanos\u201d<\/em>.<\/p>\n<p style=\"text-align: justify;\">Creadas las expectativas y una vez comprado y le\u00eddo el libro, una lluvia de ansiosos lectores dispuestos por fin a indignarse con savia y total entrega, abren los cuadernos de las redes sociales para comentar su desilusi\u00f3n; las fisuras de un discurso cuando menos vago y decepcionante no se hicieron esperar ya que, todo el contenido del libro de Hessel m\u00e1s que una obra literaria parece un art\u00edculo de opini\u00f3n donde, no s\u00f3lo no se aporta nada nuevo para el impacto real en la vida efectiva de los j\u00f3venes y no tan j\u00f3venes, sino que todo su alegato lo lleva adelante \u2013y esto quiz\u00e1 sea lo m\u00e1s preocupante- con infantil abundancia de pobreza.<\/p>\n<p style=\"text-align: justify;\">Quien les escribe se pregunta \u00bfa qui\u00e9n va dirigido realmente ese \u00a1Indignaos!? Para qu\u00e9 l\u00e9xico mental, qu\u00e9 perfil de la sociedad, qu\u00e9 joven?<\/p>\n<p style=\"text-align: justify;\">Acaso para quien no vive por entero, no sabe encontrarse o no saben encontrarle porque NI estudia NI trabaja ni lee un peri\u00f3dico por que \u2018t\u00e1 muy \u201cagustito\u201d viendo en la tele grandes hermanos o peque\u00f1as belenes?\u00a0 O tal vez para esos pobres del mundo occidental siempre tan \u201cocupaos\u201d de consumir como \u201calienaos\u201d? O ser\u00e1 m\u00e1s bien este \u00a1Indignaos! esta pueril defensa a favor de la \u201csuperindignaci\u00f3n\u201d (en nuestro idioma te CA<strong>r<\/strong>GAS una ERRE y descubres todo un paisaje y paisanaje de tonalidades marrones) \u2018pa los educaos espabilaos en filas de paraos?\u2019<\/p>\n<p style=\"text-align: justify;\">Por favor, seamos serios: en un presente de imperativo social donde doctores como Frank Luntz consultor pol\u00edtico y entrenador de los l\u00edderes republicanos en EE UU, alecciona con gr\u00e1fico realismo en <em>LA PALABRA ES<\/em><em> PODER<\/em> (casi 500 p\u00e1ginas) sobre los peligros ling\u00fc\u00edsticos que nos acechan no s\u00f3lo ya en tiempo de elecciones, donde en vez de coche usado se aconseja que nos acostumbremos a decir \u2018<em>veh\u00edculo con due\u00f1o anterior<\/em>\u2019 y, cuando pretendamos pedirle un aumento de sueldo a nuestro jefe conviene decirle al bueno de nuestro patr\u00f3n: \u2018<em>Imag\u00ednese si<\/em>\u2026\u2019 es decir dialectica<em>mente<\/em> hagamos que comprenda las nefastas consecuencias que sufrir\u00e1 su negocio si no nos sube el sueldo; cuando, en suma, se pueden decir todas las mentiras que se quieran con tal\u00a0 de que la gente las entienda como verdades\u2026 esperar que mediocres estudiantes de la ESO o licenciados universitarios desempe\u00f1ando trabajos muy por debajo de su cualificaci\u00f3n profesional y \u2013lamentable<em>mente-<\/em> sumidos ya en la cotidiana mezquindad de este siglo XXI, encuentren razones para \u201c<em>coged el relevo,<\/em> <em>\u00a1Indignaos<\/em>!<em>\u201d<\/em>, es un fracaso no ya de invalidez caduca sino un no expresarse, un no vivirse, un absurdo avanzar a trompicones o, en palabras de Pedro Salinas: \u201cA<em>ndar como un baldado incapaz casi de moverse entre\u00a0 pensamientos\u201d. <\/em><\/p>\n<p style=\"text-align: justify;\"><a href=\"http:\/\/www.escritoresdeasturias.es\/literarias\/firmas-y-opinion\/indignaos-con-indignaos-por-nieves-viesca-10052011.html\">http:\/\/www.escritoresdeasturias.es\/literarias\/firmas-y-opinion\/indignaos-con-indignaos-por-nieves-viesca-10052011.html<\/a><\/p>\n","protected":false},"excerpt":{"rendered":"<p>Indignaos con \u00a1Indignaos! de St\u00e9phane Hessel Dec\u00eda Pedro Salinas en Aprecio y defensa del lenguaje que \u201cno habr\u00e1 ser humano completo, es decir, que se conozca y se d\u00e9 a conocer, sin un grado avanzado de posesi\u00f3n del lenguaje\u201d. En &hellip; <a href=\"https:\/\/www.nievesviesca.com\/blog\/2011\/04\/11\/el-alba-de-los-libros-2\/\">Sigue leyendo <span class=\"meta-nav\">&rarr;<\/span><\/a><\/p>\n","protected":false},"author":2,"featured_media":0,"comment_status":"open","ping_status":"open","sticky":false,"template":"","format":"standard","meta":{"_bbp_topic_count":0,"_bbp_reply_count":0,"_bbp_total_topic_count":0,"_bbp_total_reply_count":0,"_bbp_voice_count":0,"_bbp_anonymous_reply_count":0,"_bbp_topic_count_hidden":0,"_bbp_reply_count_hidden":0,"_bbp_forum_subforum_count":0,"om_disable_all_campaigns":false,"_monsterinsights_skip_tracking":false,"_monsterinsights_sitenote_active":false,"_monsterinsights_sitenote_note":"","_monsterinsights_sitenote_category":0,"jetpack_post_was_ever_published":false,"_jetpack_newsletter_access":"","_jetpack_newsletter_tier_id":0,"footnotes":"","jetpack_publicize_message":"","jetpack_is_tweetstorm":false,"jetpack_publicize_feature_enabled":true,"jetpack_social_post_already_shared":false,"jetpack_social_options":{"image_generator_settings":{"template":"highway","enabled":false}}},"categories":[10],"tags":[],"jetpack_publicize_connections":[],"aioseo_notices":[],"jetpack_featured_media_url":"","jetpack_sharing_enabled":true,"jetpack_shortlink":"https:\/\/wp.me\/p6xI8c-a8","_links":{"self":[{"href":"https:\/\/www.nievesviesca.com\/blog\/wp-json\/wp\/v2\/posts\/628"}],"collection":[{"href":"https:\/\/www.nievesviesca.com\/blog\/wp-json\/wp\/v2\/posts"}],"about":[{"href":"https:\/\/www.nievesviesca.com\/blog\/wp-json\/wp\/v2\/types\/post"}],"author":[{"embeddable":true,"href":"https:\/\/www.nievesviesca.com\/blog\/wp-json\/wp\/v2\/users\/2"}],"replies":[{"embeddable":true,"href":"https:\/\/www.nievesviesca.com\/blog\/wp-json\/wp\/v2\/comments?post=628"}],"version-history":[{"count":13,"href":"https:\/\/www.nievesviesca.com\/blog\/wp-json\/wp\/v2\/posts\/628\/revisions"}],"predecessor-version":[{"id":703,"href":"https:\/\/www.nievesviesca.com\/blog\/wp-json\/wp\/v2\/posts\/628\/revisions\/703"}],"wp:attachment":[{"href":"https:\/\/www.nievesviesca.com\/blog\/wp-json\/wp\/v2\/media?parent=628"}],"wp:term":[{"taxonomy":"category","embeddable":true,"href":"https:\/\/www.nievesviesca.com\/blog\/wp-json\/wp\/v2\/categories?post=628"},{"taxonomy":"post_tag","embeddable":true,"href":"https:\/\/www.nievesviesca.com\/blog\/wp-json\/wp\/v2\/tags?post=628"}],"curies":[{"name":"wp","href":"https:\/\/api.w.org\/{rel}","templated":true}]}}