{"id":656,"date":"2011-04-27T00:36:17","date_gmt":"2011-04-26T22:36:17","guid":{"rendered":"http:\/\/www.nievesviesca.com\/blog\/?p=656"},"modified":"2011-04-27T00:47:31","modified_gmt":"2011-04-26T22:47:31","slug":"lectura-de-varios-autores","status":"publish","type":"post","link":"https:\/\/www.nievesviesca.com\/blog\/2011\/04\/27\/lectura-de-varios-autores\/","title":{"rendered":"LECTURA DE VARIOS AUTORES"},"content":{"rendered":"<p style=\"text-align: center;\"><a href=\"https:\/\/i0.wp.com\/www.nievesviesca.com\/blog\/wp-content\/uploads\/2011\/04\/EL-ALBA-DE-LOS-LIBROS2.jpg?ssl=1\"><img decoding=\"async\" loading=\"lazy\" class=\"size-medium wp-image-657   aligncenter\" title=\"EL ALBA DE LOS LIBROS\" src=\"https:\/\/i0.wp.com\/www.nievesviesca.com\/blog\/wp-content\/uploads\/2011\/04\/EL-ALBA-DE-LOS-LIBROS2.jpg?resize=300%2C153&#038;ssl=1\" alt=\"\" width=\"300\" height=\"153\" srcset=\"https:\/\/i0.wp.com\/www.nievesviesca.com\/blog\/wp-content\/uploads\/2011\/04\/EL-ALBA-DE-LOS-LIBROS2.jpg?resize=300%2C153&amp;ssl=1 300w, https:\/\/i0.wp.com\/www.nievesviesca.com\/blog\/wp-content\/uploads\/2011\/04\/EL-ALBA-DE-LOS-LIBROS2.jpg?w=708&amp;ssl=1 708w\" sizes=\"(max-width: 300px) 100vw, 300px\" data-recalc-dims=\"1\" \/><\/a><\/p>\n<h2 style=\"text-align: center;\"><a href=\"http:\/\/joaquindelrio.blogspot.com\/2011\/04\/dia-del-libro-en-la-cervantes.html\">D\u00eda del Libro, en la librer\u00eda Cervantes<\/a><\/h2>\n<p style=\"text-align: center;\">\u00a0<\/p>\n<h3 style=\"text-align: center;\">\u00a0PROGRAMA DE LECTURA DE\u00a0LOS AUTORES A LO LARGO DE TODA LA JORNADA<\/h3>\n<div>\u00a0<\/p>\n<div><span style=\"text-decoration: underline;\"><strong>MA\u00d1ANA<\/p>\n<p><\/strong><\/span>11-11.15<\/div>\n<div>CARMEN GONZ\u00c1LEZ CASAL<br \/>\nNACHO S\u00c1NCHEZ VICENTE<\/p>\n<p>11.15-11.30<\/p><\/div>\n<div>FERNANDO MEN\u00c9NDEZ<br \/>\nSA\u00daL FERN\u00c1NDEZ<\/p>\n<p>11.45-12<\/p><\/div>\n<div>JAVIER GARC\u00cdA CELLINO<br \/>\nBLANCA \u00c1LVAREZ<\/p>\n<p>12-12.15<\/p><\/div>\n<div>JOS\u00c9 LUIS GARC\u00cdA MART\u00cdN<br \/>\nNIEVES VIESCA<\/p>\n<p>12.15-12.30<\/p><\/div>\n<div>PELAYO FUEYO<br \/>\nLETICIA S\u00c1NCHEZ<\/p>\n<p>12.30-12.45<\/p><\/div>\n<div>GUILLERMO DEL POZO<br \/>\nDAVID SERNA<\/p>\n<p>12.45-13<\/p><\/div>\n<div>ANA VANESSA GUTI\u00c9RREZ<br \/>\nPEDRO ANTONIO CURTO<\/p>\n<p>13.15-13.30<\/p><\/div>\n<div>PEPE MONTESER\u00cdN<br \/>\nMOIS\u00c9S MORI<br \/>\nLUZ PONT\u00d3N<br \/>\n13.30-13.45<\/p>\n<div>PILAR S\u00c1NCHEZ VICENTE<br \/>\nARMANDO MURIAS<\/p>\n<p>13.45-14<\/p><\/div>\n<div>CARLOS IGLESIAS<br \/>\nRODRIGO OLAY<\/p>\n<p>14.00<\/p><\/div>\n<div>ARTURO ZAPICO<\/p>\n<p><span style=\"text-decoration: underline;\"><strong>TARDE<\/strong><\/span><\/p>\n<p>17-17.15<\/p><\/div>\n<div>MIGUEL ROJO<br \/>\nJOS\u00c9 ANTONIO ORDIZ<\/p>\n<p>17.15-17.30<\/p><\/div>\n<div>ANA VEGA<br \/>\nHELENA NIETO<\/p>\n<p>17.30-17.45<\/p><\/div>\n<div>LUIS ARIAS ARG\u00dcELLES-MERES<br \/>\nROSARIO NEIRA<\/p>\n<p>18-18.15<\/p><\/div>\n<div>FULGENCIO ARG\u00dcELLES<br \/>\nMIGUEL MINGOTES<\/p>\n<p>18.15-18.30<\/p><\/div>\n<div>OVIDIO DEL MORAL<br \/>\nCARMEN SU\u00c1REZ TRAPIELLO<br \/>\nCELSA MU\u00d1IZ<br \/>\nJOS\u00c9 RAM\u00d3N L\u00d3PEZ GOYOS<\/p>\n<p>18.30-18.45<\/p><\/div>\n<div>JORGE ORDAZ<br \/>\nMARIANO ARIAS<\/p>\n<p>18.45-19.00<\/p><\/div>\n<div>EDGAR BORGES<br \/>\nERNESTO COLSA<\/p>\n<p>19-19.15<\/p><\/div>\n<div>FERNANDO FONSECA<br \/>\nEUSEBIO RUIZ<\/p>\n<p>19.15-19.30<\/p><\/div>\n<div>MIGUEL \u00c1NGEL CABALLERO<br \/>\nIGNACIO ABELLA<\/p>\n<p>19.30-19.45<\/p><\/div>\n<div>MANUEL GARC\u00cdA RUBIO<br \/>\nJOS\u00c9 LUIS L\u00d3PEZ FERN\u00c1NDEZ<\/p>\n<p>19.45-20,00<\/p><\/div>\n<div>TOM\u00c1S D\u00cdAZ<br \/>\nJUANJO BARRAL<\/p>\n<p>20-20.15<\/p><\/div>\n<div>MANUEL HERRERO MONTOTO<br \/>\nESPERANZA MEDINA<\/p>\n<p>20.30-20.45<\/p><\/div>\n<div>JAVIER LASHERAS<br \/>\nRICARDO LABRA<\/div>\n<\/div>\n<\/div>\n","protected":false},"excerpt":{"rendered":"<p>D\u00eda del Libro, en la librer\u00eda Cervantes \u00a0 \u00a0PROGRAMA DE LECTURA DE\u00a0LOS AUTORES A LO LARGO DE TODA LA JORNADA \u00a0 MA\u00d1ANA 11-11.15 CARMEN GONZ\u00c1LEZ CASAL NACHO S\u00c1NCHEZ VICENTE 11.15-11.30 FERNANDO MEN\u00c9NDEZ SA\u00daL FERN\u00c1NDEZ 11.45-12 JAVIER GARC\u00cdA CELLINO BLANCA \u00c1LVAREZ &hellip; <a href=\"https:\/\/www.nievesviesca.com\/blog\/2011\/04\/27\/lectura-de-varios-autores\/\">Sigue leyendo <span class=\"meta-nav\">&rarr;<\/span><\/a><\/p>\n","protected":false},"author":2,"featured_media":0,"comment_status":"open","ping_status":"open","sticky":false,"template":"","format":"standard","meta":{"_bbp_topic_count":0,"_bbp_reply_count":0,"_bbp_total_topic_count":0,"_bbp_total_reply_count":0,"_bbp_voice_count":0,"_bbp_anonymous_reply_count":0,"_bbp_topic_count_hidden":0,"_bbp_reply_count_hidden":0,"_bbp_forum_subforum_count":0,"om_disable_all_campaigns":false,"_monsterinsights_skip_tracking":false,"_monsterinsights_sitenote_active":false,"_monsterinsights_sitenote_note":"","_monsterinsights_sitenote_category":0,"jetpack_post_was_ever_published":false,"_jetpack_newsletter_access":"","_jetpack_newsletter_tier_id":0,"footnotes":"","jetpack_publicize_message":"","jetpack_is_tweetstorm":false,"jetpack_publicize_feature_enabled":true,"jetpack_social_post_already_shared":false,"jetpack_social_options":{"image_generator_settings":{"template":"highway","enabled":false}}},"categories":[10],"tags":[],"jetpack_publicize_connections":[],"aioseo_notices":[],"jetpack_featured_media_url":"","jetpack_sharing_enabled":true,"jetpack_shortlink":"https:\/\/wp.me\/p6xI8c-aA","_links":{"self":[{"href":"https:\/\/www.nievesviesca.com\/blog\/wp-json\/wp\/v2\/posts\/656"}],"collection":[{"href":"https:\/\/www.nievesviesca.com\/blog\/wp-json\/wp\/v2\/posts"}],"about":[{"href":"https:\/\/www.nievesviesca.com\/blog\/wp-json\/wp\/v2\/types\/post"}],"author":[{"embeddable":true,"href":"https:\/\/www.nievesviesca.com\/blog\/wp-json\/wp\/v2\/users\/2"}],"replies":[{"embeddable":true,"href":"https:\/\/www.nievesviesca.com\/blog\/wp-json\/wp\/v2\/comments?post=656"}],"version-history":[{"count":5,"href":"https:\/\/www.nievesviesca.com\/blog\/wp-json\/wp\/v2\/posts\/656\/revisions"}],"predecessor-version":[{"id":660,"href":"https:\/\/www.nievesviesca.com\/blog\/wp-json\/wp\/v2\/posts\/656\/revisions\/660"}],"wp:attachment":[{"href":"https:\/\/www.nievesviesca.com\/blog\/wp-json\/wp\/v2\/media?parent=656"}],"wp:term":[{"taxonomy":"category","embeddable":true,"href":"https:\/\/www.nievesviesca.com\/blog\/wp-json\/wp\/v2\/categories?post=656"},{"taxonomy":"post_tag","embeddable":true,"href":"https:\/\/www.nievesviesca.com\/blog\/wp-json\/wp\/v2\/tags?post=656"}],"curies":[{"name":"wp","href":"https:\/\/api.w.org\/{rel}","templated":true}]}}