{"id":6561,"date":"2017-06-19T14:33:04","date_gmt":"2017-06-19T12:33:04","guid":{"rendered":"http:\/\/www.nievesviesca.com\/blog\/?p=6561"},"modified":"2017-06-19T14:33:04","modified_gmt":"2017-06-19T12:33:04","slug":"ecos-de-poesia-cxiv","status":"publish","type":"post","link":"https:\/\/www.nievesviesca.com\/blog\/2017\/06\/19\/ecos-de-poesia-cxiv\/","title":{"rendered":"Ecos de Poes\u00eda (CXIV)"},"content":{"rendered":"<p>&nbsp;<\/p>\n<h1 style=\"text-align: center;\"><span style=\"color: #000000;\"><strong>A la LUZ de los versos<\/strong><\/span><\/h1>\n<p>&nbsp;<\/p>\n<p>&nbsp;<\/p>\n<p><a href=\"https:\/\/i0.wp.com\/www.nievesviesca.com\/blog\/wp-content\/uploads\/2017\/06\/2017-06-17-21.51.32.jpg?ssl=1\"><img decoding=\"async\" loading=\"lazy\" class=\"wp-image-6562 alignleft\" src=\"https:\/\/i0.wp.com\/www.nievesviesca.com\/blog\/wp-content\/uploads\/2017\/06\/2017-06-17-21.51.32.jpg?resize=255%2C184&#038;ssl=1\" alt=\"\" width=\"255\" height=\"184\" srcset=\"https:\/\/i0.wp.com\/www.nievesviesca.com\/blog\/wp-content\/uploads\/2017\/06\/2017-06-17-21.51.32.jpg?w=1600&amp;ssl=1 1600w, https:\/\/i0.wp.com\/www.nievesviesca.com\/blog\/wp-content\/uploads\/2017\/06\/2017-06-17-21.51.32.jpg?resize=300%2C217&amp;ssl=1 300w, https:\/\/i0.wp.com\/www.nievesviesca.com\/blog\/wp-content\/uploads\/2017\/06\/2017-06-17-21.51.32.jpg?resize=768%2C556&amp;ssl=1 768w, https:\/\/i0.wp.com\/www.nievesviesca.com\/blog\/wp-content\/uploads\/2017\/06\/2017-06-17-21.51.32.jpg?resize=1024%2C741&amp;ssl=1 1024w, https:\/\/i0.wp.com\/www.nievesviesca.com\/blog\/wp-content\/uploads\/2017\/06\/2017-06-17-21.51.32.jpg?w=1168&amp;ssl=1 1168w\" sizes=\"(max-width: 255px) 100vw, 255px\" data-recalc-dims=\"1\" \/><\/a><a href=\"https:\/\/i0.wp.com\/www.nievesviesca.com\/blog\/wp-content\/uploads\/2017\/06\/2017-06-17-21.31.39.jpg?ssl=1\"><img decoding=\"async\" loading=\"lazy\" class=\"wp-image-6563 alignright\" src=\"https:\/\/i0.wp.com\/www.nievesviesca.com\/blog\/wp-content\/uploads\/2017\/06\/2017-06-17-21.31.39.jpg?resize=253%2C206&#038;ssl=1\" alt=\"\" width=\"253\" height=\"206\" srcset=\"https:\/\/i0.wp.com\/www.nievesviesca.com\/blog\/wp-content\/uploads\/2017\/06\/2017-06-17-21.31.39.jpg?w=1416&amp;ssl=1 1416w, https:\/\/i0.wp.com\/www.nievesviesca.com\/blog\/wp-content\/uploads\/2017\/06\/2017-06-17-21.31.39.jpg?resize=300%2C244&amp;ssl=1 300w, https:\/\/i0.wp.com\/www.nievesviesca.com\/blog\/wp-content\/uploads\/2017\/06\/2017-06-17-21.31.39.jpg?resize=768%2C625&amp;ssl=1 768w, https:\/\/i0.wp.com\/www.nievesviesca.com\/blog\/wp-content\/uploads\/2017\/06\/2017-06-17-21.31.39.jpg?resize=1024%2C833&amp;ssl=1 1024w, https:\/\/i0.wp.com\/www.nievesviesca.com\/blog\/wp-content\/uploads\/2017\/06\/2017-06-17-21.31.39.jpg?w=1168&amp;ssl=1 1168w\" sizes=\"(max-width: 253px) 100vw, 253px\" data-recalc-dims=\"1\" \/><\/a><\/p>\n<p>&nbsp;<\/p>\n<p>&nbsp;<\/p>\n<p>&nbsp;<\/p>\n<p>&nbsp;<\/p>\n<p>&nbsp;<\/p>\n<p>&nbsp;<\/p>\n<h1 style=\"text-align: center;\"><\/h1>\n<h1 style=\"text-align: left;\"><span style=\"color: #000000;\"><strong>De <em>\u201cEl T\u00fanel y los D\u00edas\u201d<\/em><\/strong><\/span><\/h1>\n<p><a href=\"https:\/\/i0.wp.com\/www.nievesviesca.com\/blog\/wp-content\/uploads\/2017\/06\/2017-06-17-21.56.30.jpg?ssl=1\"><img decoding=\"async\" loading=\"lazy\" class=\"wp-image-6564 alignleft\" src=\"https:\/\/i0.wp.com\/www.nievesviesca.com\/blog\/wp-content\/uploads\/2017\/06\/2017-06-17-21.56.30.jpg?resize=252%2C168&#038;ssl=1\" alt=\"\" width=\"252\" height=\"168\" srcset=\"https:\/\/i0.wp.com\/www.nievesviesca.com\/blog\/wp-content\/uploads\/2017\/06\/2017-06-17-21.56.30.jpg?w=1600&amp;ssl=1 1600w, https:\/\/i0.wp.com\/www.nievesviesca.com\/blog\/wp-content\/uploads\/2017\/06\/2017-06-17-21.56.30.jpg?resize=300%2C199&amp;ssl=1 300w, https:\/\/i0.wp.com\/www.nievesviesca.com\/blog\/wp-content\/uploads\/2017\/06\/2017-06-17-21.56.30.jpg?resize=768%2C510&amp;ssl=1 768w, https:\/\/i0.wp.com\/www.nievesviesca.com\/blog\/wp-content\/uploads\/2017\/06\/2017-06-17-21.56.30.jpg?resize=1024%2C680&amp;ssl=1 1024w, https:\/\/i0.wp.com\/www.nievesviesca.com\/blog\/wp-content\/uploads\/2017\/06\/2017-06-17-21.56.30.jpg?w=1168&amp;ssl=1 1168w\" sizes=\"(max-width: 252px) 100vw, 252px\" data-recalc-dims=\"1\" \/><\/a><a href=\"https:\/\/i0.wp.com\/www.nievesviesca.com\/blog\/wp-content\/uploads\/2017\/06\/FOTO3.jpg?ssl=1\"><img decoding=\"async\" loading=\"lazy\" class=\"wp-image-6565 alignright\" src=\"https:\/\/i0.wp.com\/www.nievesviesca.com\/blog\/wp-content\/uploads\/2017\/06\/FOTO3.jpg?resize=259%2C127&#038;ssl=1\" alt=\"\" width=\"259\" height=\"127\" srcset=\"https:\/\/i0.wp.com\/www.nievesviesca.com\/blog\/wp-content\/uploads\/2017\/06\/FOTO3.jpg?w=1129&amp;ssl=1 1129w, https:\/\/i0.wp.com\/www.nievesviesca.com\/blog\/wp-content\/uploads\/2017\/06\/FOTO3.jpg?resize=300%2C148&amp;ssl=1 300w, https:\/\/i0.wp.com\/www.nievesviesca.com\/blog\/wp-content\/uploads\/2017\/06\/FOTO3.jpg?resize=768%2C378&amp;ssl=1 768w, https:\/\/i0.wp.com\/www.nievesviesca.com\/blog\/wp-content\/uploads\/2017\/06\/FOTO3.jpg?resize=1024%2C504&amp;ssl=1 1024w\" sizes=\"(max-width: 259px) 100vw, 259px\" data-recalc-dims=\"1\" \/><\/a><\/p>\n<p>&nbsp;<\/p>\n<p>&nbsp;<\/p>\n<p>&nbsp;<\/p>\n<p>&nbsp;<\/p>\n<p>&nbsp;<\/p>\n<p><span style=\"color: #000000;\">Acompa\u00f1ada por numeroso p\u00fablico, poetas y lectores, la autora gijonesa Nieves Viesca present\u00f3 el s\u00e1bado d\u00eda 17, en el literario Caf\u00e9 Dindurra, su quinto libro <strong><em>\u201cEl T\u00fanel y los D\u00edas\u201d <\/em><\/strong>dentro de la <span style=\"color: #0000ff;\"><a style=\"color: #0000ff;\" href=\"https:\/\/ferialibroxixon.wordpress.com\/\">I\u00aa Feria del Libro de Gij\u00f3n<\/a><\/span> recuperada despu\u00e9s de 18 a\u00f1os en esta ciudad.<\/span><\/p>\n<p><span style=\"color: #000000;\">En palabras de la profesora y poeta Esmeralda S\u00e1nchez Mart\u00edn, en el innovador poemario de Nieves Viesca <em>El T\u00fanel y los D\u00edas<strong> \u201c\u2026se saborea el regusto maravilloso de la creatividad, la luz y el vuelo, por encima de murallas, nubarrones y mutismo\u201d.<\/strong><\/em><\/span><\/p>\n<p>&nbsp;<\/p>\n<p><a href=\"https:\/\/i0.wp.com\/www.nievesviesca.com\/blog\/wp-content\/uploads\/2017\/06\/2017-06-17-21.25.42.jpg?ssl=1\"><img decoding=\"async\" loading=\"lazy\" class=\"wp-image-6573 alignright\" src=\"https:\/\/i0.wp.com\/www.nievesviesca.com\/blog\/wp-content\/uploads\/2017\/06\/2017-06-17-21.25.42.jpg?resize=258%2C112&#038;ssl=1\" alt=\"\" width=\"258\" height=\"112\" srcset=\"https:\/\/i0.wp.com\/www.nievesviesca.com\/blog\/wp-content\/uploads\/2017\/06\/2017-06-17-21.25.42.jpg?w=1600&amp;ssl=1 1600w, https:\/\/i0.wp.com\/www.nievesviesca.com\/blog\/wp-content\/uploads\/2017\/06\/2017-06-17-21.25.42.jpg?resize=300%2C130&amp;ssl=1 300w, https:\/\/i0.wp.com\/www.nievesviesca.com\/blog\/wp-content\/uploads\/2017\/06\/2017-06-17-21.25.42.jpg?resize=768%2C334&amp;ssl=1 768w, https:\/\/i0.wp.com\/www.nievesviesca.com\/blog\/wp-content\/uploads\/2017\/06\/2017-06-17-21.25.42.jpg?resize=1024%2C445&amp;ssl=1 1024w, https:\/\/i0.wp.com\/www.nievesviesca.com\/blog\/wp-content\/uploads\/2017\/06\/2017-06-17-21.25.42.jpg?w=1168&amp;ssl=1 1168w\" sizes=\"(max-width: 258px) 100vw, 258px\" data-recalc-dims=\"1\" \/> <\/a><a href=\"https:\/\/i0.wp.com\/www.nievesviesca.com\/blog\/wp-content\/uploads\/2017\/06\/Foto-17-6-17-21-18-09.jpg?ssl=1\"><img decoding=\"async\" loading=\"lazy\" class=\"wp-image-6574 alignleft\" src=\"https:\/\/i0.wp.com\/www.nievesviesca.com\/blog\/wp-content\/uploads\/2017\/06\/Foto-17-6-17-21-18-09.jpg?resize=247%2C166&#038;ssl=1\" alt=\"\" width=\"247\" height=\"166\" srcset=\"https:\/\/i0.wp.com\/www.nievesviesca.com\/blog\/wp-content\/uploads\/2017\/06\/Foto-17-6-17-21-18-09.jpg?w=1600&amp;ssl=1 1600w, https:\/\/i0.wp.com\/www.nievesviesca.com\/blog\/wp-content\/uploads\/2017\/06\/Foto-17-6-17-21-18-09.jpg?resize=300%2C201&amp;ssl=1 300w, https:\/\/i0.wp.com\/www.nievesviesca.com\/blog\/wp-content\/uploads\/2017\/06\/Foto-17-6-17-21-18-09.jpg?resize=768%2C515&amp;ssl=1 768w, https:\/\/i0.wp.com\/www.nievesviesca.com\/blog\/wp-content\/uploads\/2017\/06\/Foto-17-6-17-21-18-09.jpg?resize=1024%2C687&amp;ssl=1 1024w, https:\/\/i0.wp.com\/www.nievesviesca.com\/blog\/wp-content\/uploads\/2017\/06\/Foto-17-6-17-21-18-09.jpg?w=1168&amp;ssl=1 1168w\" sizes=\"(max-width: 247px) 100vw, 247px\" data-recalc-dims=\"1\" \/><\/a><\/p>\n<p>&nbsp;<\/p>\n<p>&nbsp;<\/p>\n<p>&nbsp;<\/p>\n<p>&nbsp;<\/p>\n<p><span style=\"color: #000000;\">Un acto lleno de sensibilidad, donde la poeta desgran\u00f3, con su singular estilo, el entresijo de su \u00faltima obra e hizo una interesante menci\u00f3n, entre citas y poemas, de las definiciones y valoraciones en la poes\u00eda. Una \u00a0tarde con intensa literatura, donde escritores e invitados aportaron su sentimiento personal a la luz de los versos de un poemario con t\u00fanel renacido en d\u00edas que, en palabras de la propia Viesca, <strong><em>\u201cel lector\/lectora ha de leer y redescubrir\u201d<\/em><\/strong>.<\/span><\/p>\n<p>&nbsp;<\/p>\n<p>&nbsp;<\/p>\n","protected":false},"excerpt":{"rendered":"<p>&nbsp; A la LUZ de los versos &nbsp; &nbsp; &nbsp; &nbsp; &nbsp; &nbsp; &nbsp; &nbsp; De \u201cEl T\u00fanel y los D\u00edas\u201d &nbsp; &nbsp; &nbsp; &nbsp; &nbsp; Acompa\u00f1ada por numeroso p\u00fablico, poetas y lectores, la autora gijonesa Nieves Viesca present\u00f3 el &hellip; <a href=\"https:\/\/www.nievesviesca.com\/blog\/2017\/06\/19\/ecos-de-poesia-cxiv\/\">Sigue leyendo <span class=\"meta-nav\">&rarr;<\/span><\/a><\/p>\n","protected":false},"author":1,"featured_media":0,"comment_status":"open","ping_status":"open","sticky":false,"template":"","format":"standard","meta":{"_bbp_topic_count":0,"_bbp_reply_count":0,"_bbp_total_topic_count":0,"_bbp_total_reply_count":0,"_bbp_voice_count":0,"_bbp_anonymous_reply_count":0,"_bbp_topic_count_hidden":0,"_bbp_reply_count_hidden":0,"_bbp_forum_subforum_count":0,"om_disable_all_campaigns":false,"_monsterinsights_skip_tracking":false,"_monsterinsights_sitenote_active":false,"_monsterinsights_sitenote_note":"","_monsterinsights_sitenote_category":0,"jetpack_post_was_ever_published":false,"_jetpack_newsletter_access":"","_jetpack_newsletter_tier_id":0,"footnotes":"","jetpack_publicize_message":"","jetpack_is_tweetstorm":false,"jetpack_publicize_feature_enabled":true,"jetpack_social_post_already_shared":true,"jetpack_social_options":{"image_generator_settings":{"template":"highway","enabled":false}}},"categories":[4],"tags":[],"jetpack_publicize_connections":[],"aioseo_notices":[],"jetpack_featured_media_url":"","jetpack_sharing_enabled":true,"jetpack_shortlink":"https:\/\/wp.me\/p6xI8c-1HP","_links":{"self":[{"href":"https:\/\/www.nievesviesca.com\/blog\/wp-json\/wp\/v2\/posts\/6561"}],"collection":[{"href":"https:\/\/www.nievesviesca.com\/blog\/wp-json\/wp\/v2\/posts"}],"about":[{"href":"https:\/\/www.nievesviesca.com\/blog\/wp-json\/wp\/v2\/types\/post"}],"author":[{"embeddable":true,"href":"https:\/\/www.nievesviesca.com\/blog\/wp-json\/wp\/v2\/users\/1"}],"replies":[{"embeddable":true,"href":"https:\/\/www.nievesviesca.com\/blog\/wp-json\/wp\/v2\/comments?post=6561"}],"version-history":[{"count":28,"href":"https:\/\/www.nievesviesca.com\/blog\/wp-json\/wp\/v2\/posts\/6561\/revisions"}],"predecessor-version":[{"id":6595,"href":"https:\/\/www.nievesviesca.com\/blog\/wp-json\/wp\/v2\/posts\/6561\/revisions\/6595"}],"wp:attachment":[{"href":"https:\/\/www.nievesviesca.com\/blog\/wp-json\/wp\/v2\/media?parent=6561"}],"wp:term":[{"taxonomy":"category","embeddable":true,"href":"https:\/\/www.nievesviesca.com\/blog\/wp-json\/wp\/v2\/categories?post=6561"},{"taxonomy":"post_tag","embeddable":true,"href":"https:\/\/www.nievesviesca.com\/blog\/wp-json\/wp\/v2\/tags?post=6561"}],"curies":[{"name":"wp","href":"https:\/\/api.w.org\/{rel}","templated":true}]}}