{"id":664,"date":"2011-04-29T00:32:34","date_gmt":"2011-04-28T22:32:34","guid":{"rendered":"http:\/\/www.nievesviesca.com\/blog\/?p=664"},"modified":"2011-04-29T01:22:21","modified_gmt":"2011-04-28T23:22:21","slug":"lecturas-en-la-libreria-cervantes","status":"publish","type":"post","link":"https:\/\/www.nievesviesca.com\/blog\/2011\/04\/29\/lecturas-en-la-libreria-cervantes\/","title":{"rendered":"FIRMAS Y LECTURAS EN LA LIBRER\u00cdA CERVANTES"},"content":{"rendered":"<p>La Librer\u00eda Cervantes de Oviedo volvi\u00f3 a celebrar el  D\u00eda del Libro por todo lo alto. Adem\u00e1s del tradicional descuento del  10%, la librer\u00eda program\u00f3 una serie de lecturas literarias en las que  participaron un buen n\u00famero de autores, como Pedro Curto, Pepe  Monteser\u00edn, Mois\u00e9s Mori , David Serna, Ignacio Sanchez Vicente, Nieves Viesca y colaboradores de EL COMERCIO  como Xuan Bello, Berta Pi\u00f1\u00e1n y Miguel Mingotes, entre otros&#8230;<\/p>\n<p style=\"text-align: center;\"><a href=\"https:\/\/i0.wp.com\/www.nievesviesca.com\/blog\/wp-content\/uploads\/2011\/04\/DIA-DEL-LIBRO-2011-LIBRERIA-CERVANTES-002.jpg?ssl=1\"><img decoding=\"async\" loading=\"lazy\" class=\"size-medium wp-image-665 aligncenter\" title=\"DIA DEL LIBRO 2011 LIBRERIA CERVANTES 002\" src=\"https:\/\/i0.wp.com\/www.nievesviesca.com\/blog\/wp-content\/uploads\/2011\/04\/DIA-DEL-LIBRO-2011-LIBRERIA-CERVANTES-002.jpg?resize=300%2C225&#038;ssl=1\" alt=\"\" width=\"300\" height=\"225\" srcset=\"https:\/\/i0.wp.com\/www.nievesviesca.com\/blog\/wp-content\/uploads\/2011\/04\/DIA-DEL-LIBRO-2011-LIBRERIA-CERVANTES-002.jpg?resize=300%2C225&amp;ssl=1 300w, https:\/\/i0.wp.com\/www.nievesviesca.com\/blog\/wp-content\/uploads\/2011\/04\/DIA-DEL-LIBRO-2011-LIBRERIA-CERVANTES-002.jpg?resize=1024%2C768&amp;ssl=1 1024w, https:\/\/i0.wp.com\/www.nievesviesca.com\/blog\/wp-content\/uploads\/2011\/04\/DIA-DEL-LIBRO-2011-LIBRERIA-CERVANTES-002.jpg?w=1600&amp;ssl=1 1600w, https:\/\/i0.wp.com\/www.nievesviesca.com\/blog\/wp-content\/uploads\/2011\/04\/DIA-DEL-LIBRO-2011-LIBRERIA-CERVANTES-002.jpg?w=1168&amp;ssl=1 1168w\" sizes=\"(max-width: 300px) 100vw, 300px\" data-recalc-dims=\"1\" \/><\/a><\/p>\n<p style=\"text-align: center;\">Librer\u00eda Cervantes<\/p>\n<p style=\"text-align: center;\">\n<p style=\"text-align: center;\"><a href=\"https:\/\/i0.wp.com\/www.nievesviesca.com\/blog\/wp-content\/uploads\/2011\/04\/DIA-DEL-LIBRO-2011-LIBRERIA-CERVANTES-012.jpg?ssl=1\"><img decoding=\"async\" loading=\"lazy\" class=\"size-medium wp-image-666 aligncenter\" title=\"DIA DEL LIBRO 2011 LIBRERIA CERVANTES 012\" src=\"https:\/\/i0.wp.com\/www.nievesviesca.com\/blog\/wp-content\/uploads\/2011\/04\/DIA-DEL-LIBRO-2011-LIBRERIA-CERVANTES-012.jpg?resize=300%2C225&#038;ssl=1\" alt=\"\" width=\"300\" height=\"225\" srcset=\"https:\/\/i0.wp.com\/www.nievesviesca.com\/blog\/wp-content\/uploads\/2011\/04\/DIA-DEL-LIBRO-2011-LIBRERIA-CERVANTES-012.jpg?resize=300%2C225&amp;ssl=1 300w, https:\/\/i0.wp.com\/www.nievesviesca.com\/blog\/wp-content\/uploads\/2011\/04\/DIA-DEL-LIBRO-2011-LIBRERIA-CERVANTES-012.jpg?resize=1024%2C768&amp;ssl=1 1024w, https:\/\/i0.wp.com\/www.nievesviesca.com\/blog\/wp-content\/uploads\/2011\/04\/DIA-DEL-LIBRO-2011-LIBRERIA-CERVANTES-012.jpg?w=1600&amp;ssl=1 1600w, https:\/\/i0.wp.com\/www.nievesviesca.com\/blog\/wp-content\/uploads\/2011\/04\/DIA-DEL-LIBRO-2011-LIBRERIA-CERVANTES-012.jpg?w=1168&amp;ssl=1 1168w\" sizes=\"(max-width: 300px) 100vw, 300px\" data-recalc-dims=\"1\" \/><\/a><\/p>\n<p style=\"text-align: center;\">Nieves Viesca<\/p>\n<p style=\"text-align: center;\">\n<p><a href=\"https:\/\/i0.wp.com\/www.nievesviesca.com\/blog\/wp-content\/uploads\/2011\/04\/DIA-DEL-LIBRO-2011-LIBRERIA-CERVANTES-022.jpg?ssl=1\"><img decoding=\"async\" loading=\"lazy\" class=\"size-thumbnail wp-image-668 alignleft\" title=\"DIA DEL LIBRO 2011 LIBRERIA CERVANTES 022\" src=\"https:\/\/i0.wp.com\/www.nievesviesca.com\/blog\/wp-content\/uploads\/2011\/04\/DIA-DEL-LIBRO-2011-LIBRERIA-CERVANTES-022.jpg?resize=150%2C150&#038;ssl=1\" alt=\"\" width=\"150\" height=\"150\" srcset=\"https:\/\/i0.wp.com\/www.nievesviesca.com\/blog\/wp-content\/uploads\/2011\/04\/DIA-DEL-LIBRO-2011-LIBRERIA-CERVANTES-022.jpg?resize=150%2C150&amp;ssl=1 150w, https:\/\/i0.wp.com\/www.nievesviesca.com\/blog\/wp-content\/uploads\/2011\/04\/DIA-DEL-LIBRO-2011-LIBRERIA-CERVANTES-022.jpg?resize=250%2C250&amp;ssl=1 250w, https:\/\/i0.wp.com\/www.nievesviesca.com\/blog\/wp-content\/uploads\/2011\/04\/DIA-DEL-LIBRO-2011-LIBRERIA-CERVANTES-022.jpg?resize=75%2C75&amp;ssl=1 75w, https:\/\/i0.wp.com\/www.nievesviesca.com\/blog\/wp-content\/uploads\/2011\/04\/DIA-DEL-LIBRO-2011-LIBRERIA-CERVANTES-022.jpg?zoom=2&amp;resize=150%2C150&amp;ssl=1 300w, https:\/\/i0.wp.com\/www.nievesviesca.com\/blog\/wp-content\/uploads\/2011\/04\/DIA-DEL-LIBRO-2011-LIBRERIA-CERVANTES-022.jpg?zoom=3&amp;resize=150%2C150&amp;ssl=1 450w\" sizes=\"(max-width: 150px) 100vw, 150px\" data-recalc-dims=\"1\" \/><\/a><a href=\"https:\/\/i0.wp.com\/www.nievesviesca.com\/blog\/wp-content\/uploads\/2011\/04\/DIA-DEL-LIBRO-2011-LIBRERIA-CERVANTES-021.jpg?ssl=1\"><img decoding=\"async\" loading=\"lazy\" class=\"alignright size-thumbnail wp-image-667\" title=\"DIA DEL LIBRO 2011 LIBRERIA CERVANTES 021\" src=\"https:\/\/i0.wp.com\/www.nievesviesca.com\/blog\/wp-content\/uploads\/2011\/04\/DIA-DEL-LIBRO-2011-LIBRERIA-CERVANTES-021.jpg?resize=150%2C150&#038;ssl=1\" alt=\"\" width=\"150\" height=\"150\" srcset=\"https:\/\/i0.wp.com\/www.nievesviesca.com\/blog\/wp-content\/uploads\/2011\/04\/DIA-DEL-LIBRO-2011-LIBRERIA-CERVANTES-021.jpg?resize=150%2C150&amp;ssl=1 150w, https:\/\/i0.wp.com\/www.nievesviesca.com\/blog\/wp-content\/uploads\/2011\/04\/DIA-DEL-LIBRO-2011-LIBRERIA-CERVANTES-021.jpg?resize=250%2C250&amp;ssl=1 250w, https:\/\/i0.wp.com\/www.nievesviesca.com\/blog\/wp-content\/uploads\/2011\/04\/DIA-DEL-LIBRO-2011-LIBRERIA-CERVANTES-021.jpg?resize=75%2C75&amp;ssl=1 75w, https:\/\/i0.wp.com\/www.nievesviesca.com\/blog\/wp-content\/uploads\/2011\/04\/DIA-DEL-LIBRO-2011-LIBRERIA-CERVANTES-021.jpg?zoom=2&amp;resize=150%2C150&amp;ssl=1 300w, https:\/\/i0.wp.com\/www.nievesviesca.com\/blog\/wp-content\/uploads\/2011\/04\/DIA-DEL-LIBRO-2011-LIBRERIA-CERVANTES-021.jpg?zoom=3&amp;resize=150%2C150&amp;ssl=1 450w\" sizes=\"(max-width: 150px) 100vw, 150px\" data-recalc-dims=\"1\" \/><\/a><\/p>\n<p><a href=\"..\/wp-content\/uploads\/2011\/04\/PORTADA-LIBRO.jpg\"><br \/>\n<\/a> I. S\u00e1nchez Vicente<\/p>\n<p style=\"text-align: right;\">\n<p style=\"text-align: right;\">Nieves Viesca<\/p>\n<p style=\"text-align: right;\">\n<p style=\"text-align: right;\">\n<p style=\"text-align: right;\">\n<p style=\"text-align: right;\">\n<p style=\"text-align: right;\">\n<p style=\"text-align: right;\">\n<p style=\"text-align: right;\">\n<p style=\"text-align: right;\">\n<p style=\"text-align: right;\">\n<p style=\"text-align: right;\">\n<p style=\"text-align: right;\">\n<p style=\"text-align: right;\">\n<p style=\"text-align: right;\">\n<p style=\"text-align: right;\">\n<p style=\"text-align: right;\">\n<p style=\"text-align: right;\">\n<p style=\"text-align: right;\">\n<p style=\"text-align: right;\">\n<p style=\"text-align: right;\">\n<p style=\"text-align: right;\">\n<p style=\"text-align: right;\">\n<p style=\"text-align: right;\">\n<p style=\"text-align: right;\">\n<p style=\"text-align: right;\">\n<p style=\"text-align: right;\">\n<p style=\"text-align: right;\">\n<p style=\"text-align: right;\">\n<p style=\"text-align: right;\">\n<p style=\"text-align: right;\">\n<p style=\"text-align: right;\">\n<p style=\"text-align: right;\">\n<p style=\"text-align: right;\">\n<p style=\"text-align: right;\">\n<p style=\"text-align: right;\">\n<p style=\"text-align: right;\">\n<p style=\"text-align: right;\">\n<p style=\"text-align: right;\">\n<p style=\"text-align: right;\">\n<p style=\"text-align: right;\">\n<p style=\"text-align: right;\">\n<p style=\"text-align: right;\">\n<p style=\"text-align: right;\">\n<p style=\"text-align: right;\">\n<p style=\"text-align: right;\">\n<p style=\"text-align: right;\">\n<p style=\"text-align: right;\">\n<p style=\"text-align: right;\">\n<p style=\"text-align: right;\">\n<p style=\"text-align: right;\">\n<p style=\"text-align: right;\">\n<p style=\"text-align: right;\">\n<p style=\"text-align: right;\">\n<p style=\"text-align: right;\">\n<p style=\"text-align: right;\">\n<p style=\"text-align: right;\">\n<p style=\"text-align: right;\">\n<p style=\"text-align: right;\">\n<p style=\"text-align: right;\">\n<p style=\"text-align: right;\">\n<p style=\"text-align: right;\">\n<p style=\"text-align: right;\">\n<p style=\"text-align: right;\">\n<p style=\"text-align: right;\">\n<p style=\"text-align: right;\">\n<p style=\"text-align: right;\">\n<p style=\"text-align: right;\">\n<p style=\"text-align: right;\">\n<p style=\"text-align: right;\">\n<p style=\"text-align: right;\">\n<p style=\"text-align: right;\">\n<p style=\"text-align: right;\">\n<p style=\"text-align: right;\">\n<p style=\"text-align: right;\">\n<p style=\"text-align: right;\">\n<p style=\"text-align: right;\">\n<p style=\"text-align: right;\">\n<p style=\"text-align: right;\">\n<p style=\"text-align: right;\">\n<p style=\"text-align: right;\">\n<p style=\"text-align: right;\">\n<p style=\"text-align: right;\">\n<p style=\"text-align: right;\">\n<p style=\"text-align: right;\">\n<p style=\"text-align: right;\">\n<p style=\"text-align: right;\">\n<p style=\"text-align: right;\">\n<p style=\"text-align: right;\">\n<p style=\"text-align: right;\">\n<p style=\"text-align: right;\">\n<p style=\"text-align: right;\">\n<p style=\"text-align: right;\">\n<p style=\"text-align: right;\">\n<p style=\"text-align: right;\">\n<p style=\"text-align: right;\">\n<p style=\"text-align: right;\">\n<p style=\"text-align: right;\">\n<p style=\"text-align: right;\">\n<p style=\"text-align: right;\">\n<p style=\"text-align: right;\">\n<p style=\"text-align: right;\">\n<p style=\"text-align: right;\">\n<p style=\"text-align: right;\">\n<p style=\"text-align: right;\">\n<p style=\"text-align: right;\">\n<p style=\"text-align: right;\">\n<p style=\"text-align: right;\">\n<p style=\"text-align: right;\">\n<p style=\"text-align: right;\">\n<p style=\"text-align: right;\">\n<p style=\"text-align: right;\">\n<p style=\"text-align: right;\">\n<p style=\"text-align: right;\">\n<p style=\"text-align: right;\">\n<p style=\"text-align: right;\">\n<p style=\"text-align: right;\">\n<p style=\"text-align: right;\">\n<p style=\"text-align: right;\">\n<p style=\"text-align: right;\">\n<p style=\"text-align: right;\">\n<p style=\"text-align: right;\">\n<p style=\"text-align: right;\">\n<p style=\"text-align: right;\">\n<p style=\"text-align: right;\">\n<p style=\"text-align: right;\">\n<p style=\"text-align: right;\">\n<p style=\"text-align: right;\">\n<p style=\"text-align: right;\">\n<p style=\"text-align: right;\">\n<p style=\"text-align: right;\">\n<p style=\"text-align: right;\">\n<p style=\"text-align: right;\">\n<p style=\"text-align: right;\">\n<p style=\"text-align: right;\">\n<p style=\"text-align: right;\">\n<p style=\"text-align: right;\">\n<p style=\"text-align: right;\">\n<p style=\"text-align: right;\">\n<p style=\"text-align: right;\">\n<p style=\"text-align: right;\">\n<p style=\"text-align: right;\">\n<p style=\"text-align: right;\">\n<p style=\"text-align: right;\">\n<p style=\"text-align: right;\">\n<p style=\"text-align: right;\">\n<p style=\"text-align: right;\">\n<p style=\"text-align: right;\">\n<p style=\"text-align: right;\">\n<p style=\"text-align: right;\">\n<p style=\"text-align: right;\">\n<p style=\"text-align: right;\">\n<p style=\"text-align: right;\">\n<p style=\"text-align: right;\">\n<p style=\"text-align: right;\">\n<p style=\"text-align: right;\">\n<p style=\"text-align: right;\">\n<p style=\"text-align: right;\">\n<p style=\"text-align: right;\">\n<p style=\"text-align: right;\">\n<p style=\"text-align: right;\">\n<p style=\"text-align: right;\">\n<p style=\"text-align: right;\">\n<p style=\"text-align: right;\">\n<p style=\"text-align: right;\">\n<p style=\"text-align: right;\">\n<p style=\"text-align: right;\">\n<p style=\"text-align: right;\">\n<p style=\"text-align: right;\">\n<p style=\"text-align: right;\">\n<p style=\"text-align: right;\">\n<p style=\"text-align: right;\">\n<p style=\"text-align: right;\">\n<p style=\"text-align: right;\">\n<p style=\"text-align: right;\">\n<p style=\"text-align: right;\">\n<p style=\"text-align: right;\">\n<p style=\"text-align: right;\">\n<p style=\"text-align: right;\">\n<p style=\"text-align: right;\">\n<p style=\"text-align: right;\">\n<p style=\"text-align: right;\">\n<p style=\"text-align: right;\">\n<p style=\"text-align: right;\">\n<p style=\"text-align: right;\">\n<p style=\"text-align: right;\">\n","protected":false},"excerpt":{"rendered":"<p>La Librer\u00eda Cervantes de Oviedo volvi\u00f3 a celebrar el D\u00eda del Libro por todo lo alto. Adem\u00e1s del tradicional descuento del 10%, la librer\u00eda program\u00f3 una serie de lecturas literarias en las que participaron un buen n\u00famero de autores, como &hellip; <a href=\"https:\/\/www.nievesviesca.com\/blog\/2011\/04\/29\/lecturas-en-la-libreria-cervantes\/\">Sigue leyendo <span class=\"meta-nav\">&rarr;<\/span><\/a><\/p>\n","protected":false},"author":2,"featured_media":0,"comment_status":"open","ping_status":"open","sticky":false,"template":"","format":"standard","meta":{"_bbp_topic_count":0,"_bbp_reply_count":0,"_bbp_total_topic_count":0,"_bbp_total_reply_count":0,"_bbp_voice_count":0,"_bbp_anonymous_reply_count":0,"_bbp_topic_count_hidden":0,"_bbp_reply_count_hidden":0,"_bbp_forum_subforum_count":0,"om_disable_all_campaigns":false,"_monsterinsights_skip_tracking":false,"_monsterinsights_sitenote_active":false,"_monsterinsights_sitenote_note":"","_monsterinsights_sitenote_category":0,"jetpack_post_was_ever_published":false,"_jetpack_newsletter_access":"","_jetpack_newsletter_tier_id":0,"footnotes":"","jetpack_publicize_message":"","jetpack_is_tweetstorm":false,"jetpack_publicize_feature_enabled":true,"jetpack_social_post_already_shared":false,"jetpack_social_options":{"image_generator_settings":{"template":"highway","enabled":false}}},"categories":[10],"tags":[],"jetpack_publicize_connections":[],"aioseo_notices":[],"jetpack_featured_media_url":"","jetpack_sharing_enabled":true,"jetpack_shortlink":"https:\/\/wp.me\/p6xI8c-aI","_links":{"self":[{"href":"https:\/\/www.nievesviesca.com\/blog\/wp-json\/wp\/v2\/posts\/664"}],"collection":[{"href":"https:\/\/www.nievesviesca.com\/blog\/wp-json\/wp\/v2\/posts"}],"about":[{"href":"https:\/\/www.nievesviesca.com\/blog\/wp-json\/wp\/v2\/types\/post"}],"author":[{"embeddable":true,"href":"https:\/\/www.nievesviesca.com\/blog\/wp-json\/wp\/v2\/users\/2"}],"replies":[{"embeddable":true,"href":"https:\/\/www.nievesviesca.com\/blog\/wp-json\/wp\/v2\/comments?post=664"}],"version-history":[{"count":16,"href":"https:\/\/www.nievesviesca.com\/blog\/wp-json\/wp\/v2\/posts\/664\/revisions"}],"predecessor-version":[{"id":671,"href":"https:\/\/www.nievesviesca.com\/blog\/wp-json\/wp\/v2\/posts\/664\/revisions\/671"}],"wp:attachment":[{"href":"https:\/\/www.nievesviesca.com\/blog\/wp-json\/wp\/v2\/media?parent=664"}],"wp:term":[{"taxonomy":"category","embeddable":true,"href":"https:\/\/www.nievesviesca.com\/blog\/wp-json\/wp\/v2\/categories?post=664"},{"taxonomy":"post_tag","embeddable":true,"href":"https:\/\/www.nievesviesca.com\/blog\/wp-json\/wp\/v2\/tags?post=664"}],"curies":[{"name":"wp","href":"https:\/\/api.w.org\/{rel}","templated":true}]}}