{"id":6840,"date":"2017-08-26T10:10:15","date_gmt":"2017-08-26T08:10:15","guid":{"rendered":"http:\/\/www.nievesviesca.com\/blog\/?p=6840"},"modified":"2017-08-26T14:11:12","modified_gmt":"2017-08-26T12:11:12","slug":"ecos-de-poesia-cxvii","status":"publish","type":"post","link":"https:\/\/www.nievesviesca.com\/blog\/2017\/08\/26\/ecos-de-poesia-cxvii\/","title":{"rendered":"Ecos de Poes\u00eda (CXVII)"},"content":{"rendered":"<h1 style=\"text-align: center;\"><span style=\"color: #000000;\">Velada Po\u00e9tico-Musical<\/span><\/h1>\n<p>&nbsp;<\/p>\n<h1 style=\"text-align: center;\"><span style=\"color: #000000;\"><a href=\"https:\/\/i0.wp.com\/www.nievesviesca.com\/blog\/wp-content\/uploads\/2017\/08\/CAF\u00c9-AVENIDA.jpg?ssl=1\"><img decoding=\"async\" loading=\"lazy\" class=\"aligncenter wp-image-6896\" src=\"https:\/\/i0.wp.com\/www.nievesviesca.com\/blog\/wp-content\/uploads\/2017\/08\/CAF\u00c9-AVENIDA.jpg?resize=584%2C584&#038;ssl=1\" alt=\"\" width=\"584\" height=\"584\" srcset=\"https:\/\/i0.wp.com\/www.nievesviesca.com\/blog\/wp-content\/uploads\/2017\/08\/CAF\u00c9-AVENIDA.jpg?w=1200&amp;ssl=1 1200w, https:\/\/i0.wp.com\/www.nievesviesca.com\/blog\/wp-content\/uploads\/2017\/08\/CAF\u00c9-AVENIDA.jpg?resize=150%2C150&amp;ssl=1 150w, https:\/\/i0.wp.com\/www.nievesviesca.com\/blog\/wp-content\/uploads\/2017\/08\/CAF\u00c9-AVENIDA.jpg?resize=300%2C300&amp;ssl=1 300w, https:\/\/i0.wp.com\/www.nievesviesca.com\/blog\/wp-content\/uploads\/2017\/08\/CAF\u00c9-AVENIDA.jpg?resize=768%2C768&amp;ssl=1 768w, https:\/\/i0.wp.com\/www.nievesviesca.com\/blog\/wp-content\/uploads\/2017\/08\/CAF\u00c9-AVENIDA.jpg?resize=1024%2C1024&amp;ssl=1 1024w, https:\/\/i0.wp.com\/www.nievesviesca.com\/blog\/wp-content\/uploads\/2017\/08\/CAF\u00c9-AVENIDA.jpg?resize=250%2C250&amp;ssl=1 250w, https:\/\/i0.wp.com\/www.nievesviesca.com\/blog\/wp-content\/uploads\/2017\/08\/CAF\u00c9-AVENIDA.jpg?resize=75%2C75&amp;ssl=1 75w, https:\/\/i0.wp.com\/www.nievesviesca.com\/blog\/wp-content\/uploads\/2017\/08\/CAF\u00c9-AVENIDA.jpg?resize=144%2C144&amp;ssl=1 144w\" sizes=\"(max-width: 584px) 100vw, 584px\" data-recalc-dims=\"1\" \/><\/a>en el Caf\u00e9 Avenida<\/span><\/h1>\n<p>&nbsp;<\/p>\n<p><span style=\"color: #000000;\">A ritmo de envolvente m\u00fasica de jazz, el jueves d\u00eda 24 de agosto en \u2018El Patio\u2019 del Caf\u00e9 Avenida de Villaviciosa (Asturias), los poetas <strong>Esther Garc\u00eda, Agust\u00edn A.<\/strong> <strong>Biscayar y Nieves Viesca<\/strong> pusieron verso y voz a una velada donde la magia de la l\u00edrica brill\u00f3 con luz propia haciendo recordar las palabras de <strong>Robert Browning:<\/strong> \u201c<em>El que escucha m\u00fasica y poes\u00eda siente que su soledad, de repente, se puebla<\/em>\u00ab.<\/span><\/p>\n<p>&nbsp;<\/p>\n<div id=\"attachment_6849\" style=\"width: 565px\" class=\"wp-caption aligncenter\"><a href=\"https:\/\/i0.wp.com\/www.nievesviesca.com\/blog\/wp-content\/uploads\/2017\/08\/DSC01822.jpg?ssl=1\"><img aria-describedby=\"caption-attachment-6849\" decoding=\"async\" loading=\"lazy\" class=\"wp-image-6849\" src=\"https:\/\/i0.wp.com\/www.nievesviesca.com\/blog\/wp-content\/uploads\/2017\/08\/DSC01822.jpg?resize=555%2C528&#038;ssl=1\" alt=\"Esther Grarc\u00eda L\u00f3pez\" width=\"555\" height=\"528\" srcset=\"https:\/\/i0.wp.com\/www.nievesviesca.com\/blog\/wp-content\/uploads\/2017\/08\/DSC01822.jpg?w=1600&amp;ssl=1 1600w, https:\/\/i0.wp.com\/www.nievesviesca.com\/blog\/wp-content\/uploads\/2017\/08\/DSC01822.jpg?resize=300%2C286&amp;ssl=1 300w, https:\/\/i0.wp.com\/www.nievesviesca.com\/blog\/wp-content\/uploads\/2017\/08\/DSC01822.jpg?resize=768%2C731&amp;ssl=1 768w, https:\/\/i0.wp.com\/www.nievesviesca.com\/blog\/wp-content\/uploads\/2017\/08\/DSC01822.jpg?resize=1024%2C975&amp;ssl=1 1024w, https:\/\/i0.wp.com\/www.nievesviesca.com\/blog\/wp-content\/uploads\/2017\/08\/DSC01822.jpg?w=1168&amp;ssl=1 1168w\" sizes=\"(max-width: 555px) 100vw, 555px\" data-recalc-dims=\"1\" \/><\/a><p id=\"caption-attachment-6849\" class=\"wp-caption-text\">Esther Garc\u00eda L\u00f3pez<\/p><\/div>\n<h2 style=\"text-align: center;\"><span style=\"color: #000000;\">Caligrama<\/span><\/h2>\n<p>&nbsp;<\/p>\n<h5 style=\"text-align: center;\"><span style=\"color: #000000;\">Escribo\u00a0 pallabres d\u2019amor<\/span><\/h5>\n<h5 style=\"text-align: center;\"><span style=\"color: #000000;\">\u00a0nes tos manes.<\/span><\/h5>\n<h5 style=\"text-align: center;\"><span style=\"color: #000000;\">Y enlleno los tos didos de versos.<\/span><\/h5>\n<h5 style=\"text-align: center;\"><span style=\"color: #000000;\">Repito estes pallabres<\/span><\/h5>\n<h5 style=\"text-align: center;\"><span style=\"color: #000000;\">y escr\u00edboles na to piel,<\/span><\/h5>\n<h5 style=\"text-align: center;\"><span style=\"color: #000000;\">pa que nun escaezas la caligraf\u00eda del amor.<\/span><\/h5>\n<h5 style=\"text-align: center;\"><span style=\"color: #000000;\">Escribo\u00a0 nel to cuerpu<\/span><\/h5>\n<h5 style=\"text-align: center;\"><span style=\"color: #000000;\">con tinta roxa, y azul,<\/span><\/h5>\n<h5 style=\"text-align: center;\"><span style=\"color: #000000;\">y verde, y violeta.<\/span><\/h5>\n<h5 style=\"text-align: center;\"><span style=\"color: #000000;\">Escribo\u00a0 na to piel<\/span><\/h5>\n<h5 style=\"text-align: center;\"><span style=\"color: #000000;\">pallabres\u00a0 enllenes de suspiros.<\/span><\/h5>\n<h5 style=\"text-align: center;\"><span style=\"color: #000000;\">Y xuego a sosprendete<\/span><\/h5>\n<h5 style=\"text-align: center;\"><span style=\"color: #000000;\">Y a\u00a0 cariciate\u00a0 a xeit\u00edn el coraz\u00f3n.<\/span><\/h5>\n<h5 style=\"text-align: center;\"><span style=\"color: #000000;\">Nun quiero\u00a0 que\u2019l tiempu,<\/span><\/h5>\n<h5 style=\"text-align: center;\"><span style=\"color: #000000;\">\u00a0y l\u2019 agua,<\/span><\/h5>\n<h5 style=\"text-align: center;\"><span style=\"color: #000000;\">\u00a0y el fr\u00edu ,<\/span><\/h5>\n<h5 style=\"text-align: center;\"><span style=\"color: #000000;\">\u00a0y l\u2019olvidu,<\/span><\/h5>\n<h5 style=\"text-align: center;\"><span style=\"color: #000000;\">borren les mios\u00a0 pallabres del to cuerpu.<\/span><\/h5>\n<h5 style=\"text-align: center;\"><span style=\"color: #000000;\">\u00a0Tu y yo dibuxaos d\u2019amor.<\/span><\/h5>\n<h5 style=\"text-align: center;\"><span style=\"color: #000000;\">Pallabres que se duermen<\/span><\/h5>\n<h5 style=\"text-align: center;\"><span style=\"color: #000000;\">y espierten\u00a0 cola lluz<\/span><\/h5>\n<h5 style=\"text-align: center;\"><span style=\"color: #000000;\">d\u2019un\u00a0 nuevu amanecer.<\/span><\/h5>\n<h5 style=\"text-align: center;\"><span style=\"color: #000000;\">El to cuerpu.<\/span><\/h5>\n<h5 style=\"text-align: center;\"><span style=\"color: #000000;\">El mio cuerpu.<\/span><\/h5>\n<h5 style=\"text-align: center;\"><span style=\"color: #000000;\">Dibuxaos de pallabres.<\/span><\/h5>\n<h5 style=\"text-align: center;\"><span style=\"color: #000000;\">El\u00a0 to cuerpu.<\/span><\/h5>\n<h5 style=\"text-align: center;\"><span style=\"color: #000000;\">El mio cuerpu.<\/span><\/h5>\n<h5 style=\"text-align: center;\"><span style=\"color: #000000;\">Caligrama d\u2019 amor.<\/span><\/h5>\n<h5 style=\"text-align: center;\"><\/h5>\n<h5 style=\"text-align: right;\"><em><span style=\"color: #000000;\">(Esther Garc\u00eda 2-10-2010)<\/span><\/em><\/h5>\n<h2 style=\"text-align: center;\"><\/h2>\n<p>&nbsp;<\/p>\n<div id=\"attachment_6857\" style=\"width: 565px\" class=\"wp-caption aligncenter\"><a href=\"https:\/\/i0.wp.com\/www.nievesviesca.com\/blog\/wp-content\/uploads\/2017\/08\/DSC01816-copia.jpg?ssl=1\"><img aria-describedby=\"caption-attachment-6857\" decoding=\"async\" loading=\"lazy\" class=\"wp-image-6857\" style=\"color: #000000;\" src=\"https:\/\/i0.wp.com\/www.nievesviesca.com\/blog\/wp-content\/uploads\/2017\/08\/DSC01816-copia.jpg?resize=555%2C501&#038;ssl=1\" alt=\"\" width=\"555\" height=\"501\" srcset=\"https:\/\/i0.wp.com\/www.nievesviesca.com\/blog\/wp-content\/uploads\/2017\/08\/DSC01816-copia.jpg?w=1600&amp;ssl=1 1600w, https:\/\/i0.wp.com\/www.nievesviesca.com\/blog\/wp-content\/uploads\/2017\/08\/DSC01816-copia.jpg?resize=300%2C271&amp;ssl=1 300w, https:\/\/i0.wp.com\/www.nievesviesca.com\/blog\/wp-content\/uploads\/2017\/08\/DSC01816-copia.jpg?resize=768%2C694&amp;ssl=1 768w, https:\/\/i0.wp.com\/www.nievesviesca.com\/blog\/wp-content\/uploads\/2017\/08\/DSC01816-copia.jpg?resize=1024%2C926&amp;ssl=1 1024w, https:\/\/i0.wp.com\/www.nievesviesca.com\/blog\/wp-content\/uploads\/2017\/08\/DSC01816-copia.jpg?w=1168&amp;ssl=1 1168w\" sizes=\"(max-width: 555px) 100vw, 555px\" data-recalc-dims=\"1\" \/><\/a><p id=\"caption-attachment-6857\" class=\"wp-caption-text\">Agust\u00edn Alonso Biscayar<\/p><\/div>\n<h5><\/h5>\n<h5><span style=\"color: #000000;\">\u00a0<\/span><\/h5>\n<h3><span style=\"color: #000000;\">MIEDO<\/span><\/h3>\n<p>&nbsp;<\/p>\n<p>&nbsp;<\/p>\n<h5><span style=\"color: #000000;\">\u00ab\u00bfMiedo\u2026me preguntas&#8230;?<\/span><\/h5>\n<h5><span style=\"color: #000000;\">Miedo al tiempo,<\/span><\/h5>\n<h5><span style=\"color: #000000;\">al tiempo que pasa sin sentirse\u2026<\/span><\/h5>\n<p>&nbsp;<\/p>\n<h5><span style=\"color: #000000;\">\u00a0<\/span><\/h5>\n<h5><span style=\"color: #000000;\">Miedo al tiempo que desaparece<\/span><\/h5>\n<h5><span style=\"color: #000000;\">sin dejar nada entre mis manos,<\/span><\/h5>\n<h5><span style=\"color: #000000;\">tan s\u00f3lo sus marcas graves e inocentes\u2026.<\/span><\/h5>\n<p>&nbsp;<\/p>\n<h5><span style=\"color: #000000;\">\u00a0<\/span><\/h5>\n<h5><span style=\"color: #000000;\">Miedo al tiempo que transcurre<\/span><\/h5>\n<h5><span style=\"color: #000000;\">sin dejar en la memoria<\/span><\/h5>\n<h5><span style=\"color: #000000;\">el recuerdo fugaz de una sonrisa;<\/span><\/h5>\n<h5><span style=\"color: #000000;\">o la a\u00f1oranza de un d\u00eda eternamente bello\u2026\u00bb<\/span><\/h5>\n<h5 style=\"text-align: center;\"><span style=\"color: #000000;\"><br \/>\n<\/span><\/h5>\n<h5 style=\"text-align: center;\"><span style=\"color: #000000;\"><br \/>\n<\/span><\/h5>\n<p style=\"text-align: right;\"><span style=\"color: #000000;\"><em>Agust\u00edn Alonso Biscayar<\/em><\/span><\/p>\n<p>&nbsp;<\/p>\n<div id=\"attachment_6859\" style=\"width: 566px\" class=\"wp-caption aligncenter\"><a href=\"https:\/\/i0.wp.com\/www.nievesviesca.com\/blog\/wp-content\/uploads\/2017\/08\/DSC01818.jpg?ssl=1\"><img aria-describedby=\"caption-attachment-6859\" decoding=\"async\" loading=\"lazy\" class=\"wp-image-6859\" src=\"https:\/\/i0.wp.com\/www.nievesviesca.com\/blog\/wp-content\/uploads\/2017\/08\/DSC01818.jpg?resize=556%2C324&#038;ssl=1\" alt=\"\" width=\"556\" height=\"324\" srcset=\"https:\/\/i0.wp.com\/www.nievesviesca.com\/blog\/wp-content\/uploads\/2017\/08\/DSC01818.jpg?w=1600&amp;ssl=1 1600w, https:\/\/i0.wp.com\/www.nievesviesca.com\/blog\/wp-content\/uploads\/2017\/08\/DSC01818.jpg?resize=300%2C175&amp;ssl=1 300w, https:\/\/i0.wp.com\/www.nievesviesca.com\/blog\/wp-content\/uploads\/2017\/08\/DSC01818.jpg?resize=768%2C448&amp;ssl=1 768w, https:\/\/i0.wp.com\/www.nievesviesca.com\/blog\/wp-content\/uploads\/2017\/08\/DSC01818.jpg?resize=1024%2C597&amp;ssl=1 1024w, https:\/\/i0.wp.com\/www.nievesviesca.com\/blog\/wp-content\/uploads\/2017\/08\/DSC01818.jpg?w=1168&amp;ssl=1 1168w\" sizes=\"(max-width: 556px) 100vw, 556px\" data-recalc-dims=\"1\" \/><\/a><p id=\"caption-attachment-6859\" class=\"wp-caption-text\">Nieves Viesca<\/p><\/div>\n<p style=\"text-align: center;\"><span style=\"color: #000000;\"><strong>TR\u00c1NSITO<\/strong><\/span><\/p>\n<h6 style=\"text-align: center;\"><span style=\"color: #000000;\">Sobre el manto alado de las Parcas<\/span><\/h6>\n<h6 style=\"text-align: center;\"><span style=\"color: #000000;\">tu rastro<\/span><\/h6>\n<h6 style=\"text-align: center;\"><span style=\"color: #000000;\">\u00a0\u00a0\u00a0\u00a0\u00a0\u00a0\u00a0\u00a0\u00a0\u00a0\u00a0\u00a0 \u00a0 \u00a0 \u00a0 \u00a0 \u00a0 \u00a0 \u00a0 \u00a0 \u00a0 \u00a0 \u00a0 \u00a0\u00a0 por la luna que lat\u00eda<\/span><\/h6>\n<h6 style=\"text-align: center;\"><span style=\"color: #000000;\">tambi\u00e9n se cruzar\u00e1 con el olvido.<\/span><\/h6>\n<p>&nbsp;<\/p>\n<h6 style=\"text-align: center;\"><\/h6>\n<h6 style=\"text-align: center;\"><span style=\"color: #000000;\">\u00a0Aprendiendo a volar,<\/span><\/h6>\n<h6 style=\"text-align: center;\"><span style=\"color: #000000;\">\u00a0\u00a0\u00a0\u00a0\u00a0\u00a0\u00a0\u00a0\u00a0\u00a0\u00a0\u00a0\u00a0\u00a0\u00a0\u00a0\u00a0\u00a0\u00a0\u00a0\u00a0\u00a0\u00a0\u00a0\u00a0\u00a0\u00a0\u00a0\u00a0\u00a0\u00a0\u00a0\u00a0 las alas de mis sue\u00f1os<\/span><\/h6>\n<h6 style=\"text-align: center;\"><span style=\"color: #000000;\">hilar\u00e1n con la lluvia extraviados caminos<\/span><\/h6>\n<h6 style=\"text-align: center;\"><span style=\"color: #000000;\">cuando el amor, jugando a la ruleta,<\/span><\/h6>\n<h6 style=\"text-align: center;\"><span style=\"color: #000000;\">dis<em>pare<\/em> sobre el m\u00e1rmol<\/span><\/h6>\n<h6 style=\"text-align: center;\"><span style=\"color: #000000;\">de todos los colores negros<\/span><\/h6>\n<p>&nbsp;<\/p>\n<h6 style=\"text-align: center;\"><\/h6>\n<h6 style=\"text-align: center;\"><span style=\"color: #000000;\">y no pueda el crisol retroceder<\/span><\/h6>\n<h6 style=\"text-align: center;\"><span style=\"color: #000000;\">al viento que pas\u00f3 sin<\/span><\/h6>\n<h6 style=\"text-align: center;\"><span style=\"color: #000000;\">\u00a0\u00a0\u00a0\u00a0\u00a0\u00a0\u00a0\u00a0\u00a0\u00a0\u00a0\u00a0\u00a0\u00a0\u00a0\u00a0\u00a0\u00a0\u00a0\u00a0\u00a0\u00a0\u00a0\u00a0\u00a0\u00a0\u00a0\u00a0\u00a0\u00a0\u00a0\u00a0\u00a0\u00a0\u00a0 de<\/span><\/h6>\n<h6 style=\"text-align: center;\"><span style=\"color: #000000;\">\u00a0\u00a0\u00a0\u00a0\u00a0\u00a0\u00a0\u00a0\u00a0\u00a0\u00a0\u00a0\u00a0\u00a0\u00a0\u00a0\u00a0\u00a0\u00a0\u00a0\u00a0\u00a0\u00a0\u00a0\u00a0\u00a0\u00a0\u00a0\u00a0\u00a0\u00a0\u00a0\u00a0\u00a0\u00a0\u00a0\u00a0\u00a0 te<\/span><\/h6>\n<h6 style=\"text-align: center;\"><span style=\"color: #000000;\">\u00a0\u00a0\u00a0\u00a0\u00a0\u00a0\u00a0\u00a0\u00a0\u00a0\u00a0\u00a0\u00a0\u00a0\u00a0\u00a0\u00a0\u00a0\u00a0\u00a0\u00a0\u00a0\u00a0\u00a0\u00a0\u00a0\u00a0\u00a0\u00a0\u00a0\u00a0\u00a0 \u00a0\u00a0\u00a0\u00a0\u00a0\u00a0\u00a0\u00a0ner<\/span><\/h6>\n<h6 style=\"text-align: center;\"><span style=\"color: #000000;\">\u00a0\u00a0\u00a0\u00a0\u00a0\u00a0\u00a0\u00a0\u00a0\u00a0\u00a0\u00a0\u00a0\u00a0\u00a0\u00a0\u00a0\u00a0\u00a0\u00a0\u00a0\u00a0\u00a0\u00a0\u00a0\u00a0\u00a0\u00a0\u00a0\u00a0\u00a0\u00a0\u00a0\u00a0\u00a0\u00a0\u00a0\u00a0\u00a0\u00a0\u00a0\u00a0\u00a0\u00a0\u00a0 nos.<br \/>\n<\/span><\/h6>\n<p style=\"text-align: right;\"><em><span style=\"color: #000000;\">Nieves Viesca<\/span><\/em><\/p>\n","protected":false},"excerpt":{"rendered":"<p>Velada Po\u00e9tico-Musical &nbsp; en el Caf\u00e9 Avenida &nbsp; A ritmo de envolvente m\u00fasica de jazz, el jueves d\u00eda 24 de agosto en \u2018El Patio\u2019 del Caf\u00e9 Avenida de Villaviciosa (Asturias), los poetas Esther Garc\u00eda, Agust\u00edn A. Biscayar y Nieves Viesca &hellip; <a href=\"https:\/\/www.nievesviesca.com\/blog\/2017\/08\/26\/ecos-de-poesia-cxvii\/\">Sigue leyendo <span class=\"meta-nav\">&rarr;<\/span><\/a><\/p>\n","protected":false},"author":1,"featured_media":0,"comment_status":"open","ping_status":"open","sticky":false,"template":"","format":"standard","meta":{"_bbp_topic_count":0,"_bbp_reply_count":0,"_bbp_total_topic_count":0,"_bbp_total_reply_count":0,"_bbp_voice_count":0,"_bbp_anonymous_reply_count":0,"_bbp_topic_count_hidden":0,"_bbp_reply_count_hidden":0,"_bbp_forum_subforum_count":0,"om_disable_all_campaigns":false,"_monsterinsights_skip_tracking":false,"_monsterinsights_sitenote_active":false,"_monsterinsights_sitenote_note":"","_monsterinsights_sitenote_category":0,"jetpack_post_was_ever_published":false,"_jetpack_newsletter_access":"","_jetpack_newsletter_tier_id":0,"footnotes":"","jetpack_publicize_message":"","jetpack_is_tweetstorm":false,"jetpack_publicize_feature_enabled":true,"jetpack_social_post_already_shared":true,"jetpack_social_options":{"image_generator_settings":{"template":"highway","enabled":false}}},"categories":[4],"tags":[],"jetpack_publicize_connections":[],"aioseo_notices":[],"jetpack_featured_media_url":"","jetpack_sharing_enabled":true,"jetpack_shortlink":"https:\/\/wp.me\/p6xI8c-1Mk","_links":{"self":[{"href":"https:\/\/www.nievesviesca.com\/blog\/wp-json\/wp\/v2\/posts\/6840"}],"collection":[{"href":"https:\/\/www.nievesviesca.com\/blog\/wp-json\/wp\/v2\/posts"}],"about":[{"href":"https:\/\/www.nievesviesca.com\/blog\/wp-json\/wp\/v2\/types\/post"}],"author":[{"embeddable":true,"href":"https:\/\/www.nievesviesca.com\/blog\/wp-json\/wp\/v2\/users\/1"}],"replies":[{"embeddable":true,"href":"https:\/\/www.nievesviesca.com\/blog\/wp-json\/wp\/v2\/comments?post=6840"}],"version-history":[{"count":57,"href":"https:\/\/www.nievesviesca.com\/blog\/wp-json\/wp\/v2\/posts\/6840\/revisions"}],"predecessor-version":[{"id":6903,"href":"https:\/\/www.nievesviesca.com\/blog\/wp-json\/wp\/v2\/posts\/6840\/revisions\/6903"}],"wp:attachment":[{"href":"https:\/\/www.nievesviesca.com\/blog\/wp-json\/wp\/v2\/media?parent=6840"}],"wp:term":[{"taxonomy":"category","embeddable":true,"href":"https:\/\/www.nievesviesca.com\/blog\/wp-json\/wp\/v2\/categories?post=6840"},{"taxonomy":"post_tag","embeddable":true,"href":"https:\/\/www.nievesviesca.com\/blog\/wp-json\/wp\/v2\/tags?post=6840"}],"curies":[{"name":"wp","href":"https:\/\/api.w.org\/{rel}","templated":true}]}}