{"id":7475,"date":"2018-01-16T22:18:16","date_gmt":"2018-01-16T21:18:16","guid":{"rendered":"http:\/\/www.nievesviesca.com\/blog\/?p=7475"},"modified":"2018-02-22T00:28:12","modified_gmt":"2018-02-21T23:28:12","slug":"ecos-de-poesia-cxxiv","status":"publish","type":"post","link":"https:\/\/www.nievesviesca.com\/blog\/2018\/01\/16\/ecos-de-poesia-cxxiv\/","title":{"rendered":"Ecos de Poes\u00eda (CXXIV)"},"content":{"rendered":"<p>&nbsp;<\/p>\n<h1 style=\"text-align: center;\"><strong><span style=\"color: #000000;\"><em>\u201cEsencial\u201d<\/em><\/span><\/strong><\/h1>\n<p><img decoding=\"async\" loading=\"lazy\" class=\"rg_ic rg_i aligncenter\" src=\"https:\/\/encrypted-tbn0.gstatic.com\/images?q=tbn:ANd9GcT8vO0wVp3iciPAdSs3n-jA1wqS8rj_ZCmIm-WDQRVST-rM_3viNg\" alt=\"Resultado de imagen de pablo garcia baena gratis\" width=\"471\" height=\"296\" name=\"_eYKhfghwMrOiM:\" data-src=\"https:\/\/encrypted-tbn0.gstatic.com\/images?q=tbn:ANd9GcT8vO0wVp3iciPAdSs3n-jA1wqS8rj_ZCmIm-WDQRVST-rM_3viNg\" \/><\/p>\n<h2><\/h2>\n<p>&nbsp;<\/p>\n<h2 style=\"text-align: center;\"><span style=\"color: #000000;\"><strong><em>Garc\u00eda Baena<\/em><\/strong><\/span><\/h2>\n<p>&nbsp;<\/p>\n<p><span style=\"color: #000000;\">C\u00f3rdoba despidi\u00f3 el lunes, 15 de enero a <strong>Pablo Garc\u00eda Baena <\/strong>ilustre poeta y uno de los fundadores del Grupo C\u00e1ntico. Hijo Predilecto de Andaluc\u00eda, entre otros muchos galardones recibi\u00f3 el Premio \u00a0Pr\u00edncipe de Asturias de las Letras en el a\u00f1o 1984.<\/span><\/p>\n<p><span style=\"color: #000000;\"><strong>Pablo Garc\u00eda Baena <\/strong>falleci\u00f3 a los 94 a\u00f1os de edad, siendo uno de los autores m\u00e1s representativos de la poes\u00eda en castellano. <strong>Teresa Sanjurjo<\/strong>, directora de la Fundaci\u00f3n Princesa de Asturias declar\u00f3 que la obra de Garc\u00eda Baeza era <\/span><em><span style=\"color: #000000;\">\u201cesencial para entender y explicar la poes\u00eda del Siglo XX, su evoluci\u00f3n, sus frutos y sus preferencias\u201d.<\/span> <\/em><\/p>\n<p><strong>\u00a0<\/strong><\/p>\n<p style=\"text-align: center;\"><span style=\"color: #000000;\"><strong><em>Bajo tu sombra quiero esperar las ma\u00f1anas fugitivas<\/em><\/strong><\/span><\/p>\n<p style=\"text-align: center;\"><span style=\"color: #000000;\"><strong><em>de frescura<\/em><\/strong><\/span><\/p>\n<p style=\"text-align: center;\"><span style=\"color: #000000;\"><strong><em>y los atardeceres largos como miradas<\/em><\/strong><\/span><\/p>\n<p style=\"text-align: center;\"><span style=\"color: #000000;\"><strong><em>cuando todo mi ser es un canto al amor,<\/em><\/strong><\/span><\/p>\n<p style=\"text-align: center;\"><span style=\"color: #000000;\"><strong><em>un c\u00e1ntico al amor entregado,<\/em><\/strong><\/span><\/p>\n<p style=\"text-align: center;\"><span style=\"color: #000000;\"><strong><em>mientras las manos se curvan sobre las espaldas desnudas<\/em><\/strong><\/span><\/p>\n<p style=\"text-align: center;\"><span style=\"color: #000000;\"><strong><em>y mis p\u00e1rpados se ti\u00f1en con el violento jacinto de la dicha.<\/em><\/strong><\/span><\/p>\n<p style=\"text-align: center;\"><span style=\"color: #000000;\"><strong><em>\u00a0<\/em><\/strong><\/span><\/p>\n<p style=\"text-align: center;\"><strong>\u00a0\u00a0\u00a0\u00a0\u00a0\u00a0\u00a0\u00a0\u00a0\u00a0\u00a0\u00a0\u00a0\u00a0\u00a0\u00a0\u00a0\u00a0\u00a0\u00a0\u00a0\u00a0\u00a0\u00a0\u00a0\u00a0\u00a0\u00a0\u00a0\u00a0\u00a0\u00a0\u00a0\u00a0\u00a0\u00a0\u00a0\u00a0\u00a0\u00a0\u00a0\u00a0\u00a0\u00a0\u00a0\u00a0\u00a0\u00a0\u00a0\u00a0\u00a0\u00a0\u00a0\u00a0\u00a0\u00a0\u00a0\u00a0\u00a0\u00a0\u00a0 De su poemario <em>\u201cJunio\u201d <\/em>(1957)<\/strong><\/p>\n<p>&nbsp;<\/p>\n","protected":false},"excerpt":{"rendered":"<p>&nbsp; \u201cEsencial\u201d &nbsp; Garc\u00eda Baena &nbsp; C\u00f3rdoba despidi\u00f3 el lunes, 15 de enero a Pablo Garc\u00eda Baena ilustre poeta y uno de los fundadores del Grupo C\u00e1ntico. Hijo Predilecto de Andaluc\u00eda, entre otros muchos galardones recibi\u00f3 el Premio \u00a0Pr\u00edncipe de &hellip; <a href=\"https:\/\/www.nievesviesca.com\/blog\/2018\/01\/16\/ecos-de-poesia-cxxiv\/\">Sigue leyendo <span class=\"meta-nav\">&rarr;<\/span><\/a><\/p>\n","protected":false},"author":1,"featured_media":0,"comment_status":"open","ping_status":"open","sticky":false,"template":"","format":"standard","meta":{"_bbp_topic_count":0,"_bbp_reply_count":0,"_bbp_total_topic_count":0,"_bbp_total_reply_count":0,"_bbp_voice_count":0,"_bbp_anonymous_reply_count":0,"_bbp_topic_count_hidden":0,"_bbp_reply_count_hidden":0,"_bbp_forum_subforum_count":0,"om_disable_all_campaigns":false,"_monsterinsights_skip_tracking":false,"_monsterinsights_sitenote_active":false,"_monsterinsights_sitenote_note":"","_monsterinsights_sitenote_category":0,"jetpack_post_was_ever_published":false,"_jetpack_newsletter_access":"","_jetpack_newsletter_tier_id":0,"footnotes":"","jetpack_publicize_message":"","jetpack_is_tweetstorm":false,"jetpack_publicize_feature_enabled":true,"jetpack_social_post_already_shared":true,"jetpack_social_options":{"image_generator_settings":{"template":"highway","enabled":false}}},"categories":[4],"tags":[],"jetpack_publicize_connections":[],"aioseo_notices":[],"jetpack_featured_media_url":"","jetpack_sharing_enabled":true,"jetpack_shortlink":"https:\/\/wp.me\/p6xI8c-1Wz","_links":{"self":[{"href":"https:\/\/www.nievesviesca.com\/blog\/wp-json\/wp\/v2\/posts\/7475"}],"collection":[{"href":"https:\/\/www.nievesviesca.com\/blog\/wp-json\/wp\/v2\/posts"}],"about":[{"href":"https:\/\/www.nievesviesca.com\/blog\/wp-json\/wp\/v2\/types\/post"}],"author":[{"embeddable":true,"href":"https:\/\/www.nievesviesca.com\/blog\/wp-json\/wp\/v2\/users\/1"}],"replies":[{"embeddable":true,"href":"https:\/\/www.nievesviesca.com\/blog\/wp-json\/wp\/v2\/comments?post=7475"}],"version-history":[{"count":6,"href":"https:\/\/www.nievesviesca.com\/blog\/wp-json\/wp\/v2\/posts\/7475\/revisions"}],"predecessor-version":[{"id":7571,"href":"https:\/\/www.nievesviesca.com\/blog\/wp-json\/wp\/v2\/posts\/7475\/revisions\/7571"}],"wp:attachment":[{"href":"https:\/\/www.nievesviesca.com\/blog\/wp-json\/wp\/v2\/media?parent=7475"}],"wp:term":[{"taxonomy":"category","embeddable":true,"href":"https:\/\/www.nievesviesca.com\/blog\/wp-json\/wp\/v2\/categories?post=7475"},{"taxonomy":"post_tag","embeddable":true,"href":"https:\/\/www.nievesviesca.com\/blog\/wp-json\/wp\/v2\/tags?post=7475"}],"curies":[{"name":"wp","href":"https:\/\/api.w.org\/{rel}","templated":true}]}}