{"id":8107,"date":"2018-09-20T20:43:52","date_gmt":"2018-09-20T18:43:52","guid":{"rendered":"http:\/\/www.nievesviesca.com\/blog\/?p=8107"},"modified":"2018-09-20T20:43:52","modified_gmt":"2018-09-20T18:43:52","slug":"ecos-de-poesia-cxxxvii","status":"publish","type":"post","link":"https:\/\/www.nievesviesca.com\/blog\/2018\/09\/20\/ecos-de-poesia-cxxxvii\/","title":{"rendered":"Ecos de Poes\u00eda (CXXXVII)"},"content":{"rendered":"<h1><\/h1>\n<h1><\/h1>\n<h1><\/h1>\n<h1 style=\"text-align: center;\"><span style=\"color: #000000;\">RECITAL PO\u00c9TICO MUSICAL<\/span><\/h1>\n<p>&nbsp;<\/p>\n<p style=\"text-align: center;\"><span style=\"color: #000000;\">Dentro del evento internacional \u201c100 MIL POETAS POR EL CAMBIO\u201d bajo el lema \u201cPor la Paz, la Sostenibilidad en el Planeta y la Justicia Social en el Mundo\u201d, el LICEO PO\u00c9TICO DE BENIDORM y la EDITORIAL ENKUADRES, presentan los poemarios incluidos en la Colecci\u00f3n Azul de Poes\u00eda: <strong>\u201cEL T\u00daNEL Y LOS D\u00cdAS\u201d<\/strong> de NIEVES VIESCA y <strong>\u201cPALABRA ESCONDIDA\u201d<\/strong> \/ \u201cHIDDEN WORD\u201d (Biling\u00fce espa\u00f1ol\/ingl\u00e9s) de JULIO PAVANETTI.<\/span><br \/>\n<span style=\"color: #000000;\">Colabora la Asociaci\u00f3n AFRATEX. Poetas del LICEO PO\u00c9TICO DE BENIDORM y poetas invitados recitar\u00e1n poemas de ambos libros acompa\u00f1ados por la guitarra del Maestro JOAQU\u00cdN BOSC\u00c1.<\/span><br \/>\n<span style=\"color: #000000;\">Los autores firmar\u00e1n ejemplares al finalizar el acto.<\/span><\/p>\n<p>&nbsp;<\/p>\n<p><a href=\"https:\/\/i0.wp.com\/www.nievesviesca.com\/blog\/wp-content\/uploads\/2018\/09\/PRESENTACION-LIBRO.jpg?ssl=1\"><img decoding=\"async\" loading=\"lazy\" class=\"aligncenter wp-image-8108\" src=\"https:\/\/i0.wp.com\/www.nievesviesca.com\/blog\/wp-content\/uploads\/2018\/09\/PRESENTACION-LIBRO.jpg?resize=551%2C735&#038;ssl=1\" alt=\"\" width=\"551\" height=\"735\" srcset=\"https:\/\/i0.wp.com\/www.nievesviesca.com\/blog\/wp-content\/uploads\/2018\/09\/PRESENTACION-LIBRO.jpg?w=720&amp;ssl=1 720w, https:\/\/i0.wp.com\/www.nievesviesca.com\/blog\/wp-content\/uploads\/2018\/09\/PRESENTACION-LIBRO.jpg?resize=225%2C300&amp;ssl=1 225w\" sizes=\"(max-width: 551px) 100vw, 551px\" data-recalc-dims=\"1\" \/><\/a><\/p>\n<p>&nbsp;<\/p>\n<p>&nbsp;<\/p>\n","protected":false},"excerpt":{"rendered":"<p>RECITAL PO\u00c9TICO MUSICAL &nbsp; Dentro del evento internacional \u201c100 MIL POETAS POR EL CAMBIO\u201d bajo el lema \u201cPor la Paz, la Sostenibilidad en el Planeta y la Justicia Social en el Mundo\u201d, el LICEO PO\u00c9TICO DE BENIDORM y la EDITORIAL &hellip; <a href=\"https:\/\/www.nievesviesca.com\/blog\/2018\/09\/20\/ecos-de-poesia-cxxxvii\/\">Sigue leyendo <span class=\"meta-nav\">&rarr;<\/span><\/a><\/p>\n","protected":false},"author":1,"featured_media":0,"comment_status":"open","ping_status":"open","sticky":false,"template":"","format":"standard","meta":{"_bbp_topic_count":0,"_bbp_reply_count":0,"_bbp_total_topic_count":0,"_bbp_total_reply_count":0,"_bbp_voice_count":0,"_bbp_anonymous_reply_count":0,"_bbp_topic_count_hidden":0,"_bbp_reply_count_hidden":0,"_bbp_forum_subforum_count":0,"om_disable_all_campaigns":false,"_monsterinsights_skip_tracking":false,"_monsterinsights_sitenote_active":false,"_monsterinsights_sitenote_note":"","_monsterinsights_sitenote_category":0,"jetpack_post_was_ever_published":false,"_jetpack_newsletter_access":"","_jetpack_newsletter_tier_id":0,"footnotes":"","jetpack_publicize_message":"","jetpack_is_tweetstorm":false,"jetpack_publicize_feature_enabled":true,"jetpack_social_post_already_shared":true,"jetpack_social_options":{"image_generator_settings":{"template":"highway","enabled":false}}},"categories":[4],"tags":[],"jetpack_publicize_connections":[],"aioseo_notices":[],"jetpack_featured_media_url":"","jetpack_sharing_enabled":true,"jetpack_shortlink":"https:\/\/wp.me\/p6xI8c-26L","_links":{"self":[{"href":"https:\/\/www.nievesviesca.com\/blog\/wp-json\/wp\/v2\/posts\/8107"}],"collection":[{"href":"https:\/\/www.nievesviesca.com\/blog\/wp-json\/wp\/v2\/posts"}],"about":[{"href":"https:\/\/www.nievesviesca.com\/blog\/wp-json\/wp\/v2\/types\/post"}],"author":[{"embeddable":true,"href":"https:\/\/www.nievesviesca.com\/blog\/wp-json\/wp\/v2\/users\/1"}],"replies":[{"embeddable":true,"href":"https:\/\/www.nievesviesca.com\/blog\/wp-json\/wp\/v2\/comments?post=8107"}],"version-history":[{"count":11,"href":"https:\/\/www.nievesviesca.com\/blog\/wp-json\/wp\/v2\/posts\/8107\/revisions"}],"predecessor-version":[{"id":8153,"href":"https:\/\/www.nievesviesca.com\/blog\/wp-json\/wp\/v2\/posts\/8107\/revisions\/8153"}],"wp:attachment":[{"href":"https:\/\/www.nievesviesca.com\/blog\/wp-json\/wp\/v2\/media?parent=8107"}],"wp:term":[{"taxonomy":"category","embeddable":true,"href":"https:\/\/www.nievesviesca.com\/blog\/wp-json\/wp\/v2\/categories?post=8107"},{"taxonomy":"post_tag","embeddable":true,"href":"https:\/\/www.nievesviesca.com\/blog\/wp-json\/wp\/v2\/tags?post=8107"}],"curies":[{"name":"wp","href":"https:\/\/api.w.org\/{rel}","templated":true}]}}