{"id":8155,"date":"2018-10-01T14:06:22","date_gmt":"2018-10-01T12:06:22","guid":{"rendered":"http:\/\/www.nievesviesca.com\/blog\/?p=8155"},"modified":"2018-10-01T14:06:22","modified_gmt":"2018-10-01T12:06:22","slug":"ecos-de-poesia-cxxxviii","status":"publish","type":"post","link":"https:\/\/www.nievesviesca.com\/blog\/2018\/10\/01\/ecos-de-poesia-cxxxviii\/","title":{"rendered":"Ecos de Poes\u00eda (CXXXVIII)"},"content":{"rendered":"<h1><\/h1>\n<p>&nbsp;<\/p>\n<h1><\/h1>\n<h1 style=\"text-align: center;\"><span style=\"color: #000000;\"><strong>E n\u00a0\u00a0 e l\u00a0\u00a0 A u d i t o r i o<\/strong><\/span><\/h1>\n<p>&nbsp;<\/p>\n<p><a href=\"https:\/\/i0.wp.com\/www.nievesviesca.com\/blog\/wp-content\/uploads\/2018\/10\/67.jpg?ssl=1\"><img decoding=\"async\" loading=\"lazy\" class=\"aligncenter  wp-image-8164\" src=\"https:\/\/i0.wp.com\/www.nievesviesca.com\/blog\/wp-content\/uploads\/2018\/10\/67.jpg?resize=584%2C267&#038;ssl=1\" alt=\"\" width=\"584\" height=\"267\" srcset=\"https:\/\/i0.wp.com\/www.nievesviesca.com\/blog\/wp-content\/uploads\/2018\/10\/67.jpg?w=864&amp;ssl=1 864w, https:\/\/i0.wp.com\/www.nievesviesca.com\/blog\/wp-content\/uploads\/2018\/10\/67.jpg?resize=300%2C137&amp;ssl=1 300w, https:\/\/i0.wp.com\/www.nievesviesca.com\/blog\/wp-content\/uploads\/2018\/10\/67.jpg?resize=768%2C351&amp;ssl=1 768w\" sizes=\"(max-width: 584px) 100vw, 584px\" data-recalc-dims=\"1\" \/><\/a><\/p>\n<p>&nbsp;<\/p>\n<h1 style=\"text-align: center;\"><span style=\"color: #000000;\"><strong>del Casal del Fester<\/strong><\/span><\/h1>\n<p style=\"text-align: center;\">\n<h1 style=\"text-align: center;\"><span style=\"color: #000000;\">Benidorm (Alicante)<\/span><\/h1>\n<p>&nbsp;<\/p>\n<p><a href=\"https:\/\/i0.wp.com\/www.nievesviesca.com\/blog\/wp-content\/uploads\/2018\/10\/20180924191938_IMG_2446.jpg?ssl=1\"><img decoding=\"async\" loading=\"lazy\" class=\"aligncenter  wp-image-8157\" src=\"https:\/\/i0.wp.com\/www.nievesviesca.com\/blog\/wp-content\/uploads\/2018\/10\/20180924191938_IMG_2446.jpg?resize=584%2C438&#038;ssl=1\" alt=\"\" width=\"584\" height=\"438\" srcset=\"https:\/\/i0.wp.com\/www.nievesviesca.com\/blog\/wp-content\/uploads\/2018\/10\/20180924191938_IMG_2446.jpg?w=1600&amp;ssl=1 1600w, https:\/\/i0.wp.com\/www.nievesviesca.com\/blog\/wp-content\/uploads\/2018\/10\/20180924191938_IMG_2446.jpg?resize=300%2C225&amp;ssl=1 300w, https:\/\/i0.wp.com\/www.nievesviesca.com\/blog\/wp-content\/uploads\/2018\/10\/20180924191938_IMG_2446.jpg?resize=768%2C576&amp;ssl=1 768w, https:\/\/i0.wp.com\/www.nievesviesca.com\/blog\/wp-content\/uploads\/2018\/10\/20180924191938_IMG_2446.jpg?resize=1024%2C768&amp;ssl=1 1024w, https:\/\/i0.wp.com\/www.nievesviesca.com\/blog\/wp-content\/uploads\/2018\/10\/20180924191938_IMG_2446.jpg?w=1168&amp;ssl=1 1168w\" sizes=\"(max-width: 584px) 100vw, 584px\" data-recalc-dims=\"1\" \/><\/a><\/p>\n<p><span style=\"color: #000000;\">Poes\u00eda y M\u00fasica se dieron cita en la tarde del 24 de septiembre con los libros de los autores Nieves Viesca (<em>El T\u00fanel y los D\u00edas<\/em>) y Julio Pavanetti (<em>Palabra Escondida\/Hidden Word<\/em>) acariciados por los acordes de guitarra del Maestro Joaqu\u00edn Bosc\u00e1 y acompa\u00f1ados por otros poetas del Liceo Po\u00e9tico de Benidorm, quienes pusieron VOZ a las voces de ambos poetas con la lectura de varios poemas de sus respectivos libros.<\/span><\/p>\n<p><a href=\"https:\/\/i0.wp.com\/www.nievesviesca.com\/blog\/wp-content\/uploads\/2018\/10\/L2.jpg?ssl=1\"><img decoding=\"async\" loading=\"lazy\" class=\"aligncenter  wp-image-8158\" src=\"https:\/\/i0.wp.com\/www.nievesviesca.com\/blog\/wp-content\/uploads\/2018\/10\/L2.jpg?resize=584%2C438&#038;ssl=1\" alt=\"\" width=\"584\" height=\"438\" srcset=\"https:\/\/i0.wp.com\/www.nievesviesca.com\/blog\/wp-content\/uploads\/2018\/10\/L2.jpg?w=1600&amp;ssl=1 1600w, https:\/\/i0.wp.com\/www.nievesviesca.com\/blog\/wp-content\/uploads\/2018\/10\/L2.jpg?resize=300%2C225&amp;ssl=1 300w, https:\/\/i0.wp.com\/www.nievesviesca.com\/blog\/wp-content\/uploads\/2018\/10\/L2.jpg?resize=768%2C576&amp;ssl=1 768w, https:\/\/i0.wp.com\/www.nievesviesca.com\/blog\/wp-content\/uploads\/2018\/10\/L2.jpg?resize=1024%2C768&amp;ssl=1 1024w, https:\/\/i0.wp.com\/www.nievesviesca.com\/blog\/wp-content\/uploads\/2018\/10\/L2.jpg?w=1168&amp;ssl=1 1168w\" sizes=\"(max-width: 584px) 100vw, 584px\" data-recalc-dims=\"1\" \/><\/a><\/p>\n<p><span style=\"color: #000000;\">Acompa\u00f1ados por numeroso p\u00fablico, al acto asisti\u00f3 la Presidenta y miembros de la Asociaci\u00f3n Cultural AFRATEX, sumando as\u00ed versos, emoci\u00f3n y vida en el mundialmente conocido recital Po\u00e9tico-Musical \u201c100.000 Poetas por el Cambio\u201d.<\/span><\/p>\n<p><a href=\"https:\/\/i0.wp.com\/www.nievesviesca.com\/blog\/wp-content\/uploads\/2018\/10\/L1.jpg?ssl=1\"><img decoding=\"async\" loading=\"lazy\" class=\"aligncenter  wp-image-8159\" src=\"https:\/\/i0.wp.com\/www.nievesviesca.com\/blog\/wp-content\/uploads\/2018\/10\/L1.jpg?resize=584%2C325&#038;ssl=1\" alt=\"\" width=\"584\" height=\"325\" srcset=\"https:\/\/i0.wp.com\/www.nievesviesca.com\/blog\/wp-content\/uploads\/2018\/10\/L1.jpg?w=1600&amp;ssl=1 1600w, https:\/\/i0.wp.com\/www.nievesviesca.com\/blog\/wp-content\/uploads\/2018\/10\/L1.jpg?resize=300%2C167&amp;ssl=1 300w, https:\/\/i0.wp.com\/www.nievesviesca.com\/blog\/wp-content\/uploads\/2018\/10\/L1.jpg?resize=768%2C428&amp;ssl=1 768w, https:\/\/i0.wp.com\/www.nievesviesca.com\/blog\/wp-content\/uploads\/2018\/10\/L1.jpg?resize=1024%2C570&amp;ssl=1 1024w, https:\/\/i0.wp.com\/www.nievesviesca.com\/blog\/wp-content\/uploads\/2018\/10\/L1.jpg?w=1168&amp;ssl=1 1168w\" sizes=\"(max-width: 584px) 100vw, 584px\" data-recalc-dims=\"1\" \/><\/a><\/p>\n<p><a href=\"https:\/\/i0.wp.com\/www.nievesviesca.com\/blog\/wp-content\/uploads\/2018\/10\/L3-1.jpg?ssl=1\"><img decoding=\"async\" loading=\"lazy\" class=\"aligncenter  wp-image-8166\" src=\"https:\/\/i0.wp.com\/www.nievesviesca.com\/blog\/wp-content\/uploads\/2018\/10\/L3-1.jpg?resize=584%2C455&#038;ssl=1\" alt=\"\" width=\"584\" height=\"455\" srcset=\"https:\/\/i0.wp.com\/www.nievesviesca.com\/blog\/wp-content\/uploads\/2018\/10\/L3-1.jpg?w=1600&amp;ssl=1 1600w, https:\/\/i0.wp.com\/www.nievesviesca.com\/blog\/wp-content\/uploads\/2018\/10\/L3-1.jpg?resize=300%2C234&amp;ssl=1 300w, https:\/\/i0.wp.com\/www.nievesviesca.com\/blog\/wp-content\/uploads\/2018\/10\/L3-1.jpg?resize=768%2C599&amp;ssl=1 768w, https:\/\/i0.wp.com\/www.nievesviesca.com\/blog\/wp-content\/uploads\/2018\/10\/L3-1.jpg?resize=1024%2C799&amp;ssl=1 1024w, https:\/\/i0.wp.com\/www.nievesviesca.com\/blog\/wp-content\/uploads\/2018\/10\/L3-1.jpg?w=1168&amp;ssl=1 1168w\" sizes=\"(max-width: 584px) 100vw, 584px\" data-recalc-dims=\"1\" \/><\/a><\/p>\n","protected":false},"excerpt":{"rendered":"<p>&nbsp; E n\u00a0\u00a0 e l\u00a0\u00a0 A u d i t o r i o &nbsp; &nbsp; del Casal del Fester Benidorm (Alicante) &nbsp; Poes\u00eda y M\u00fasica se dieron cita en la tarde del 24 de septiembre con los libros de &hellip; <a href=\"https:\/\/www.nievesviesca.com\/blog\/2018\/10\/01\/ecos-de-poesia-cxxxviii\/\">Sigue leyendo <span class=\"meta-nav\">&rarr;<\/span><\/a><\/p>\n","protected":false},"author":1,"featured_media":0,"comment_status":"open","ping_status":"open","sticky":false,"template":"","format":"standard","meta":{"_bbp_topic_count":0,"_bbp_reply_count":0,"_bbp_total_topic_count":0,"_bbp_total_reply_count":0,"_bbp_voice_count":0,"_bbp_anonymous_reply_count":0,"_bbp_topic_count_hidden":0,"_bbp_reply_count_hidden":0,"_bbp_forum_subforum_count":0,"om_disable_all_campaigns":false,"_monsterinsights_skip_tracking":false,"_monsterinsights_sitenote_active":false,"_monsterinsights_sitenote_note":"","_monsterinsights_sitenote_category":0,"jetpack_post_was_ever_published":false,"_jetpack_newsletter_access":"","_jetpack_newsletter_tier_id":0,"footnotes":"","jetpack_publicize_message":"","jetpack_is_tweetstorm":false,"jetpack_publicize_feature_enabled":true,"jetpack_social_post_already_shared":true,"jetpack_social_options":{"image_generator_settings":{"template":"highway","enabled":false}}},"categories":[4],"tags":[],"jetpack_publicize_connections":[],"aioseo_notices":[],"jetpack_featured_media_url":"","jetpack_sharing_enabled":true,"jetpack_shortlink":"https:\/\/wp.me\/p6xI8c-27x","_links":{"self":[{"href":"https:\/\/www.nievesviesca.com\/blog\/wp-json\/wp\/v2\/posts\/8155"}],"collection":[{"href":"https:\/\/www.nievesviesca.com\/blog\/wp-json\/wp\/v2\/posts"}],"about":[{"href":"https:\/\/www.nievesviesca.com\/blog\/wp-json\/wp\/v2\/types\/post"}],"author":[{"embeddable":true,"href":"https:\/\/www.nievesviesca.com\/blog\/wp-json\/wp\/v2\/users\/1"}],"replies":[{"embeddable":true,"href":"https:\/\/www.nievesviesca.com\/blog\/wp-json\/wp\/v2\/comments?post=8155"}],"version-history":[{"count":9,"href":"https:\/\/www.nievesviesca.com\/blog\/wp-json\/wp\/v2\/posts\/8155\/revisions"}],"predecessor-version":[{"id":8171,"href":"https:\/\/www.nievesviesca.com\/blog\/wp-json\/wp\/v2\/posts\/8155\/revisions\/8171"}],"wp:attachment":[{"href":"https:\/\/www.nievesviesca.com\/blog\/wp-json\/wp\/v2\/media?parent=8155"}],"wp:term":[{"taxonomy":"category","embeddable":true,"href":"https:\/\/www.nievesviesca.com\/blog\/wp-json\/wp\/v2\/categories?post=8155"},{"taxonomy":"post_tag","embeddable":true,"href":"https:\/\/www.nievesviesca.com\/blog\/wp-json\/wp\/v2\/tags?post=8155"}],"curies":[{"name":"wp","href":"https:\/\/api.w.org\/{rel}","templated":true}]}}