{"id":8223,"date":"2018-11-04T18:25:58","date_gmt":"2018-11-04T17:25:58","guid":{"rendered":"http:\/\/www.nievesviesca.com\/blog\/?p=8223"},"modified":"2018-11-04T20:19:57","modified_gmt":"2018-11-04T19:19:57","slug":"ecos-de-poesia-cxl-2","status":"publish","type":"post","link":"https:\/\/www.nievesviesca.com\/blog\/2018\/11\/04\/ecos-de-poesia-cxl-2\/","title":{"rendered":"Ecos de Poes\u00eda (CXL)"},"content":{"rendered":"<h4><\/h4>\n<h5><a href=\"https:\/\/i0.wp.com\/www.nievesviesca.com\/blog\/wp-content\/uploads\/2018\/10\/espejo.jpg?ssl=1\"><img decoding=\"async\" loading=\"lazy\" class=\"aligncenter wp-image-8250\" src=\"https:\/\/i0.wp.com\/www.nievesviesca.com\/blog\/wp-content\/uploads\/2018\/10\/espejo.jpg?resize=469%2C704&#038;ssl=1\" alt=\"\" width=\"469\" height=\"704\" srcset=\"https:\/\/i0.wp.com\/www.nievesviesca.com\/blog\/wp-content\/uploads\/2018\/10\/espejo.jpg?w=500&amp;ssl=1 500w, https:\/\/i0.wp.com\/www.nievesviesca.com\/blog\/wp-content\/uploads\/2018\/10\/espejo.jpg?resize=200%2C300&amp;ssl=1 200w\" sizes=\"(max-width: 469px) 100vw, 469px\" data-recalc-dims=\"1\" \/><\/a><\/h5>\n<p>&nbsp;<\/p>\n<h2><\/h2>\n<h2><\/h2>\n<h2><\/h2>\n<h1 style=\"text-align: center;\"><span style=\"color: #000000;\">Mi\u00e9rcoles, 7 de noviembre.- 19,30 horas<\/span><\/h1>\n<p>&nbsp;<\/p>\n<h2><\/h2>\n<h2 style=\"text-align: center;\"><span style=\"color: #0000ff;\"><a href=\"https:\/\/www.casinomediterraneo.es\/casino-alicante\/\"><span style=\"color: #0000ff;\"> En Casino Mediterr\u00e1neo de Alicante<\/span><\/a> <\/span><\/h2>\n<p>&nbsp;<\/p>\n<h5><\/h5>\n<h5><span style=\"color: #000000;\">Presentaci\u00f3n del libro <strong>\u201cEL T\u00daNEL Y LOS D\u00cdAS\u201d<\/strong>, de nuestra socia <b>NIEVES VIESCA<\/b>, que se desplaza desde Gij\u00f3n. La autora presentar\u00e1 su libro y estar\u00e1 acompa\u00f1ada por poetas de Espejo de Alicante, que recitar\u00e1n sus <\/span><span style=\"color: #000000;\">poemas.<\/span><\/h5>\n<p>&nbsp;<\/p>\n<h3 style=\"text-align: center;\"><span style=\"color: #000000;\">\u00a0<u>Conduce el acto: <\/u><b><a href=\"https:\/\/www.facebook.com\/joseantonio.asensioflorenciano?ref=br_rs\"><span style=\"color: #0000ff;\">Jos\u00e9 A. Asensio<\/span><\/a><\/b><\/span><\/h3>\n<p>&nbsp;<\/p>\n<h3 style=\"text-align: center;\"><span style=\"color: #000000;\"><u>Interviene:<\/u>\u00a0\u00a0 <b><a href=\"https:\/\/www.facebook.com\/profile.php?id=100009020547881&amp;fref=pb&amp;hc_location=friends_tab\"><span style=\"color: #0000ff;\">Consuelo Giner<\/span><\/a><\/b><\/span><\/h3>\n<p>&nbsp;<\/p>\n<h3><span style=\"color: #000000;\">Recitan:<span style=\"color: #0000ff;\"><b><a style=\"color: #0000ff;\" href=\"https:\/\/www.facebook.com\/ana.sauraayen?fref=pb&amp;hc_location=friends_tab\"> Ana Ay\u00e9n<\/a>, <a style=\"color: #0000ff;\" href=\"https:\/\/www.facebook.com\/maravillas.canomartinez\">Maravillas Cano<\/a>,<a style=\"color: #0000ff;\" href=\"https:\/\/www.facebook.com\/profile.php?id=100010800314648\"> Cecilia Cantos<\/a>, <a style=\"color: #0000ff;\" href=\"https:\/\/www.facebook.com\/teresa.ciagomez?ref=br_rs\">Teresa C\u00eda<\/a>, <a style=\"color: #0000ff;\" href=\"https:\/\/www.facebook.com\/paqui.lopez.75436\">Paqui L\u00f3pez<\/a>, <a style=\"color: #0000ff;\" href=\"https:\/\/www.facebook.com\/profile.php?id=100009090252479\">Pilar L\u00f3pez<\/a> y <a style=\"color: #0000ff;\" href=\"https:\/\/www.facebook.com\/mariateresa.rodriguez.501?fref=pb&amp;hc_location=friends_tab\">Mar\u00eda Teresa Rodr\u00edguez<\/a>.<\/b><\/span><\/span><\/h3>\n<p>&nbsp;<\/p>\n<p>&nbsp;<\/p>\n","protected":false},"excerpt":{"rendered":"<p>&nbsp; Mi\u00e9rcoles, 7 de noviembre.- 19,30 horas &nbsp; En Casino Mediterr\u00e1neo de Alicante &nbsp; Presentaci\u00f3n del libro \u201cEL T\u00daNEL Y LOS D\u00cdAS\u201d, de nuestra socia NIEVES VIESCA, que se desplaza desde Gij\u00f3n. La autora presentar\u00e1 su libro y estar\u00e1 acompa\u00f1ada &hellip; <a href=\"https:\/\/www.nievesviesca.com\/blog\/2018\/11\/04\/ecos-de-poesia-cxl-2\/\">Sigue leyendo <span class=\"meta-nav\">&rarr;<\/span><\/a><\/p>\n","protected":false},"author":1,"featured_media":0,"comment_status":"open","ping_status":"open","sticky":false,"template":"","format":"standard","meta":{"_bbp_topic_count":0,"_bbp_reply_count":0,"_bbp_total_topic_count":0,"_bbp_total_reply_count":0,"_bbp_voice_count":0,"_bbp_anonymous_reply_count":0,"_bbp_topic_count_hidden":0,"_bbp_reply_count_hidden":0,"_bbp_forum_subforum_count":0,"om_disable_all_campaigns":false,"_monsterinsights_skip_tracking":false,"_monsterinsights_sitenote_active":false,"_monsterinsights_sitenote_note":"","_monsterinsights_sitenote_category":0,"jetpack_post_was_ever_published":false,"_jetpack_newsletter_access":"","_jetpack_newsletter_tier_id":0,"footnotes":"","jetpack_publicize_message":"","jetpack_is_tweetstorm":false,"jetpack_publicize_feature_enabled":true,"jetpack_social_post_already_shared":true,"jetpack_social_options":{"image_generator_settings":{"template":"highway","enabled":false}}},"categories":[4],"tags":[],"jetpack_publicize_connections":[],"aioseo_notices":[],"jetpack_featured_media_url":"","jetpack_sharing_enabled":true,"jetpack_shortlink":"https:\/\/wp.me\/p6xI8c-28D","_links":{"self":[{"href":"https:\/\/www.nievesviesca.com\/blog\/wp-json\/wp\/v2\/posts\/8223"}],"collection":[{"href":"https:\/\/www.nievesviesca.com\/blog\/wp-json\/wp\/v2\/posts"}],"about":[{"href":"https:\/\/www.nievesviesca.com\/blog\/wp-json\/wp\/v2\/types\/post"}],"author":[{"embeddable":true,"href":"https:\/\/www.nievesviesca.com\/blog\/wp-json\/wp\/v2\/users\/1"}],"replies":[{"embeddable":true,"href":"https:\/\/www.nievesviesca.com\/blog\/wp-json\/wp\/v2\/comments?post=8223"}],"version-history":[{"count":51,"href":"https:\/\/www.nievesviesca.com\/blog\/wp-json\/wp\/v2\/posts\/8223\/revisions"}],"predecessor-version":[{"id":8296,"href":"https:\/\/www.nievesviesca.com\/blog\/wp-json\/wp\/v2\/posts\/8223\/revisions\/8296"}],"wp:attachment":[{"href":"https:\/\/www.nievesviesca.com\/blog\/wp-json\/wp\/v2\/media?parent=8223"}],"wp:term":[{"taxonomy":"category","embeddable":true,"href":"https:\/\/www.nievesviesca.com\/blog\/wp-json\/wp\/v2\/categories?post=8223"},{"taxonomy":"post_tag","embeddable":true,"href":"https:\/\/www.nievesviesca.com\/blog\/wp-json\/wp\/v2\/tags?post=8223"}],"curies":[{"name":"wp","href":"https:\/\/api.w.org\/{rel}","templated":true}]}}