{"id":8544,"date":"2019-01-24T19:41:36","date_gmt":"2019-01-24T18:41:36","guid":{"rendered":"http:\/\/www.nievesviesca.com\/blog\/?p=8544"},"modified":"2019-02-01T18:15:37","modified_gmt":"2019-02-01T17:15:37","slug":"ecos-de-poesia-cxlii","status":"publish","type":"post","link":"https:\/\/www.nievesviesca.com\/blog\/2019\/01\/24\/ecos-de-poesia-cxlii\/","title":{"rendered":"Ecos de Poes\u00eda (CXLII)"},"content":{"rendered":"\r\n<p style=\"text-align: center;\">\u00a0<\/p>\r\n\r\n<p>&nbsp;<\/p>\r\n<h1 style=\"text-align: center;\"><span style=\"color: #ff0000;\">ATENEO JOVELLANOS DE GIJ\u00d3N<\/span><\/h1>\r\n<h2>\u00a0<\/h2>\r\n<h2 style=\"text-align: center;\"><span style=\"color: #000000;\">Martes 29 de enero a las 19:30h<\/span><\/h2>\r\n<p>&nbsp;<\/p>\r\n<h2 style=\"text-align: center;\"><span style=\"color: #000000;\">M\u00daSICA, VERSOS\u00a0 Y PINCELADAS<\/span><\/h2>\r\n<p>&nbsp;<\/p>\r\n<p><a href=\"https:\/\/i0.wp.com\/www.nievesviesca.com\/blog\/wp-content\/uploads\/2019\/01\/MISICA-VERSOS-Y-PINCELADAS.jpg?ssl=1\"><img decoding=\"async\" loading=\"lazy\" class=\" wp-image-8592 alignright\" src=\"https:\/\/i0.wp.com\/www.nievesviesca.com\/blog\/wp-content\/uploads\/2019\/01\/MISICA-VERSOS-Y-PINCELADAS.jpg?resize=257%2C202&#038;ssl=1\" alt=\"\" width=\"257\" height=\"202\" data-recalc-dims=\"1\" \/><\/a><\/p>\r\n<p><strong><span style=\"color: #ff0000;\">Coordinada por las poetas D\u00aa CRISTINA \u00c1LVAREZ DE CIENFUEGOS y\u00a0 D\u00aa NIEVES VIESCA.\u00a0<\/span><span style=\"color: #ff0000;\">A las 19,30h en la sede del Ateneo Jovellanos (2\u00aa planta).<\/span><\/strong><\/p>\r\n<p style=\"text-align: center;\">\u00a0<\/p>\r\n<p><span style=\"color: #000000;\">A trav\u00e9s de esta actividad se pondr\u00e1 al alcance del p\u00fablico la fusi\u00f3n de varias disciplinas dentro del mundo de la creaci\u00f3n y el arte, como son la pintura, la poes\u00eda, la fotograf\u00eda y la m\u00fasica. Apoyadas en un trabajo de realismo edificante y saber hacer. Los objetivos ser\u00edan la difusi\u00f3n de la cultura con el engranaje de conseguir una valiosa armon\u00eda multidisciplinar.El arte de las letras a trav\u00e9s de la poes\u00eda o prosa po\u00e9tica, la pedagog\u00eda que los artistas pintores o fot\u00f3grafos nos desprender\u00edan al acercarnos de primer\u00edsima mano sus lenguajes pict\u00f3ricos y encuadres fotogr\u00e1ficos, as\u00ed como el gratificante fluir de las notas musicales al o\u00eddo\u2026 har\u00e1n de cada sesi\u00f3n un objeto de honda y m\u00faltiple cultura a la par que amena reflexi\u00f3n.En esta sesi\u00f3n participan los poetas <span style=\"color: #ff0000;\"><strong>D. JOSE MARCELINO GARC\u00cdA FERN\u00c1NDEZ-LUANCO<\/strong> y <strong>D\u00aa ESMERALDA S\u00c1NCHEZ<\/strong><\/span> junto con el pintor <span style=\"color: #ff0000;\"><strong>D.JES\u00daS GALLEGO,<\/strong><\/span> la violinista<span style=\"color: #ff0000;\"><strong> D\u00aa MAR\u00cdA COTARELO GARC\u00cdA<\/strong><span style=\"color: #000000;\"> y<\/span><strong> D\u00aa<\/strong> <strong>SOF\u00cdA D\u00cdEZ<\/strong><span style=\"color: #000000;\"> a la viola.<\/span><\/span> A los asistentes se les regalar\u00e1 un poemario de los premiados por el Ateneo.<\/span><\/p>\r\n<p>&nbsp;<\/p>\r\n<p><span style=\"color: #0000ff;\"><a style=\"color: #0000ff;\" href=\"https:\/\/www.elateneo.es\/noticias\/show\/2019-01-29\"><strong>(Leer m\u00e1s&#8230;Ateneo Jovellanos de Gij\u00f3n)<\/strong><\/a><\/span><\/p>\r\n<p><!--StartFragment--><\/p>\r\n\r\n<p>&nbsp;<\/p>\r\n\r\n\r\n\r\n<p>&nbsp;<\/p>\r\n","protected":false},"excerpt":{"rendered":"<p>\u00a0 &nbsp; ATENEO JOVELLANOS DE GIJ\u00d3N \u00a0 Martes 29 de enero a las 19:30h &nbsp; M\u00daSICA, VERSOS\u00a0 Y PINCELADAS &nbsp; Coordinada por las poetas D\u00aa CRISTINA \u00c1LVAREZ DE CIENFUEGOS y\u00a0 D\u00aa NIEVES VIESCA.\u00a0A las 19,30h en la sede del Ateneo &hellip; <a href=\"https:\/\/www.nievesviesca.com\/blog\/2019\/01\/24\/ecos-de-poesia-cxlii\/\">Sigue leyendo <span class=\"meta-nav\">&rarr;<\/span><\/a><\/p>\n","protected":false},"author":1,"featured_media":0,"comment_status":"open","ping_status":"open","sticky":false,"template":"","format":"standard","meta":{"_bbp_topic_count":0,"_bbp_reply_count":0,"_bbp_total_topic_count":0,"_bbp_total_reply_count":0,"_bbp_voice_count":0,"_bbp_anonymous_reply_count":0,"_bbp_topic_count_hidden":0,"_bbp_reply_count_hidden":0,"_bbp_forum_subforum_count":0,"om_disable_all_campaigns":false,"_monsterinsights_skip_tracking":false,"_monsterinsights_sitenote_active":false,"_monsterinsights_sitenote_note":"","_monsterinsights_sitenote_category":0,"jetpack_post_was_ever_published":false,"_jetpack_newsletter_access":"","_jetpack_newsletter_tier_id":0,"footnotes":"","jetpack_publicize_message":"","jetpack_is_tweetstorm":false,"jetpack_publicize_feature_enabled":true,"jetpack_social_post_already_shared":true,"jetpack_social_options":{"image_generator_settings":{"template":"highway","enabled":false}}},"categories":[4],"tags":[],"jetpack_publicize_connections":[],"aioseo_notices":[],"jetpack_featured_media_url":"","jetpack_sharing_enabled":true,"jetpack_shortlink":"https:\/\/wp.me\/p6xI8c-2dO","_links":{"self":[{"href":"https:\/\/www.nievesviesca.com\/blog\/wp-json\/wp\/v2\/posts\/8544"}],"collection":[{"href":"https:\/\/www.nievesviesca.com\/blog\/wp-json\/wp\/v2\/posts"}],"about":[{"href":"https:\/\/www.nievesviesca.com\/blog\/wp-json\/wp\/v2\/types\/post"}],"author":[{"embeddable":true,"href":"https:\/\/www.nievesviesca.com\/blog\/wp-json\/wp\/v2\/users\/1"}],"replies":[{"embeddable":true,"href":"https:\/\/www.nievesviesca.com\/blog\/wp-json\/wp\/v2\/comments?post=8544"}],"version-history":[{"count":48,"href":"https:\/\/www.nievesviesca.com\/blog\/wp-json\/wp\/v2\/posts\/8544\/revisions"}],"predecessor-version":[{"id":8607,"href":"https:\/\/www.nievesviesca.com\/blog\/wp-json\/wp\/v2\/posts\/8544\/revisions\/8607"}],"wp:attachment":[{"href":"https:\/\/www.nievesviesca.com\/blog\/wp-json\/wp\/v2\/media?parent=8544"}],"wp:term":[{"taxonomy":"category","embeddable":true,"href":"https:\/\/www.nievesviesca.com\/blog\/wp-json\/wp\/v2\/categories?post=8544"},{"taxonomy":"post_tag","embeddable":true,"href":"https:\/\/www.nievesviesca.com\/blog\/wp-json\/wp\/v2\/tags?post=8544"}],"curies":[{"name":"wp","href":"https:\/\/api.w.org\/{rel}","templated":true}]}}